{"id":41805,"date":"2021-01-18T21:10:40","date_gmt":"2021-01-18T21:10:40","guid":{"rendered":"https:\/\/jorgezanoni.com.br\/2019\/?p=41805"},"modified":"2021-01-18T21:10:40","modified_gmt":"2021-01-18T21:10:40","slug":"inscricoes-abertas-para-receber-transferencias-externas-para-o-curso-de-medicina-da-unifadra-fundec-dracena","status":"publish","type":"post","link":"https:\/\/jorgezanoni.com.br\/2019\/inscricoes-abertas-para-receber-transferencias-externas-para-o-curso-de-medicina-da-unifadra-fundec-dracena\/","title":{"rendered":"Inscri\u00e7\u00f5es abertas para receber transfer\u00eancias externas para o curso de Medicina da Unifadra\/Fundec Dracena"},"content":{"rendered":"<p dir=\"ltr\" style=\"text-align: justify;\">A Faculdade Unifadra\/Fundec est\u00e1 com as inscri\u00e7\u00f5es abertas para receber transfer\u00eancias externas para o 3\u00ba, 5\u00ba e 7\u00ba semestres do curso de Medicina. As inscri\u00e7\u00f5es para esse processo seletivo poder\u00e3o ser feitas at\u00e9 o dia 22 de fevereiro, pelo site <a href=\"http:\/\/www.fundec.edu.br\/\" target=\"_blank\" rel=\"noopener noreferrer\">www.fundec.edu.br<\/a>.<\/p>\n<p dir=\"ltr\" style=\"text-align: justify;\">O diretor acad\u00eamico da Unifadra Prof. Dr. Enio Garbelini explicou que poder\u00e3o inscrever-se no processo seletivo de transfer\u00eancia alunos regularmente matriculados em curso de gradua\u00e7\u00e3o em Medicina de Institui\u00e7\u00f5es de Ensino Superior brasileiras reconhecidas pelo MEC ou pelos Conselhos Estaduais de Educa\u00e7\u00e3o.<\/p>\n<p dir=\"ltr\" style=\"text-align: justify;\">Garbelini destacou que os candidatos ter\u00e3o que, al\u00e9m de efetuar a inscri\u00e7\u00e3o pelo site, enviar os documentos exigidos que constam no edital. Este processo seletivo ser\u00e1 exclusivamente por an\u00e1lise de curr\u00edculo. O resultado final ser\u00e1 divulgado no dia 02\/02\/2021, ap\u00f3s an\u00e1lise curricular.<\/p>\n<p dir=\"ltr\" style=\"text-align: justify;\">As matr\u00edculas para os aprovados no processo seletivo de transfer\u00eancia dever\u00e3o ser feitas de 03 a 10 de fevereiro. Edital e informa\u00e7\u00f5es no site: <a href=\"http:\/\/www.fundec.edu.br\/unifadra\" target=\"_blank\" rel=\"noopener noreferrer\">www.fundec.edu.br\/unifadra<\/a>\u00a0<span id=\"gmail-docs-internal-guid-6dc3d90b-7fff-b180-376f-9a91ce3378bd\"><\/span><\/p>\n<div class=\"gmail_signature\" dir=\"ltr\">\n<div dir=\"ltr\" style=\"text-align: justify;\">Carolina Colnago<br \/>\nAssistente de Comunica\u00e7\u00e3o<br \/>\nFunda\u00e7\u00e3o Dracenense de Educa\u00e7\u00e3o e Cultura<\/div>\n<\/div>\n","protected":false},"excerpt":{"rendered":"<p>A Faculdade Unifadra\/Fundec est\u00e1 com as inscri\u00e7\u00f5es abertas para receber transfer\u00eancias externas para o 3\u00ba, 5\u00ba e 7\u00ba semestres do curso de Medicina. As inscri\u00e7\u00f5es para esse processo seletivo poder\u00e3o ser feitas at\u00e9 o dia 22 de fevereiro, pelo site www.fundec.edu.br. O diretor acad\u00eamico da Unifadra Prof. Dr. Enio Garbelini explicou que poder\u00e3o inscrever-se no [&hellip;]<\/p>\n","protected":false},"author":1,"featured_media":41806,"comment_status":"closed","ping_status":"open","sticky":false,"template":"","format":"standard","meta":{"footnotes":""},"categories":[110,122],"tags":[],"class_list":["post-41805","post","type-post","status-publish","format-standard","has-post-thumbnail","hentry","category-noticiasdestaque","category-saudeeducacaoeconcurso"],"_links":{"self":[{"href":"https:\/\/jorgezanoni.com.br\/2019\/wp-json\/wp\/v2\/posts\/41805","targetHints":{"allow":["GET"]}}],"collection":[{"href":"https:\/\/jorgezanoni.com.br\/2019\/wp-json\/wp\/v2\/posts"}],"about":[{"href":"https:\/\/jorgezanoni.com.br\/2019\/wp-json\/wp\/v2\/types\/post"}],"author":[{"embeddable":true,"href":"https:\/\/jorgezanoni.com.br\/2019\/wp-json\/wp\/v2\/users\/1"}],"replies":[{"embeddable":true,"href":"https:\/\/jorgezanoni.com.br\/2019\/wp-json\/wp\/v2\/comments?post=41805"}],"version-history":[{"count":0,"href":"https:\/\/jorgezanoni.com.br\/2019\/wp-json\/wp\/v2\/posts\/41805\/revisions"}],"wp:featuredmedia":[{"embeddable":true,"href":"https:\/\/jorgezanoni.com.br\/2019\/wp-json\/wp\/v2\/media\/41806"}],"wp:attachment":[{"href":"https:\/\/jorgezanoni.com.br\/2019\/wp-json\/wp\/v2\/media?parent=41805"}],"wp:term":[{"taxonomy":"category","embeddable":true,"href":"https:\/\/jorgezanoni.com.br\/2019\/wp-json\/wp\/v2\/categories?post=41805"},{"taxonomy":"post_tag","embeddable":true,"href":"https:\/\/jorgezanoni.com.br\/2019\/wp-json\/wp\/v2\/tags?post=41805"}],"curies":[{"name":"wp","href":"https:\/\/api.w.org\/{rel}","templated":true}]}}