{"id":4178,"date":"2019-08-20T12:34:17","date_gmt":"2019-08-20T12:34:17","guid":{"rendered":"https:\/\/jorgezanoni.com.br\/2019\/?p=4178"},"modified":"2019-08-20T12:34:17","modified_gmt":"2019-08-20T12:34:17","slug":"sequestrador-de-onibus-na-ponte-rio-niteroi-e-morto-foram-tres-horas-e-meia-de-cerco","status":"publish","type":"post","link":"https:\/\/jorgezanoni.com.br\/2019\/sequestrador-de-onibus-na-ponte-rio-niteroi-e-morto-foram-tres-horas-e-meia-de-cerco\/","title":{"rendered":"Sequestrador de \u00f4nibus na Ponte Rio-Niter\u00f3i \u00e9 morto; foram tr\u00eas horas e meia de cerco"},"content":{"rendered":"<h2 class=\"content-head__subtitle\" style=\"text-align: justify;\"><strong>Ainda n\u00e3o se sabe qual foi a motiva\u00e7\u00e3o do criminoso, que amea\u00e7ava colocar fogo no ve\u00edculo. Ele fez 37 ref\u00e9ns.<\/strong><\/h2>\n<div class=\"mc-column content-text active-extra-styles \" style=\"text-align: justify;\" data-block-type=\"unstyled\" data-block-weight=\"41\" data-block-id=\"2\">\n<p class=\"content-text__container \" data-track-category=\"Link no Texto\" data-track-links=\"\">Um criminoso fez 37 ref\u00e9ns dentro de um \u00f4nibus por tr\u00eas horas e meia &#8211; a maior parte na Ponte Rio-Niter\u00f3i &#8211; nesta ter\u00e7a-feira (20). \u00c0s 9h04, o criminoso foi baleado por um atirador de elite ao descer do coletivo.<\/p>\n<\/div>\n<div class=\"wall protected-content\">\n<div class=\"mc-column content-text active-extra-styles \" style=\"text-align: justify;\" data-block-type=\"unstyled\" data-block-weight=\"25\" data-block-id=\"3\">\n<p class=\"content-text__container \" data-track-category=\"Link no Texto\" data-track-links=\"\">\u00c0s 9h18,\u00a0<a href=\"https:\/\/g1.globo.com\/rj\/rio-de-janeiro\/noticia\/2019\/08\/20\/tiros-sao-ouvidos-em-sequestro-a-onibus-na-ponte-rio-niteroi.ghtml\">a PM afirmou que o sequestrador estava morto<\/a>\u00a0e que todos os ref\u00e9ns passavam bem. A arma que ele portava era de brinquedo.<\/p>\n<\/div>\n<div class=\"mc-column content-text active-extra-styles \" style=\"text-align: justify;\" data-block-type=\"unstyled\" data-block-weight=\"34\" data-block-id=\"4\">\n<p class=\"content-text__container \" data-track-category=\"Link no Texto\" data-track-links=\"\">O bandido anunciara o sequestro \u00e0s 5h25. Meia hora depois, j\u00e1 na Ponte, ele ordenou ao condutor para atravessar o ve\u00edculo na pista sentido Rio. Seis pessoas foram libertadas ao longo das negocia\u00e7\u00f5es.<\/p>\n<\/div>\n<div class=\"mc-column content-text active-extra-styles \" style=\"text-align: justify;\" data-block-type=\"unstyled\" data-block-weight=\"18\" data-block-id=\"5\">\n<p class=\"content-text__container \" data-track-category=\"Link no Texto\" data-track-links=\"\">O tr\u00e2nsito para o Rio est\u00e1 fechado desde as 6h. \u00c0s 7h20, tamb\u00e9m foi interditada a pista oposta.<\/p>\n<\/div>\n<div class=\"mc-column content-text active-extra-styles \" style=\"text-align: justify;\" data-block-type=\"unstyled\" data-block-weight=\"17\" data-block-id=\"6\">\n<p class=\"content-text__container \" data-track-category=\"Link no Texto\" data-track-links=\"\">N\u00e3o se sabe a motiva\u00e7\u00e3o do sequestrador, mas a PM considera que a a\u00e7\u00e3o foi premeditada.<\/p>\n<\/div>\n<div class=\"mc-column content-text active-extra-styles\" data-block-type=\"raw\" data-block-weight=\"17\" data-block-id=\"7\">\n<ul class=\"content-unordered-list\" style=\"text-align: justify;\">\n<li><a href=\"https:\/\/g1.globo.com\/rj\/rio-de-janeiro\/ao-vivo\/refens-onibus-ponte-rio-niteroi.ghtml\">ACOMPANHE A COBERTURA AO VIVO<\/a><\/li>\n<li><a href=\"https:\/\/g1.globo.com\/rj\/rio-de-janeiro\/playlist\/homem-armado-ameaca-passageiros-na-ponte-rio-niteroi.ghtml\">ASSISTA A TODOS OS V\u00cdDEOS DA A\u00c7\u00c3O<\/a><\/li>\n<li><a href=\"https:\/\/g1.globo.com\/rj\/rio-de-janeiro\/noticia\/2019\/08\/20\/sequestro-de-onibus-na-ponte-causa-congestionamentos-no-rio-e-em-niteroi.ghtml\">VEJA OS IMPACTOS NO TR\u00c2NSITO<\/a><\/li>\n<\/ul>\n<div class=\"mc-column content-text active-extra-styles\" style=\"text-align: justify;\" data-block-type=\"raw\" data-block-weight=\"1\" data-block-id=\"10\">\n<div class=\"content-intertitle\">\n<h2>Resumo<\/h2>\n<\/div>\n<\/div>\n<div class=\"mc-column content-text active-extra-styles\" style=\"text-align: justify;\" data-block-type=\"raw\" data-block-weight=\"55\" data-block-id=\"11\">\n<ul class=\"content-unordered-list\">\n<li>O sequestro foi anunciado \u00e0s 5h26; pouco antes das 6h, o \u00f4nibus foi atravessado na pista sentido Rio da Ponte;<\/li>\n<li>O criminoso amea\u00e7ava incendiar o ve\u00edculo;<\/li>\n<li>Seis pessoas foram liberadas, quatro mulheres &#8211; uma delas desmaiada &#8211; e dois homens;<\/li>\n<li>\u00c0s 9h04, o atirador desceu do \u00f4nibus e foi morto por um atirador de elite.<\/li>\n<\/ul>\n<\/div>\n<div class=\"mc-column content-text active-extra-styles\" style=\"text-align: justify;\" data-block-type=\"raw\" data-block-weight=\"39\" data-block-id=\"12\">\n<blockquote class=\"content-blockquote theme-border-color-primary-before\"><p>&#8220;Temos um homem que se identificou como policial militar. Ele est\u00e1 amea\u00e7ando jogar gasolina no \u00f4nibus, colocando os passageiros em perigo. N\u00e3o sabemos qual o real prop\u00f3sito dele&#8221;, explicou Sheila Sena, porta-voz da PRF, ainda no in\u00edcio do caso.<\/p><\/blockquote>\n<\/div>\n<div class=\"mc-column content-text active-extra-styles\" style=\"text-align: justify;\" data-block-type=\"raw\" data-block-weight=\"3\" data-block-id=\"13\">\n<div class=\"content-intertitle\">\n<h2>Sequestrador parecia desorientado<\/h2>\n<\/div>\n<\/div>\n<div class=\"mc-column content-text active-extra-styles\" style=\"text-align: justify;\" data-block-type=\"raw\" data-block-weight=\"24\" data-block-id=\"14\">\n<blockquote class=\"content-blockquote theme-border-color-primary-before\"><p>\u201cNossa principal miss\u00e3o \u00e9 tirar os ref\u00e9ns de dentro do ve\u00edculo e retomar as nossas vidas&#8221;, destacou o porta-voz da PM, coronel Mauro Fliess.<\/p><\/blockquote>\n<\/div>\n<div class=\"mc-column content-text active-extra-styles \" style=\"text-align: justify;\" data-block-type=\"unstyled\" data-block-weight=\"30\" data-block-id=\"15\">\n<p class=\"content-text__container \" data-track-category=\"Link no Texto\" data-track-links=\"\">Fliess afirmou tamb\u00e9m que a PM analisa a hip\u00f3tese de o sequestro do ve\u00edculo ter sido premeditado. Segundo informa\u00e7\u00f5es dos policiais militares que est\u00e3o no local, o homem parecia desorientado.<\/p>\n<\/div>\n<div class=\"mc-column content-text active-extra-styles \" style=\"text-align: justify;\" data-block-type=\"unstyled\" data-block-weight=\"13\" data-block-id=\"16\">\n<p class=\"content-text__container \" data-track-category=\"Link no Texto\" data-track-links=\"\">O criminoso se identificou como PM, mas a informa\u00e7\u00e3o ainda n\u00e3o foi confirmada.<\/p>\n<\/div>\n<div class=\"mc-column content-text active-extra-styles \" data-block-type=\"unstyled\" data-block-weight=\"43\" data-block-id=\"17\">\n<p class=\"content-text__container \" style=\"text-align: justify;\" data-track-category=\"Link no Texto\" data-track-links=\"\">Esta linha sai do Jardim Alc\u00e2ntara, em S\u00e3o Gon\u00e7alo, na Regi\u00e3o Metropolitana, e vai at\u00e9 o Est\u00e1cio, na regi\u00e3o central do Rio. Ela \u00e9 a \u00fanica linha que cobre os bairros do Rocha, Columband\u00ea, Lindo Parque e Galo Branco em dire\u00e7\u00e3o ao Rio.<\/p>\n<p style=\"text-align: justify;\" data-track-category=\"Link no Texto\" data-track-links=\"\">Fonte: https:\/\/g1.globo.com\/rj\/rio-de-janeiro\/noticia\/2019\/08\/20\/homem-armado-ameaca-passageiros-em-onibus-na-ponte-rio-niteroi.ghtml<\/p>\n<\/div>\n<\/div>\n<\/div>\n","protected":false},"excerpt":{"rendered":"<p>Ainda n\u00e3o se sabe qual foi a motiva\u00e7\u00e3o do criminoso, que amea\u00e7ava colocar fogo no ve\u00edculo. Ele fez 37 ref\u00e9ns. Um criminoso fez 37 ref\u00e9ns dentro de um \u00f4nibus por tr\u00eas horas e meia &#8211; a maior parte na Ponte Rio-Niter\u00f3i &#8211; nesta ter\u00e7a-feira (20). \u00c0s 9h04, o criminoso foi baleado por um atirador de [&hellip;]<\/p>\n","protected":false},"author":1,"featured_media":4179,"comment_status":"closed","ping_status":"open","sticky":false,"template":"","format":"standard","meta":{"footnotes":""},"categories":[110,2],"tags":[],"class_list":["post-4178","post","type-post","status-publish","format-standard","has-post-thumbnail","hentry","category-noticiasdestaque","category-policial"],"_links":{"self":[{"href":"https:\/\/jorgezanoni.com.br\/2019\/wp-json\/wp\/v2\/posts\/4178","targetHints":{"allow":["GET"]}}],"collection":[{"href":"https:\/\/jorgezanoni.com.br\/2019\/wp-json\/wp\/v2\/posts"}],"about":[{"href":"https:\/\/jorgezanoni.com.br\/2019\/wp-json\/wp\/v2\/types\/post"}],"author":[{"embeddable":true,"href":"https:\/\/jorgezanoni.com.br\/2019\/wp-json\/wp\/v2\/users\/1"}],"replies":[{"embeddable":true,"href":"https:\/\/jorgezanoni.com.br\/2019\/wp-json\/wp\/v2\/comments?post=4178"}],"version-history":[{"count":0,"href":"https:\/\/jorgezanoni.com.br\/2019\/wp-json\/wp\/v2\/posts\/4178\/revisions"}],"wp:featuredmedia":[{"embeddable":true,"href":"https:\/\/jorgezanoni.com.br\/2019\/wp-json\/wp\/v2\/media\/4179"}],"wp:attachment":[{"href":"https:\/\/jorgezanoni.com.br\/2019\/wp-json\/wp\/v2\/media?parent=4178"}],"wp:term":[{"taxonomy":"category","embeddable":true,"href":"https:\/\/jorgezanoni.com.br\/2019\/wp-json\/wp\/v2\/categories?post=4178"},{"taxonomy":"post_tag","embeddable":true,"href":"https:\/\/jorgezanoni.com.br\/2019\/wp-json\/wp\/v2\/tags?post=4178"}],"curies":[{"name":"wp","href":"https:\/\/api.w.org\/{rel}","templated":true}]}}