{"id":41711,"date":"2021-01-17T19:13:16","date_gmt":"2021-01-17T19:13:16","guid":{"rendered":"https:\/\/jorgezanoni.com.br\/2019\/?p=41711"},"modified":"2021-01-17T19:31:34","modified_gmt":"2021-01-17T19:31:34","slug":"dracenense-que-mora-em-nova-york-tomou-hoje-a-primeira-dose-da-vacina-contra-a-covid-19","status":"publish","type":"post","link":"https:\/\/jorgezanoni.com.br\/2019\/dracenense-que-mora-em-nova-york-tomou-hoje-a-primeira-dose-da-vacina-contra-a-covid-19\/","title":{"rendered":"Dracenense que mora em Nova York tomou hoje, a primeira dose da Vacina contra a Covid-19"},"content":{"rendered":"<p style=\"text-align: justify;\">A dracenense Ana Beatriz Gomes de Lima (Bia), de 27 anos, que mora em Nova York h\u00e1 2 anos, tomou hoje (17), a primeira dose da Vacina contra a Covid-19.<\/p>\n<p style=\"text-align: justify;\">Ela que trabalha como Al Pair (cuidadora de crian\u00e7as), \u00e9 Psic\u00f3loga de forma\u00e7\u00e3o e faz cursos na \u00e1rea de psicologia, pode ter sido a primeira dracenense a ser imunizada.<\/p>\n<p style=\"text-align: justify;\">S\u00e3o seus pais S\u00edlvia Helena Gomes de lima e Sinval Mendon\u00e7a de lima.<\/p>\n<p><img loading=\"lazy\" decoding=\"async\" class=\"alignnone size-full wp-image-41712\" src=\"https:\/\/jorgezanoni.com.br\/2019\/wp-content\/uploads\/2021\/01\/Bia-1.jpg\" alt=\"\" width=\"280\" height=\"200\" srcset=\"https:\/\/jorgezanoni.com.br\/2019\/wp-content\/uploads\/2021\/01\/Bia-1.jpg 280w, https:\/\/jorgezanoni.com.br\/2019\/wp-content\/uploads\/2021\/01\/Bia-1-100x70.jpg 100w\" sizes=\"auto, (max-width: 280px) 100vw, 280px\" \/><\/p>\n<p style=\"text-align: justify;\">Jorge Zanoni<\/p>\n<p style=\"text-align: justify;\">Fotos cedida\/familia<\/p>\n<p>&nbsp;<\/p>\n<p>&nbsp;<\/p>\n","protected":false},"excerpt":{"rendered":"<p>A dracenense Ana Beatriz Gomes de Lima (Bia), de 27 anos, que mora em Nova York h\u00e1 2 anos, tomou hoje (17), a primeira dose da Vacina contra a Covid-19. Ela que trabalha como Al Pair (cuidadora de crian\u00e7as), \u00e9 Psic\u00f3loga de forma\u00e7\u00e3o e faz cursos na \u00e1rea de psicologia, pode ter sido a primeira [&hellip;]<\/p>\n","protected":false},"author":1,"featured_media":41713,"comment_status":"closed","ping_status":"open","sticky":false,"template":"","format":"standard","meta":{"footnotes":""},"categories":[110,122],"tags":[],"class_list":["post-41711","post","type-post","status-publish","format-standard","has-post-thumbnail","hentry","category-noticiasdestaque","category-saudeeducacaoeconcurso"],"_links":{"self":[{"href":"https:\/\/jorgezanoni.com.br\/2019\/wp-json\/wp\/v2\/posts\/41711","targetHints":{"allow":["GET"]}}],"collection":[{"href":"https:\/\/jorgezanoni.com.br\/2019\/wp-json\/wp\/v2\/posts"}],"about":[{"href":"https:\/\/jorgezanoni.com.br\/2019\/wp-json\/wp\/v2\/types\/post"}],"author":[{"embeddable":true,"href":"https:\/\/jorgezanoni.com.br\/2019\/wp-json\/wp\/v2\/users\/1"}],"replies":[{"embeddable":true,"href":"https:\/\/jorgezanoni.com.br\/2019\/wp-json\/wp\/v2\/comments?post=41711"}],"version-history":[{"count":0,"href":"https:\/\/jorgezanoni.com.br\/2019\/wp-json\/wp\/v2\/posts\/41711\/revisions"}],"wp:featuredmedia":[{"embeddable":true,"href":"https:\/\/jorgezanoni.com.br\/2019\/wp-json\/wp\/v2\/media\/41713"}],"wp:attachment":[{"href":"https:\/\/jorgezanoni.com.br\/2019\/wp-json\/wp\/v2\/media?parent=41711"}],"wp:term":[{"taxonomy":"category","embeddable":true,"href":"https:\/\/jorgezanoni.com.br\/2019\/wp-json\/wp\/v2\/categories?post=41711"},{"taxonomy":"post_tag","embeddable":true,"href":"https:\/\/jorgezanoni.com.br\/2019\/wp-json\/wp\/v2\/tags?post=41711"}],"curies":[{"name":"wp","href":"https:\/\/api.w.org\/{rel}","templated":true}]}}