{"id":41707,"date":"2021-01-17T13:37:07","date_gmt":"2021-01-17T13:37:07","guid":{"rendered":"https:\/\/jorgezanoni.com.br\/2019\/?p=41707"},"modified":"2021-01-17T13:56:44","modified_gmt":"2021-01-17T13:56:44","slug":"macaco-possivelmente-sagui-e-encontrado-morto-as-margens-da-sp-294","status":"publish","type":"post","link":"https:\/\/jorgezanoni.com.br\/2019\/macaco-possivelmente-sagui-e-encontrado-morto-as-margens-da-sp-294\/","title":{"rendered":"Macaco possivelmente Sagui ou Prego \u00e9 encontrado morto \u00e0s margens da SP-294"},"content":{"rendered":"<p style=\"text-align: justify;\">Um Macaco, possivelmente Sagui ou Prego, foi localizado na manh\u00e3 deste domingo (17), no acostamento da Rodovia Comandante Jo\u00e3o Ribeiro de Barros, a SP-294, no trecho entre a Hidromec\u00e2nica Ca\u00e7ula e antigo CDL.<\/p>\n<p style=\"text-align: justify;\">N\u00e3o h\u00e1 sinais aparentes, mas possivelmente tenha sido atropelado por algum ve\u00edculo.<\/p>\n<p style=\"text-align: justify;\">Jorge Zanoni<\/p>\n<p style=\"text-align: justify;\">Foto de Internauta<\/p>\n<h1 id=\"firstHeading\" class=\"firstHeading\" lang=\"pt\" style=\"text-align: justify;\"><i>Callithrix jacchus<\/i><\/h1>\n<p style=\"text-align: justify;\">O\u00a0<b>sagui-de-tufos-brancos<\/b>\u00a0(<i>Callithrix jacchus<\/i>), tamb\u00e9m conhecido como\u00a0<b>sonhim<\/b>,\u00a0<b>soim<\/b>\u00a0,\u00a0<b>sauim<\/b>\u00a0ou ainda\u00a0<b>saguim<\/b>,<sup id=\"cite_ref-4\" class=\"reference\"><a href=\"https:\/\/pt.wikipedia.org\/wiki\/Callithrix_jacchus#cite_note-4\">[4]<\/a><\/sup>\u00a0\u00e9 uma esp\u00e9cie de\u00a0<a title=\"Macaco\" href=\"https:\/\/pt.wikipedia.org\/wiki\/Macaco\">macaco<\/a>\u00a0de pequeno porte do\u00a0<a title=\"Novo Mundo\" href=\"https:\/\/pt.wikipedia.org\/wiki\/Novo_Mundo\">Novo Mundo<\/a>. Origin\u00e1rio do\u00a0<a class=\"mw-redirect\" title=\"Nordeste do Brasil\" href=\"https:\/\/pt.wikipedia.org\/wiki\/Nordeste_do_Brasil\">Nordeste do Brasil<\/a>, atualmente \u00e9 encontrado tamb\u00e9m em partes das regi\u00f5es\u00a0<a class=\"mw-disambig\" title=\"Regi\u00e3o Sudeste\" href=\"https:\/\/pt.wikipedia.org\/wiki\/Regi%C3%A3o_Sudeste\">Sudeste<\/a>\u00a0e\u00a0<a title=\"Norte\" href=\"https:\/\/pt.wikipedia.org\/wiki\/Norte\">Norte<\/a>, al\u00e9m de criado em cativeiro em diversos pa\u00edses.<\/p>\n<h2 style=\"text-align: justify;\"><span id=\"Taxonomia_e_evolu\u00e7\u00e3o\" class=\"mw-headline\">Taxonomia e evolu\u00e7\u00e3o<\/span><\/h2>\n<div class=\"thumb tright\" style=\"text-align: justify;\">\n<div class=\"thumbinner\">\n<p><a class=\"image\" href=\"https:\/\/pt.wikipedia.org\/wiki\/Ficheiro:SAGUI-DE-TUFOS-BRANCOS.jpg\"><img loading=\"lazy\" decoding=\"async\" class=\"thumbimage\" src=\"https:\/\/upload.wikimedia.org\/wikipedia\/commons\/thumb\/c\/c6\/SAGUI-DE-TUFOS-BRANCOS.jpg\/220px-SAGUI-DE-TUFOS-BRANCOS.jpg\" srcset=\"\/\/upload.wikimedia.org\/wikipedia\/commons\/thumb\/c\/c6\/SAGUI-DE-TUFOS-BRANCOS.jpg\/330px-SAGUI-DE-TUFOS-BRANCOS.jpg 1.5x, \/\/upload.wikimedia.org\/wikipedia\/commons\/thumb\/c\/c6\/SAGUI-DE-TUFOS-BRANCOS.jpg\/440px-SAGUI-DE-TUFOS-BRANCOS.jpg 2x\" alt=\"\" width=\"220\" height=\"142\" data-file-width=\"800\" data-file-height=\"516\" \/><\/a><\/p>\n<div class=\"thumbcaption\">\n<div class=\"magnify\"><\/div>\n<p>Saguis-de-tufo-branco em S\u00e3o Paulo, Brasil<\/p>\n<\/div>\n<\/div>\n<\/div>\n<p style=\"text-align: justify;\">Os\u00a0<a class=\"mw-redirect\" title=\"Sagui\" href=\"https:\/\/pt.wikipedia.org\/wiki\/Sagui\">saguis<\/a>\u00a0que ocorrem na\u00a0<a class=\"mw-redirect\" title=\"Mata atl\u00e2ntica\" href=\"https:\/\/pt.wikipedia.org\/wiki\/Mata_atl%C3%A2ntica\">mata atl\u00e2ntica<\/a>\u00a0j\u00e1 foram considerados todos como subesp\u00e9cies de\u00a0<i>Callithrix jacchus<\/i>.<sup id=\"cite_ref-coimbra_5-0\" class=\"reference\"><a href=\"https:\/\/pt.wikipedia.org\/wiki\/Callithrix_jacchus#cite_note-coimbra-5\">[5]<\/a><\/sup>\u00a0Contudo, atualmente, todos os\u00a0<a title=\"Taxonomia\" href=\"https:\/\/pt.wikipedia.org\/wiki\/Taxonomia\">tax\u00f3nimos<\/a>\u00a0derivados s\u00e3o considerados como esp\u00e9cies separadas, e o\u00a0<i>Callithrix jacchus<\/i>\u00a0refere-se apenas \u00e0s popula\u00e7\u00f5es que ocorrem no Nordeste brasileiro e na\u00a0<a title=\"Caatinga\" href=\"https:\/\/pt.wikipedia.org\/wiki\/Caatinga\">caatinga<\/a>.<sup id=\"cite_ref-marroig_6-0\" class=\"reference\"><a href=\"https:\/\/pt.wikipedia.org\/wiki\/Callithrix_jacchus#cite_note-marroig-6\">[6]<\/a><\/sup><sup id=\"cite_ref-coimbra_5-1\" class=\"reference\"><a href=\"https:\/\/pt.wikipedia.org\/wiki\/Callithrix_jacchus#cite_note-coimbra-5\">[5]<\/a><\/sup><sup id=\"cite_ref-TSA_7-0\" class=\"reference\"><a href=\"https:\/\/pt.wikipedia.org\/wiki\/Callithrix_jacchus#cite_note-TSA-7\">[7]<\/a><\/sup><\/p>\n<p style=\"text-align: justify;\">Estudos realizados com\u00a0<a title=\"Morfometria\" href=\"https:\/\/pt.wikipedia.org\/wiki\/Morfometria\">morfometria<\/a>\u00a0de cr\u00e2nios colocaram o\u00a0<i>Callithrix jacchus<\/i>\u00a0como membro do\u00a0<a class=\"mw-redirect\" title=\"Grupo-irm\u00e3o\" href=\"https:\/\/pt.wikipedia.org\/wiki\/Grupo-irm%C3%A3o\">grupo-irm\u00e3o<\/a>\u00a0de uma classifica\u00e7\u00e3o\u00a0<a title=\"Filo\" href=\"https:\/\/pt.wikipedia.org\/wiki\/Filo\">monofil\u00e9tica<\/a>\u00a0formada pelas esp\u00e9cies\u00a0<i><a title=\"Callithrix kuhlii\" href=\"https:\/\/pt.wikipedia.org\/wiki\/Callithrix_kuhlii\">Callithrix kuhlii<\/a>,\u00a0<a title=\"Callithrix penicillata\" href=\"https:\/\/pt.wikipedia.org\/wiki\/Callithrix_penicillata\">Callithrix penicillata<\/a>\u00a0e\u00a0<a title=\"Callithrix geoffroyi\" href=\"https:\/\/pt.wikipedia.org\/wiki\/Callithrix_geoffroyi\">Callithrix geoffroyi<\/a><\/i>.<sup id=\"cite_ref-marroig_6-1\" class=\"reference\"><a href=\"https:\/\/pt.wikipedia.org\/wiki\/Callithrix_jacchus#cite_note-marroig-6\">[6]<\/a><\/sup>\u00a0Entretanto, dados moleculares sugerem outro\u00a0<a title=\"Clado\" href=\"https:\/\/pt.wikipedia.org\/wiki\/Clado\">clado<\/a>, em que o\u00a0<i><a title=\"Callithrix geoffroyi\" href=\"https:\/\/pt.wikipedia.org\/wiki\/Callithrix_geoffroyi\">Callithrix geoffroyi<\/a><\/i>\u00a0faria parte do grupo-irm\u00e3o de um clado com uma\u00a0<a title=\"Politomia\" href=\"https:\/\/pt.wikipedia.org\/wiki\/Politomia\">politomia<\/a>\u00a0n\u00e3o definida entre as esp\u00e9cies\u00a0<i><a title=\"Callithrix kuhlii\" href=\"https:\/\/pt.wikipedia.org\/wiki\/Callithrix_kuhlii\">Callithrix kuhlii<\/a><\/i>,\u00a0<i><a title=\"Callithrix penicillata\" href=\"https:\/\/pt.wikipedia.org\/wiki\/Callithrix_penicillata\">Callithrix penicillata<\/a><\/i>\u00a0e\u00a0<i>Callithrix jacchus<\/i>.<sup id=\"cite_ref-tagliaro_8-0\" class=\"reference\"><a href=\"https:\/\/pt.wikipedia.org\/wiki\/Callithrix_jacchus#cite_note-tagliaro-8\">[8]<\/a><\/sup><\/p>\n<h2 style=\"text-align: justify;\"><span id=\"Caracter.C3.ADsticas\"><\/span><span id=\"Caracter\u00edsticas\" class=\"mw-headline\">Caracter\u00edsticas<\/span><\/h2>\n<p style=\"text-align: justify;\">\u00c9 um\u00a0<a class=\"mw-redirect\" title=\"Primata\" href=\"https:\/\/pt.wikipedia.org\/wiki\/Primata\">primata<\/a>\u00a0de pequeno porte com peso entre 350 e 450 gramas, pelagem estriada na orelhas e mancha branca na testa. A colora\u00e7\u00e3o geral do corpo \u00e9 acinzentada-clara com reflexos castanhos e pretos. A cauda \u00e9 maior do que o corpo e tem a fun\u00e7\u00e3o de garantir o equil\u00edbrio do animal.<\/p>\n<p style=\"text-align: justify;\">Quando \u00e9 amea\u00e7ado, emite guinchos muito agudos, alertando o grupo. Protegem o territ\u00f3rio de outros grupos com sons estridentes.<\/p>\n<h2 style=\"text-align: justify;\"><span id=\"Distribui.C3.A7.C3.A3o_Geogr.C3.A1fica_e_h.C3.A1bitat\"><\/span><span id=\"Distribui\u00e7\u00e3o_Geogr\u00e1fica_e_h\u00e1bitat\" class=\"mw-headline\">Distribui\u00e7\u00e3o Geogr\u00e1fica e h\u00e1bitat<\/span><\/h2>\n<p style=\"text-align: justify;\">Habita florestas arbustivas da\u00a0<a title=\"Caatinga\" href=\"https:\/\/pt.wikipedia.org\/wiki\/Caatinga\">caatinga<\/a>\u00a0e a\u00a0<a class=\"mw-redirect\" title=\"Mata atl\u00e2ntica\" href=\"https:\/\/pt.wikipedia.org\/wiki\/Mata_atl%C3%A2ntica\">mata atl\u00e2ntica<\/a>\u00a0do Nordeste brasileiro, ocorrendo de forma nativa nos estados de\u00a0<a title=\"Alagoas\" href=\"https:\/\/pt.wikipedia.org\/wiki\/Alagoas\">Alagoas<\/a>,\u00a0<a title=\"Pernambuco\" href=\"https:\/\/pt.wikipedia.org\/wiki\/Pernambuco\">Pernambuco<\/a>,\u00a0<a title=\"Sergipe\" href=\"https:\/\/pt.wikipedia.org\/wiki\/Sergipe\">Sergipe<\/a>,\u00a0<a title=\"Para\u00edba\" href=\"https:\/\/pt.wikipedia.org\/wiki\/Para%C3%ADba\">Para\u00edba<\/a>,\u00a0<a title=\"Rio Grande do Norte\" href=\"https:\/\/pt.wikipedia.org\/wiki\/Rio_Grande_do_Norte\">Rio Grande do Norte<\/a>,\u00a0<a title=\"Cear\u00e1\" href=\"https:\/\/pt.wikipedia.org\/wiki\/Cear%C3%A1\">Cear\u00e1<\/a>,\u00a0<a title=\"Piau\u00ed\" href=\"https:\/\/pt.wikipedia.org\/wiki\/Piau%C3%AD\">Piau\u00ed<\/a>,\u00a0<a title=\"Maranh\u00e3o\" href=\"https:\/\/pt.wikipedia.org\/wiki\/Maranh%C3%A3o\">Maranh\u00e3o<\/a>,\u00a0<a title=\"Bahia\" href=\"https:\/\/pt.wikipedia.org\/wiki\/Bahia\">Bahia<\/a>\u00a0e\u00a0<a title=\"Tocantins\" href=\"https:\/\/pt.wikipedia.org\/wiki\/Tocantins\">Tocantins<\/a>\u00a0at\u00e9 o sul da\u00a0<a class=\"mw-redirect\" title=\"Desembocadura\" href=\"https:\/\/pt.wikipedia.org\/wiki\/Desembocadura\">desembocadura<\/a>\u00a0do\u00a0<a title=\"Rio S\u00e3o Francisco\" href=\"https:\/\/pt.wikipedia.org\/wiki\/Rio_S%C3%A3o_Francisco\">rio S\u00e3o Francisco<\/a>.<sup id=\"cite_ref-TSA_7-1\" class=\"reference\"><a href=\"https:\/\/pt.wikipedia.org\/wiki\/Callithrix_jacchus#cite_note-TSA-7\">[7]<\/a><\/sup>\u00a0Foi uma esp\u00e9cie introduzida em v\u00e1rias localidades do\u00a0<a title=\"Brasil\" href=\"https:\/\/pt.wikipedia.org\/wiki\/Brasil\">Brasil<\/a>, sendo muito comum em remanescentes de floresta degradada da\u00a0<a class=\"mw-redirect\" title=\"Mata atl\u00e2ntica\" href=\"https:\/\/pt.wikipedia.org\/wiki\/Mata_atl%C3%A2ntica\">mata atl\u00e2ntica<\/a>\u00a0e existem popula\u00e7\u00f5es estabelecidas na\u00a0<a title=\"Ilha de Santa Catarina\" href=\"https:\/\/pt.wikipedia.org\/wiki\/Ilha_de_Santa_Catarina\">Ilha de Santa Catarina<\/a>\u00a0e at\u00e9 em\u00a0<a title=\"Buenos Aires\" href=\"https:\/\/pt.wikipedia.org\/wiki\/Buenos_Aires\">Buenos Aires<\/a>, na\u00a0<a title=\"Argentina\" href=\"https:\/\/pt.wikipedia.org\/wiki\/Argentina\">Argentina<\/a>, e s\u00e3o avistados em alguns locais do\u00a0<a title=\"Rio de Janeiro\" href=\"https:\/\/pt.wikipedia.org\/wiki\/Rio_de_Janeiro\">Rio de Janeiro<\/a>, onde originalmente n\u00e3o ocorriam.<sup id=\"cite_ref-TSA_7-2\" class=\"reference\"><a href=\"https:\/\/pt.wikipedia.org\/wiki\/Callithrix_jacchus#cite_note-TSA-7\">[7]<\/a><\/sup><\/p>\n<p style=\"text-align: justify;\">No\u00a0<a class=\"mw-redirect\" title=\"Rec\u00f4ncavo Baiano\" href=\"https:\/\/pt.wikipedia.org\/wiki\/Rec%C3%B4ncavo_Baiano\">Rec\u00f4ncavo Baiano<\/a>, parece haver uma zona de hibrida\u00e7\u00e3o do\u00a0<i><a title=\"Callithrix penicillata\" href=\"https:\/\/pt.wikipedia.org\/wiki\/Callithrix_penicillata\">Callithrix penicillata<\/a><\/i>, fato que parece ter ocorrido devido ao desmatamento, j\u00e1 que provavelmente essa \u00e1rea era habitada por\u00a0<i><a title=\"Callithrix kuhlii\" href=\"https:\/\/pt.wikipedia.org\/wiki\/Callithrix_kuhlii\">Callithrix kuhlii<\/a><\/i>.<sup id=\"cite_ref-TSA_7-3\" class=\"reference\"><a href=\"https:\/\/pt.wikipedia.org\/wiki\/Callithrix_jacchus#cite_note-TSA-7\">[7]<\/a><\/sup>\u00a0Entretanto, alguns estudos mostram que muitas dessas popula\u00e7\u00f5es n\u00e3o est\u00e3o consolidadas, mas se mant\u00eam gra\u00e7as a novas introdu\u00e7\u00f5es realizadas pelo homem, como observado na bacia do\u00a0<a class=\"mw-disambig\" title=\"Rio S\u00e3o Jo\u00e3o\" href=\"https:\/\/pt.wikipedia.org\/wiki\/Rio_S%C3%A3o_Jo%C3%A3o\">rio S\u00e3o Jo\u00e3o<\/a>, no\u00a0<a title=\"Rio de Janeiro (estado)\" href=\"https:\/\/pt.wikipedia.org\/wiki\/Rio_de_Janeiro_(estado)\">Rio de Janeiro<\/a>.<sup id=\"cite_ref-morais_9-0\" class=\"reference\"><a href=\"https:\/\/pt.wikipedia.org\/wiki\/Callithrix_jacchus#cite_note-morais-9\">[9]<\/a><\/sup><\/p>\n<h2 style=\"text-align: justify;\"><span id=\"Ecologia\" class=\"mw-headline\">Ecologia<\/span><\/h2>\n<p style=\"text-align: justify;\">A esp\u00e9cie vive em grupos de tr\u00eas a quinze animais, formados por indiv\u00edduos reprodutores e n\u00e3o reprodutores, adaptando-se a uma \u00e1rea de coleta pequena, como foi comprovado em popula\u00e7\u00f5es desses s\u00edmios estudadas no\u00a0<a title=\"Rio Grande do Norte\" href=\"https:\/\/pt.wikipedia.org\/wiki\/Rio_Grande_do_Norte\">Rio Grande do Norte<\/a>: de 0,5 ha. a 35,5 ha.<sup id=\"cite_ref-castro_10-0\" class=\"reference\"><a href=\"https:\/\/pt.wikipedia.org\/wiki\/Callithrix_jacchus#cite_note-castro-10\">[10]<\/a><\/sup>\u00a0Isso se deve provavelmente ao fato de possu\u00edrem uma dieta rica em goma, que permite que os animais explorem outros tipos de alimento, al\u00e9m de frutos, em meses de escassez.<sup id=\"cite_ref-castro_10-1\" class=\"reference\"><a href=\"https:\/\/pt.wikipedia.org\/wiki\/Callithrix_jacchus#cite_note-castro-10\">[10]<\/a><\/sup><\/p>\n<h2 style=\"text-align: justify;\"><span id=\"Alimenta.C3.A7.C3.A3o\"><\/span><span id=\"Alimenta\u00e7\u00e3o\" class=\"mw-headline\">Alimenta\u00e7\u00e3o<\/span><\/h2>\n<p style=\"text-align: justify;\">Alimentam-se de\u00a0<a class=\"mw-redirect\" title=\"Inseto\" href=\"https:\/\/pt.wikipedia.org\/wiki\/Inseto\">insetos<\/a>,\u00a0<a title=\"Aranha\" href=\"https:\/\/pt.wikipedia.org\/wiki\/Aranha\">aranhas<\/a>, pequenos vertebrados, ovos e\u00a0<a class=\"mw-redirect\" title=\"P\u00e1ssaro\" href=\"https:\/\/pt.wikipedia.org\/wiki\/P%C3%A1ssaro\">p\u00e1ssaro<\/a>, frutos e s\u00e3o tamb\u00e9m\u00a0<a title=\"Resina\" href=\"https:\/\/pt.wikipedia.org\/wiki\/Resina\">gum\u00edvoros<\/a>\u00a0(alimentam-se da goma exsudada de troncos que roem com os dentes\u00a0<a title=\"Incisivo\" href=\"https:\/\/pt.wikipedia.org\/wiki\/Incisivo\">incisivos<\/a>\u00a0inferiores, de \u00e1rvores gum\u00edferas). Essa goma serve de fonte de\u00a0<a title=\"Carboidrato\" href=\"https:\/\/pt.wikipedia.org\/wiki\/Carboidrato\">carboidratos<\/a>,\u00a0<a title=\"C\u00e1lcio\" href=\"https:\/\/pt.wikipedia.org\/wiki\/C%C3%A1lcio\">c\u00e1lcio<\/a>\u00a0e algumas prote\u00ednas.<\/p>\n<p style=\"text-align: justify;\">O sagui despende cerca de 25 a 30% de seu tempo ativo procurando por alimentos.<\/p>\n<h2 style=\"text-align: justify;\"><span id=\"Reprodu.C3.A7.C3.A3o\"><\/span><span id=\"Reprodu\u00e7\u00e3o\" class=\"mw-headline\">Reprodu\u00e7\u00e3o<\/span><\/h2>\n<div class=\"thumb tright\" style=\"text-align: justify;\">\n<div class=\"thumbinner\">\n<p><a class=\"image\" href=\"https:\/\/pt.wikipedia.org\/wiki\/Ficheiro:Sagui-de-tufos-brancos_em_Pernambuco.jpg\"><img loading=\"lazy\" decoding=\"async\" class=\"thumbimage\" src=\"https:\/\/upload.wikimedia.org\/wikipedia\/commons\/thumb\/3\/39\/Sagui-de-tufos-brancos_em_Pernambuco.jpg\/220px-Sagui-de-tufos-brancos_em_Pernambuco.jpg\" srcset=\"\/\/upload.wikimedia.org\/wikipedia\/commons\/thumb\/3\/39\/Sagui-de-tufos-brancos_em_Pernambuco.jpg\/330px-Sagui-de-tufos-brancos_em_Pernambuco.jpg 1.5x, \/\/upload.wikimedia.org\/wikipedia\/commons\/thumb\/3\/39\/Sagui-de-tufos-brancos_em_Pernambuco.jpg\/440px-Sagui-de-tufos-brancos_em_Pernambuco.jpg 2x\" alt=\"\" width=\"220\" height=\"147\" data-file-width=\"3000\" data-file-height=\"2000\" \/><\/a><\/p>\n<div class=\"thumbcaption\">\n<div class=\"magnify\"><\/div>\n<p>F\u00eamea com filhotes<\/p>\n<\/div>\n<\/div>\n<\/div>\n<p style=\"text-align: justify;\">Nas f\u00eameas, a maturidade sexual \u00e9 atingida aos 18 meses e nos machos aos 24. O per\u00edodo de gesta\u00e7\u00e3o varia entre 140 e 160 dias, depois de um ciclo estral de cerca de 15 dias. Nascem dois filhotes a cada gesta\u00e7\u00e3o, os quais j\u00e1 n\u00e3o relativamente grandes.<\/p>\n<p style=\"text-align: justify;\">Com duas semanas de vida come\u00e7am a experimentar frutas maduras, sem deixar a amamenta\u00e7\u00e3o (que vai at\u00e9 os dois meses). O pai ajuda carregando os filhotes que se agarram muito bem ao pai, sendo transferidos para a m\u00e3e na hora da alimenta\u00e7\u00e3o. Aos 21 dias, os jovens come\u00e7am a explorar um pouco o ambiente ao redor, mas andam nas costas dos pais at\u00e9 a idade de 6-7 semanas.<\/p>\n<p style=\"text-align: justify;\">Fonte: https:\/\/pt.wikipedia.org\/wiki\/Callithrix_jacchus<\/p>\n","protected":false},"excerpt":{"rendered":"<p>Um Macaco, possivelmente Sagui ou Prego, foi localizado na manh\u00e3 deste domingo (17), no acostamento da Rodovia Comandante Jo\u00e3o Ribeiro de Barros, a SP-294, no trecho entre a Hidromec\u00e2nica Ca\u00e7ula e antigo CDL. N\u00e3o h\u00e1 sinais aparentes, mas possivelmente tenha sido atropelado por algum ve\u00edculo. Jorge Zanoni Foto de Internauta Callithrix jacchus O\u00a0sagui-de-tufos-brancos\u00a0(Callithrix jacchus), tamb\u00e9m [&hellip;]<\/p>\n","protected":false},"author":1,"featured_media":41708,"comment_status":"closed","ping_status":"open","sticky":false,"template":"","format":"standard","meta":{"footnotes":""},"categories":[176,110],"tags":[],"class_list":["post-41707","post","type-post","status-publish","format-standard","has-post-thumbnail","hentry","category-meioambienteeagricultura","category-noticiasdestaque"],"_links":{"self":[{"href":"https:\/\/jorgezanoni.com.br\/2019\/wp-json\/wp\/v2\/posts\/41707","targetHints":{"allow":["GET"]}}],"collection":[{"href":"https:\/\/jorgezanoni.com.br\/2019\/wp-json\/wp\/v2\/posts"}],"about":[{"href":"https:\/\/jorgezanoni.com.br\/2019\/wp-json\/wp\/v2\/types\/post"}],"author":[{"embeddable":true,"href":"https:\/\/jorgezanoni.com.br\/2019\/wp-json\/wp\/v2\/users\/1"}],"replies":[{"embeddable":true,"href":"https:\/\/jorgezanoni.com.br\/2019\/wp-json\/wp\/v2\/comments?post=41707"}],"version-history":[{"count":0,"href":"https:\/\/jorgezanoni.com.br\/2019\/wp-json\/wp\/v2\/posts\/41707\/revisions"}],"wp:featuredmedia":[{"embeddable":true,"href":"https:\/\/jorgezanoni.com.br\/2019\/wp-json\/wp\/v2\/media\/41708"}],"wp:attachment":[{"href":"https:\/\/jorgezanoni.com.br\/2019\/wp-json\/wp\/v2\/media?parent=41707"}],"wp:term":[{"taxonomy":"category","embeddable":true,"href":"https:\/\/jorgezanoni.com.br\/2019\/wp-json\/wp\/v2\/categories?post=41707"},{"taxonomy":"post_tag","embeddable":true,"href":"https:\/\/jorgezanoni.com.br\/2019\/wp-json\/wp\/v2\/tags?post=41707"}],"curies":[{"name":"wp","href":"https:\/\/api.w.org\/{rel}","templated":true}]}}