{"id":41676,"date":"2021-01-16T19:03:56","date_gmt":"2021-01-16T19:03:56","guid":{"rendered":"https:\/\/jorgezanoni.com.br\/2019\/?p=41676"},"modified":"2021-01-16T19:03:56","modified_gmt":"2021-01-16T19:03:56","slug":"delegacia-seccional-da-policia-civil-de-adamantina-pode-ser-extinta-em-nota-seguranca-publica-nega","status":"publish","type":"post","link":"https:\/\/jorgezanoni.com.br\/2019\/delegacia-seccional-da-policia-civil-de-adamantina-pode-ser-extinta-em-nota-seguranca-publica-nega\/","title":{"rendered":"Delegacia Seccional da Pol\u00edcia Civil de Adamantina pode ser extinta; em nota, Seguran\u00e7a P\u00fablica nega"},"content":{"rendered":"<h2 class=\"subtitulo\" style=\"text-align: justify;\"><strong>Estudos para restrutura\u00e7\u00e3o s\u00e3o realizados pela Secretaria da Seguran\u00e7a P\u00fablica (SSP-SP).<\/strong><\/h2>\n<p style=\"font-weight: 400; text-align: justify;\">Informa\u00e7\u00f5es que circulam no meio policial, acerca de estudos para a poss\u00edvel restrutura\u00e7\u00e3o das unidades da Pol\u00edcia Civil em todo o Estado de S\u00e3o Paulo, ganharam detalhes mais precisos nos \u00faltimos dias, sinalizando medidas de enxugamento administrativo que poderiam atingir as unidades ligadas ao Departamento de Pol\u00edcia Judici\u00e1ria de S\u00e3o Paulo Interior 8 (Deinter 8) de Presidente Prudente.<\/p>\n<p style=\"font-weight: 400; text-align: justify;\">Oficialmente, nenhum representante da Pol\u00edcia Civil fala sobre o tema, seja por n\u00e3o conhecer os detalhes das poss\u00edveis mudan\u00e7as \u2013 com informa\u00e7\u00f5es ainda restritas ao alto comando da Pol\u00edcia Civil paulista ou da Secretaria da Seguran\u00e7a P\u00fablica do Estado de S\u00e3o Paulo (SSP-SP) \u2013 ou por n\u00e3o haver autoriza\u00e7\u00e3o para se pronunciar. O fato pode mobilizar autoridades locais e parlamentares.<\/p>\n<p style=\"font-weight: 400; text-align: justify;\">Em conte\u00fado exclusivo, o SIGA MAIS apurou os poss\u00edveis cen\u00e1rios. Fontes revelaram que, de fato, existem estudos em andamento, que sinalizam pela possibilidade de fechamento da Delegacia Seccional de Pol\u00edcia de Adamantina, uma unidade de car\u00e1ter regional que operacionaliza o trabalho da Pol\u00edcia Civil na microrregi\u00e3o.<\/p>\n<p style=\"font-weight: 400; text-align: justify;\">Segundo a apura\u00e7\u00e3o do SIGA MAIS, um dos crit\u00e9rios para a manuten\u00e7\u00e3o das delegacias seccionais \u00e9 a popula\u00e7\u00e3o atendida pela unidade, que deveria alcan\u00e7ar o m\u00ednimo de 150 mil habitantes. Na \u00e1rea do Deinter-8 est\u00e3o cinco seccionais: Assis, Presidente Prudente, Presidente Venceslau, Dracena e Adamantina.<\/p>\n<p><img loading=\"lazy\" decoding=\"async\" class=\"alignnone size-full wp-image-41677\" src=\"https:\/\/jorgezanoni.com.br\/2019\/wp-content\/uploads\/2021\/01\/delega.jpg\" alt=\"\" width=\"800\" height=\"533\" srcset=\"https:\/\/jorgezanoni.com.br\/2019\/wp-content\/uploads\/2021\/01\/delega.jpg 800w, https:\/\/jorgezanoni.com.br\/2019\/wp-content\/uploads\/2021\/01\/delega-300x200.jpg 300w, https:\/\/jorgezanoni.com.br\/2019\/wp-content\/uploads\/2021\/01\/delega-768x512.jpg 768w, https:\/\/jorgezanoni.com.br\/2019\/wp-content\/uploads\/2021\/01\/delega-696x464.jpg 696w, https:\/\/jorgezanoni.com.br\/2019\/wp-content\/uploads\/2021\/01\/delega-630x420.jpg 630w\" sizes=\"auto, (max-width: 800px) 100vw, 800px\" \/><em>Delegacia Seccional da Pol\u00edcia Civil em Adamantina (Foto: GovSP).<\/em><\/p>\n<p style=\"font-weight: 400; text-align: justify;\">Apenas a unidade de Prudente atinge o crit\u00e9rio populacional. Por\u00e9m, para cada uma das quatro unidades que seriam mantidas, haveria uma motiva\u00e7\u00e3o. No caso da Seccional de Assis, a quest\u00e3o seria geogr\u00e1fica, de entroncamento rodovi\u00e1rio e, sobretudo pela proximidade com a divisa do Estado de S\u00e3o Paulo com o Paran\u00e1.<\/p>\n<p style=\"font-weight: 400; text-align: justify;\">A manuten\u00e7\u00e3o da Seccional de Presidente Venceslau estaria ligada, por sua vez, \u00e0 vulnerabilidade da regi\u00e3o em raz\u00e3o da exist\u00eancia de presos de alto grau de periculosidade, junto ao sistema prisional do entorno, muitos dos quais considerados estrat\u00e9gicos na estrutura da organiza\u00e7\u00e3o criminosa que atua dentro e fora dos pres\u00eddios.<\/p>\n<p style=\"font-weight: 400; text-align: justify;\">A perman\u00eancia da Seccional de Presidente Prudente, atenderia sobretudo um dos crit\u00e9rios de corte mais objetivos, considerados na restrutura\u00e7\u00e3o: atender uma popula\u00e7\u00e3o superior a 150 mil habitantes.<\/p>\n<p style=\"font-weight: 400; text-align: justify;\">Ao final, restam as seccionais de Dracena e Adamantina. A perman\u00eancia da unidade, em Dracena, se justificaria por ser uma cidade de maior porte que Adamantina, e por abrigar, tamb\u00e9m, um batalh\u00e3o da Pol\u00edcia Militar (25\u00ba Batalh\u00e3o da Pol\u00edcia Militar do Interior \u2013 25\u00ba BPM-I).<\/p>\n<p style=\"font-weight: 400; text-align: justify;\"><b><strong>SSP-SP confirma estudos, mas nega fechamento<\/strong><\/b><\/p>\n<p style=\"font-weight: 400; text-align: justify;\">A realiza\u00e7\u00e3o dos estudos foi confirmada na tarde desta sexta-feira (15) pela assessoria de imprensa da SSP-SP, em nota ao SIGA MAIS. Por\u00e9m, o \u00f3rg\u00e3o n\u00e3o acrescentou detalhes e descarta a extin\u00e7\u00e3o de unidades policiais. \u201cA Pol\u00edcia Civil realiza constantes estudos para aprimorar sua estrutura b\u00e1sica, otimizar o trabalho policial e o atendimento \u00e0 popula\u00e7\u00e3o. A extin\u00e7\u00e3o de unidades n\u00e3o \u00e9 avaliada\u201d, diz a nota.<\/p>\n<p><img loading=\"lazy\" decoding=\"async\" class=\"alignnone size-full wp-image-41678\" src=\"https:\/\/jorgezanoni.com.br\/2019\/wp-content\/uploads\/2021\/01\/nota.png\" alt=\"\" width=\"656\" height=\"341\" srcset=\"https:\/\/jorgezanoni.com.br\/2019\/wp-content\/uploads\/2021\/01\/nota.png 656w, https:\/\/jorgezanoni.com.br\/2019\/wp-content\/uploads\/2021\/01\/nota-300x156.png 300w\" sizes=\"auto, (max-width: 656px) 100vw, 656px\" \/><em>Nota da SSP-SP (Reprodu\u00e7\u00e3o).<\/em><\/p>\n<p style=\"font-weight: 400; text-align: justify;\">Ainda no texto enviado ao SIGA MAIS, \u201ca institui\u00e7\u00e3o ressalta que, al\u00e9m do atendimento presencial nas delegacias, ampliou em 2020 o rol de crimes que podem ser registrados virtualmente, incluindo casos de viol\u00eancia dom\u00e9stica. O endere\u00e7o para o registro de ocorr\u00eancias pela internet \u00e9\u00a0<a href=\"http:\/\/www.delegaciaeletronica.policiacivil.sp.gov.br\/\">www.delegaciaeletronica.policiacivil.sp.gov.br<\/a>\u201d.<\/p>\n<p style=\"font-weight: 400; text-align: justify;\"><b><strong>Incertezas sobre as especializadas<\/strong><\/b><\/p>\n<p style=\"font-weight: 400; text-align: justify;\">A reestrutura\u00e7\u00e3o do mapa da Pol\u00edcia Civil, no que se refere \u00e0s delegacias seccionais, pode n\u00e3o ser a \u00fanica mudan\u00e7a. H\u00e1 um temor, no meio, de que a racionaliza\u00e7\u00e3o possa atingir, tamb\u00e9m, as unidades especializadas, como a DDM (Delegacia de Defesa da Mulher), DISE (Delegacia de Investiga\u00e7\u00f5es Sobre Entorpecentes), DIG (Delegacia de Investiga\u00e7\u00f5es Gerais) e o NECRIM (N\u00facleo Especial Criminal).<\/p>\n<p style=\"font-weight: 400; text-align: justify;\"><b><strong>Produtividade policial e indicadores de seguran\u00e7a<\/strong><\/b><\/p>\n<p style=\"font-weight: 400; text-align: justify;\">Duas caracter\u00edsticas s\u00e3o marcantes no trabalho da Pol\u00edcia Civil em Adamantina, coordenadas pela Delegacia Seccional. Uma delas, que envolve tamb\u00e9m a interlocu\u00e7\u00e3o com todo o sistema de seguran\u00e7a \u2013 Pol\u00edcia Militar, Pol\u00edcia Cient\u00edfica, Minist\u00e9rio P\u00fablico e Poder Judici\u00e1rio \u2013 \u00e9 a manuten\u00e7\u00e3o dos baixos indicadores de criminalidade, o que faz de Adamantina uma das regi\u00f5es mais seguras do Estado de S\u00e3o Paulo, fato reconhecido publicamente por diversas autoridades e atestados pelos indicadores oficias.<\/p>\n<p style=\"font-weight: 400; text-align: justify;\">Outro aspecto de destaque \u00e9 a produtividade, j\u00e1 que a Delegacia Seccional de Adamantina tem presidido e\/ou atuado em opera\u00e7\u00f5es de grande alcance e repercuss\u00e3o. Uma delas, em mar\u00e7o do ano passado, foi a \u201cOpera\u00e7\u00e3o Atoleiro\u201d, uma for\u00e7a-tarefa envolvendo a Pol\u00edcia Civil, Minist\u00e9rio P\u00fabico, Tribunal de Contas e Secretaria da Fazenda, contra agentes pol\u00edticos (secret\u00e1rios municipais) e servidores de carreira da Prefeitura de Pacaembu, al\u00e9m de empres\u00e1rios, investigados por fraudes em licita\u00e7\u00f5es\u00a0<a href=\"https:\/\/www.sigamais.com\/noticias\/policia\/apos-afastamento-de-prefeito-operacao-atoleiro-cumpre-mandados-de-prisoes-e-buscas-em-pacaembu\/\"><b><strong>(reveja)<\/strong><\/b><\/a>.<\/p>\n<p style=\"font-weight: 400; text-align: justify;\">Outra delas foi a \u201cOpera\u00e7\u00e3o Transformers\u201d, em novembro do ano passado, contra organiza\u00e7\u00e3o criminosa envolvida em fraude que visava a instala\u00e7\u00e3o de quarto eixo em semirreboques, visando proporcionar maior capacidade de carga a ser transportada. Os criminosos fraudavam documentos para executar a adapta\u00e7\u00e3o ilegal nos ve\u00edculos de carga. As investiga\u00e7\u00f5es apontam que somente um dos l\u00edderes da organiza\u00e7\u00e3o criminosa faturou mais de R$ 50 milh\u00f5es com a adultera\u00e7\u00e3o de caminh\u00f5es.<\/p>\n<p style=\"font-weight: 400; text-align: justify;\"><b><strong>D\u00f3ria inaugurou nova seccional de Adamantina no ano passado<\/strong><\/b><\/p>\n<p style=\"font-weight: 400; text-align: justify;\">Em fevereiro do ano passado o governador Jo\u00e3o D\u00f3ria esteve em Adamantina, onde inaugurou o novo pr\u00e9dio da Delegacia Seccional\u00a0<a href=\"https:\/\/www.saopaulo.sp.gov.br\/spnoticias\/governo-de-sp-inaugura-nova-delegacia-seccional-de-adamantina\/\"><b><strong>(reveja)<\/strong><\/b><\/a>, que agora pode ser extinta. A estrutura conta com 2,7 mil metros quadrados em dois pavimentos: t\u00e9rreo e superior. O investimento no novo pr\u00e9dio foi de aproximadamente R$ 3,5 milh\u00f5es.<\/p>\n<p style=\"font-weight: 400; text-align: justify;\">Na \u00e9poca, o portal oficial do governo paulista publicou sobre a inaugura\u00e7\u00e3o, cujo texto carrega uma fala do governador. \u201cEste \u00e9 um novo padr\u00e3o de delegacia e que deve ser replicado em um total de 200 delegacias. Padr\u00e3o em termos de qualidade, funcionalidade e apresenta\u00e7\u00e3o, tanto em respeito aos profissionais da Pol\u00edcia Civil quanto \u00e0 popula\u00e7\u00e3o que se dirige \u00e0 delegacia em busca de atendimento\u201d, disse Doria, conforme o portal.<\/p>\n<p><img loading=\"lazy\" decoding=\"async\" class=\"alignnone size-full wp-image-41679\" src=\"https:\/\/jorgezanoni.com.br\/2019\/wp-content\/uploads\/2021\/01\/doria.jpg\" alt=\"\" width=\"800\" height=\"533\" srcset=\"https:\/\/jorgezanoni.com.br\/2019\/wp-content\/uploads\/2021\/01\/doria.jpg 800w, https:\/\/jorgezanoni.com.br\/2019\/wp-content\/uploads\/2021\/01\/doria-300x200.jpg 300w, https:\/\/jorgezanoni.com.br\/2019\/wp-content\/uploads\/2021\/01\/doria-768x512.jpg 768w, https:\/\/jorgezanoni.com.br\/2019\/wp-content\/uploads\/2021\/01\/doria-696x464.jpg 696w, https:\/\/jorgezanoni.com.br\/2019\/wp-content\/uploads\/2021\/01\/doria-630x420.jpg 630w\" sizes=\"auto, (max-width: 800px) 100vw, 800px\" \/><em>Governador D\u00f3ria na inaugura\u00e7\u00e3o do novo pr\u00e9dio, em Adamantina (Foto: GovSP).<\/em><\/p>\n<p style=\"font-weight: 400; text-align: justify;\">Tamb\u00e9m diferente da tend\u00eancia de enxugamento da estrutura f\u00edsica da Pol\u00edcia Civil, o governo paulista anunciou em novembro a contrata\u00e7\u00e3o de 5.875 policiais militares e civis, aprovados em concursos p\u00fablicos\u00a0<b><strong><a href=\"https:\/\/www.sigamais.com\/noticias\/policia\/governo-de-sp-anuncia-a-contratacao-de-58-mil-policiais-militares-e-civis-aprovados-em-concurso\/\">(reveja)<\/a><\/strong><\/b>. Para atividades de pol\u00edcia judici\u00e1ria, segundo divulgado \u00e0 \u00e9poca, seriam nomeados 885 profissionais, sendo 32 delegados, 600 investigadores, 54 agentes de telecomunica\u00e7\u00e3o, 30 papiloscopistas, 86 auxiliares de papiloscopista e 83 agentes policiais.<\/p>\n<p style=\"font-weight: 400; text-align: justify;\"><b><strong>Corte nas despesas<\/strong><\/b><\/p>\n<p style=\"font-weight: 400; text-align: justify;\">Os estudos de restrutura\u00e7\u00e3o da Pol\u00edcia Civil n\u00e3o est\u00e3o diretamente vinculados ao pacote de enxugamento da m\u00e1quina p\u00fablica paulista, conforme lei aprovada na Assembleia Legislativa paulista que autorizou o governo de S\u00e3o Paulo a extinguir as empresas p\u00fablicas EMTU (Empresa Metropolitana de Transportes Urbanos de S\u00e3o Paulo) e CDHU (Companhia de Desenvolvimento Habitacional e Urbano do Estado de S\u00e3o Paulo); quatro autarquias (Sucen \u2013 Superintend\u00eancia de Controle de Endemias), Imesc (Instituto de Medicina Social e de Criminologia), Daesp (Departamento Aerovi\u00e1rio do Estado de S\u00e3o Paulo) e Itesp (Funda\u00e7\u00e3o Instituto de Terras); al\u00e9m de tr\u00eas funda\u00e7\u00f5es: a Funda\u00e7\u00e3o Parque Zool\u00f3gico de S\u00e3o Paulo, a Fosp (Funda\u00e7\u00e3o Oncocentro de S\u00e3o Paulo) e Furp (Funda\u00e7\u00e3o para o Rem\u00e9dio Popular); e ainda a fus\u00e3o do Instituto Florestal com os institutos de Bot\u00e2nica e Geol\u00f3gico, a venda (aliena\u00e7\u00e3o) de im\u00f3veis p\u00fablicos, o aumento no valor das contribui\u00e7\u00f5es dos servidores estaduais ao IAMSPE (Instituto de Assist\u00eancia M\u00e9dica ao Servidor P\u00fablico Estadual) e o fim de incentivos fiscais previstos na legisla\u00e7\u00e3o do ICMS.<\/p>\n<p style=\"font-weight: 400; text-align: justify;\">Na justificativa para essa decis\u00e3o, o governo estadual projetou para 2021 um d\u00e9ficit de R$ 10,4 bilh\u00f5es nos cofres p\u00fablicos pela queda na arrecada\u00e7\u00e3o, com receitas estimadas em R$ 214,9 bilh\u00f5es e despesas de R$ 225,4 bilh\u00f5es.<\/p>\n<p style=\"font-weight: 400; text-align: justify;\">Mesmo sem qualquer vincula\u00e7\u00e3o objetiva como esse pacote, a eventual extin\u00e7\u00e3o de delegacias seccionais pode ser interpretada pela mesma perspectiva de racionaliza\u00e7\u00e3o da m\u00e1quina p\u00fablica, sobretudo sua estrutura f\u00edsica, com a amplia\u00e7\u00e3o de servi\u00e7os eletr\u00f4nicos remotos.<\/p>\n<p style=\"text-align: justify;\">Fonte: https:\/\/www.sigamais.com\/noticias\/policia\/delegacia-seccional-da-policia-civil-de-adamantina-pode-ser-extinta-em-nota-seguranca-publica-nega\/<\/p>\n<p>&nbsp;<\/p>\n","protected":false},"excerpt":{"rendered":"<p>Estudos para restrutura\u00e7\u00e3o s\u00e3o realizados pela Secretaria da Seguran\u00e7a P\u00fablica (SSP-SP). Informa\u00e7\u00f5es que circulam no meio policial, acerca de estudos para a poss\u00edvel restrutura\u00e7\u00e3o das unidades da Pol\u00edcia Civil em todo o Estado de S\u00e3o Paulo, ganharam detalhes mais precisos nos \u00faltimos dias, sinalizando medidas de enxugamento administrativo que poderiam atingir as unidades ligadas ao [&hellip;]<\/p>\n","protected":false},"author":1,"featured_media":41680,"comment_status":"closed","ping_status":"open","sticky":false,"template":"","format":"standard","meta":{"footnotes":""},"categories":[195,179,110],"tags":[],"class_list":["post-41676","post","type-post","status-publish","format-standard","has-post-thumbnail","hentry","category-adamantina","category-cidadeseregiao","category-noticiasdestaque"],"_links":{"self":[{"href":"https:\/\/jorgezanoni.com.br\/2019\/wp-json\/wp\/v2\/posts\/41676","targetHints":{"allow":["GET"]}}],"collection":[{"href":"https:\/\/jorgezanoni.com.br\/2019\/wp-json\/wp\/v2\/posts"}],"about":[{"href":"https:\/\/jorgezanoni.com.br\/2019\/wp-json\/wp\/v2\/types\/post"}],"author":[{"embeddable":true,"href":"https:\/\/jorgezanoni.com.br\/2019\/wp-json\/wp\/v2\/users\/1"}],"replies":[{"embeddable":true,"href":"https:\/\/jorgezanoni.com.br\/2019\/wp-json\/wp\/v2\/comments?post=41676"}],"version-history":[{"count":0,"href":"https:\/\/jorgezanoni.com.br\/2019\/wp-json\/wp\/v2\/posts\/41676\/revisions"}],"wp:featuredmedia":[{"embeddable":true,"href":"https:\/\/jorgezanoni.com.br\/2019\/wp-json\/wp\/v2\/media\/41680"}],"wp:attachment":[{"href":"https:\/\/jorgezanoni.com.br\/2019\/wp-json\/wp\/v2\/media?parent=41676"}],"wp:term":[{"taxonomy":"category","embeddable":true,"href":"https:\/\/jorgezanoni.com.br\/2019\/wp-json\/wp\/v2\/categories?post=41676"},{"taxonomy":"post_tag","embeddable":true,"href":"https:\/\/jorgezanoni.com.br\/2019\/wp-json\/wp\/v2\/tags?post=41676"}],"curies":[{"name":"wp","href":"https:\/\/api.w.org\/{rel}","templated":true}]}}