{"id":41673,"date":"2021-01-16T17:52:33","date_gmt":"2021-01-16T17:52:33","guid":{"rendered":"https:\/\/jorgezanoni.com.br\/2019\/?p=41673"},"modified":"2021-01-16T17:52:33","modified_gmt":"2021-01-16T17:52:33","slug":"prefeitura-de-adamantina-decreta-toque-de-recolher","status":"publish","type":"post","link":"https:\/\/jorgezanoni.com.br\/2019\/prefeitura-de-adamantina-decreta-toque-de-recolher\/","title":{"rendered":"Prefeitura de Adamantina decreta toque de recolher"},"content":{"rendered":"<p style=\"text-align: justify;\">Considerando o agravamento da pandemia da COVID-19 em Adamantina e a capacidade de suporte do Sistema de Sa\u00fade Regional &#8211; DRS-9 e, ainda, a recomenda\u00e7\u00e3o do Comit\u00ea de Contingenciamento Municipal, a Prefeitura de Adamantina decreta de 18 de janeiro a 01 de fevereiro toque de recolher no munic\u00edpio.<\/p>\n<p style=\"text-align: justify;\">Com isso, fica decretado o confinamento domiciliar em todo territ\u00f3rio do munic\u00edpio de Adamantina das 22hs \u00e0s 05hs do dia seguinte. Sendo assim, ficando terminantemente proibida a circula\u00e7\u00e3o de pessoas, exceto quando necess\u00e1ria para acesso aos servi\u00e7os essenciais e sua presta\u00e7\u00e3o, comprovando-se a necessidade ou urg\u00eancia.<\/p>\n<p style=\"text-align: justify;\">A medida prevista no decreto 6278 n\u00e3o se aplica a postos de combust\u00edveis, farm\u00e1cias e servi\u00e7os de sa\u00fade, que podem funcionar em hor\u00e1rio regular, bem como aos servi\u00e7os de delivery, seguran\u00e7a e a\u00e7\u00f5es destinadas ao enfrentamento da COVID-19.<\/p>\n<p style=\"text-align: justify;\">As medidas previstas neste decreto poder\u00e3o ser reavaliadas a qualquer momento, de acordo com a situa\u00e7\u00e3o epidemiol\u00f3gica do munic\u00edpio. O decreto entrar\u00e1 em vigor na segunda-feira (18).<\/p>\n<p style=\"text-align: justify;\">Fonte: https:\/\/adamantina.sp.gov.br\/<\/p>\n","protected":false},"excerpt":{"rendered":"<p>Considerando o agravamento da pandemia da COVID-19 em Adamantina e a capacidade de suporte do Sistema de Sa\u00fade Regional &#8211; DRS-9 e, ainda, a recomenda\u00e7\u00e3o do Comit\u00ea de Contingenciamento Municipal, a Prefeitura de Adamantina decreta de 18 de janeiro a 01 de fevereiro toque de recolher no munic\u00edpio. Com isso, fica decretado o confinamento domiciliar [&hellip;]<\/p>\n","protected":false},"author":1,"featured_media":41674,"comment_status":"closed","ping_status":"open","sticky":false,"template":"","format":"standard","meta":{"footnotes":""},"categories":[195,179,110],"tags":[],"class_list":["post-41673","post","type-post","status-publish","format-standard","has-post-thumbnail","hentry","category-adamantina","category-cidadeseregiao","category-noticiasdestaque"],"_links":{"self":[{"href":"https:\/\/jorgezanoni.com.br\/2019\/wp-json\/wp\/v2\/posts\/41673","targetHints":{"allow":["GET"]}}],"collection":[{"href":"https:\/\/jorgezanoni.com.br\/2019\/wp-json\/wp\/v2\/posts"}],"about":[{"href":"https:\/\/jorgezanoni.com.br\/2019\/wp-json\/wp\/v2\/types\/post"}],"author":[{"embeddable":true,"href":"https:\/\/jorgezanoni.com.br\/2019\/wp-json\/wp\/v2\/users\/1"}],"replies":[{"embeddable":true,"href":"https:\/\/jorgezanoni.com.br\/2019\/wp-json\/wp\/v2\/comments?post=41673"}],"version-history":[{"count":0,"href":"https:\/\/jorgezanoni.com.br\/2019\/wp-json\/wp\/v2\/posts\/41673\/revisions"}],"wp:featuredmedia":[{"embeddable":true,"href":"https:\/\/jorgezanoni.com.br\/2019\/wp-json\/wp\/v2\/media\/41674"}],"wp:attachment":[{"href":"https:\/\/jorgezanoni.com.br\/2019\/wp-json\/wp\/v2\/media?parent=41673"}],"wp:term":[{"taxonomy":"category","embeddable":true,"href":"https:\/\/jorgezanoni.com.br\/2019\/wp-json\/wp\/v2\/categories?post=41673"},{"taxonomy":"post_tag","embeddable":true,"href":"https:\/\/jorgezanoni.com.br\/2019\/wp-json\/wp\/v2\/tags?post=41673"}],"curies":[{"name":"wp","href":"https:\/\/api.w.org\/{rel}","templated":true}]}}