{"id":41654,"date":"2021-01-16T01:47:38","date_gmt":"2021-01-16T01:47:38","guid":{"rendered":"https:\/\/jorgezanoni.com.br\/2019\/?p=41654"},"modified":"2021-01-16T01:48:22","modified_gmt":"2021-01-16T01:48:22","slug":"mulher-morre-e-tres-ficam-feridas-em-acidente-na-sp-294-no-inicio-da-noite","status":"publish","type":"post","link":"https:\/\/jorgezanoni.com.br\/2019\/mulher-morre-e-tres-ficam-feridas-em-acidente-na-sp-294-no-inicio-da-noite\/","title":{"rendered":"Mulher morre e tr\u00eas pessoas ficam feridas em acidente na SP-294 no in\u00edcio da noite"},"content":{"rendered":"<h1 class=\"mvp-post-title left entry-title\" style=\"text-align: justify;\"><strong>Uma pessoa morre e tr\u00eas ficam feridas em acidente na SP-294 em Fl\u00f3rida Paulista.<\/strong><\/h1>\n<p style=\"text-align: justify;\">Uma pessoa morreu e outras tr\u00eas ficaram feridas em um capotamento ocorrido por volta das 19h50 desta sexta-feira (15) no km 614 + 300 metros da Rodovia Comandante Jo\u00e3o Ribeiro de Barros (SP-294), pr\u00f3ximo \u00e0 Barraca do Bosque no limite de munic\u00edpio entre Fl\u00f3rida Paulista e Pacaembu.<\/p>\n<p style=\"text-align: justify;\">Segundo as primeiras informa\u00e7\u00f5es apuradas pelo N\u00facleo de Jornalismo do jornal e site\u00a0<em><strong>Folha Regional<\/strong>\u00a0<\/em>junto \u00e0 Pol\u00edcia Militar Rodovi\u00e1ria de Adamantina que ainda atuava nesta ocorr\u00eancia no momento da postagem desta not\u00edcia, as v\u00edtimas ocupavam um ve\u00edculo GM Corsa, que seguia no sentido Fl\u00f3rida \/ Pacaembu e que por motivos ainda desconhecidos, atravessou a pista, capotou e foi parar pr\u00f3ximo de uma planta\u00e7\u00e3o de seringueiras.<\/p>\n<p style=\"text-align: justify;\">Todos os envolvidos no acidente s\u00e3o moradores de Pacaembu. A mulher n\u00e3o resistiu e teve \u00f3bito constatado pela equipe m\u00e9dica na Santa Casa de Pacaembu e outros tr\u00eas ocupantes do ve\u00edculo sofreram ferimentos leves e passam bem.<\/p>\n<p style=\"text-align: justify;\">Atuam nesta ocorr\u00eancia as equipes da Pol\u00edcia Militar Rodovi\u00e1ria, Pol\u00edcia Civil, Pol\u00edcia Militar, Pol\u00edcia Cientifica, Corpo de Bombeiros, ambul\u00e2ncia de Pacaembu e a concession\u00e1ria que administra a rodovia.<\/p>\n<p style=\"text-align: justify;\">As causas do acidente ser\u00e3o reveladas com a emiss\u00e3o de um laudo da Pol\u00edcia Cientifica de Adamantina e far\u00e3o parte de um inqu\u00e9rito aberto pela Pol\u00edcia Civil.<\/p>\n<p style=\"text-align: justify;\">Fonte: Folha Regional &#8211; Foto: Diego Fernandes \/ ifolharegional.com.br<\/p>\n","protected":false},"excerpt":{"rendered":"<p>Uma pessoa morre e tr\u00eas ficam feridas em acidente na SP-294 em Fl\u00f3rida Paulista. Uma pessoa morreu e outras tr\u00eas ficaram feridas em um capotamento ocorrido por volta das 19h50 desta sexta-feira (15) no km 614 + 300 metros da Rodovia Comandante Jo\u00e3o Ribeiro de Barros (SP-294), pr\u00f3ximo \u00e0 Barraca do Bosque no limite de [&hellip;]<\/p>\n","protected":false},"author":1,"featured_media":41655,"comment_status":"closed","ping_status":"open","sticky":false,"template":"","format":"standard","meta":{"footnotes":""},"categories":[170,110],"tags":[],"class_list":["post-41654","post","type-post","status-publish","format-standard","has-post-thumbnail","hentry","category-acidentes","category-noticiasdestaque"],"_links":{"self":[{"href":"https:\/\/jorgezanoni.com.br\/2019\/wp-json\/wp\/v2\/posts\/41654","targetHints":{"allow":["GET"]}}],"collection":[{"href":"https:\/\/jorgezanoni.com.br\/2019\/wp-json\/wp\/v2\/posts"}],"about":[{"href":"https:\/\/jorgezanoni.com.br\/2019\/wp-json\/wp\/v2\/types\/post"}],"author":[{"embeddable":true,"href":"https:\/\/jorgezanoni.com.br\/2019\/wp-json\/wp\/v2\/users\/1"}],"replies":[{"embeddable":true,"href":"https:\/\/jorgezanoni.com.br\/2019\/wp-json\/wp\/v2\/comments?post=41654"}],"version-history":[{"count":0,"href":"https:\/\/jorgezanoni.com.br\/2019\/wp-json\/wp\/v2\/posts\/41654\/revisions"}],"wp:featuredmedia":[{"embeddable":true,"href":"https:\/\/jorgezanoni.com.br\/2019\/wp-json\/wp\/v2\/media\/41655"}],"wp:attachment":[{"href":"https:\/\/jorgezanoni.com.br\/2019\/wp-json\/wp\/v2\/media?parent=41654"}],"wp:term":[{"taxonomy":"category","embeddable":true,"href":"https:\/\/jorgezanoni.com.br\/2019\/wp-json\/wp\/v2\/categories?post=41654"},{"taxonomy":"post_tag","embeddable":true,"href":"https:\/\/jorgezanoni.com.br\/2019\/wp-json\/wp\/v2\/tags?post=41654"}],"curies":[{"name":"wp","href":"https:\/\/api.w.org\/{rel}","templated":true}]}}