{"id":41647,"date":"2021-01-15T23:39:20","date_gmt":"2021-01-15T23:39:20","guid":{"rendered":"https:\/\/jorgezanoni.com.br\/2019\/?p=41647"},"modified":"2021-01-15T23:42:28","modified_gmt":"2021-01-15T23:42:28","slug":"homem-e-encontrado-morto-dentro-de-residencia-em-dracena","status":"publish","type":"post","link":"https:\/\/jorgezanoni.com.br\/2019\/homem-e-encontrado-morto-dentro-de-residencia-em-dracena\/","title":{"rendered":"Homem \u00e9 encontrado morto dentro de resid\u00eancia em Dracena"},"content":{"rendered":"<p style=\"text-align: justify;\">No in\u00edcio da noite desta sexta-feira (15), foi localizado morto dentro de sua resid\u00eancia, na rua Maria Moretti Carreira, o senhor Lup\u00e9rcio Tozze.<\/p>\n<p style=\"text-align: justify;\">Bombeiros, Pol\u00edcia Militar e Pol\u00edcia t\u00e9cnica, estiveram no local para apurar os fatos.<\/p>\n<p>Lup\u00e9rcio foi candidato a vereador nas \u00faltimas elei\u00e7\u00f5es de novembro de 2.020.<\/p>\n<p style=\"text-align: justify;\">Segundo informa\u00e7\u00f5es de um familiar da familia, o mesmo teria tido um infarto e n\u00e3o resistiu.<\/p>\n<p style=\"text-align: justify;\">(Aguarde informa\u00e7\u00f5es)<\/p>\n<p style=\"text-align: justify;\">Jorge Zanoni<\/p>\n<p style=\"text-align: justify;\">\n","protected":false},"excerpt":{"rendered":"<p>No in\u00edcio da noite desta sexta-feira (15), foi localizado morto dentro de sua resid\u00eancia, na rua Maria Moretti Carreira, o senhor Lup\u00e9rcio Tozze. Bombeiros, Pol\u00edcia Militar e Pol\u00edcia t\u00e9cnica, estiveram no local para apurar os fatos. Lup\u00e9rcio foi candidato a vereador nas \u00faltimas elei\u00e7\u00f5es de novembro de 2.020. Segundo informa\u00e7\u00f5es de um familiar da familia, [&hellip;]<\/p>\n","protected":false},"author":1,"featured_media":41648,"comment_status":"closed","ping_status":"open","sticky":false,"template":"","format":"standard","meta":{"footnotes":""},"categories":[178,110,2],"tags":[],"class_list":["post-41647","post","type-post","status-publish","format-standard","has-post-thumbnail","hentry","category-notadefalecimento","category-noticiasdestaque","category-policial"],"_links":{"self":[{"href":"https:\/\/jorgezanoni.com.br\/2019\/wp-json\/wp\/v2\/posts\/41647","targetHints":{"allow":["GET"]}}],"collection":[{"href":"https:\/\/jorgezanoni.com.br\/2019\/wp-json\/wp\/v2\/posts"}],"about":[{"href":"https:\/\/jorgezanoni.com.br\/2019\/wp-json\/wp\/v2\/types\/post"}],"author":[{"embeddable":true,"href":"https:\/\/jorgezanoni.com.br\/2019\/wp-json\/wp\/v2\/users\/1"}],"replies":[{"embeddable":true,"href":"https:\/\/jorgezanoni.com.br\/2019\/wp-json\/wp\/v2\/comments?post=41647"}],"version-history":[{"count":0,"href":"https:\/\/jorgezanoni.com.br\/2019\/wp-json\/wp\/v2\/posts\/41647\/revisions"}],"wp:featuredmedia":[{"embeddable":true,"href":"https:\/\/jorgezanoni.com.br\/2019\/wp-json\/wp\/v2\/media\/41648"}],"wp:attachment":[{"href":"https:\/\/jorgezanoni.com.br\/2019\/wp-json\/wp\/v2\/media?parent=41647"}],"wp:term":[{"taxonomy":"category","embeddable":true,"href":"https:\/\/jorgezanoni.com.br\/2019\/wp-json\/wp\/v2\/categories?post=41647"},{"taxonomy":"post_tag","embeddable":true,"href":"https:\/\/jorgezanoni.com.br\/2019\/wp-json\/wp\/v2\/tags?post=41647"}],"curies":[{"name":"wp","href":"https:\/\/api.w.org\/{rel}","templated":true}]}}