{"id":41641,"date":"2021-01-15T16:40:25","date_gmt":"2021-01-15T16:40:25","guid":{"rendered":"https:\/\/jorgezanoni.com.br\/2019\/?p=41641"},"modified":"2021-01-15T16:40:25","modified_gmt":"2021-01-15T16:40:25","slug":"em-nova-reclassificacao-do-plano-sao-paulo-12-municipios-da-nova-alta-paulista-caem-para-a-fase-vermelha-regiao-de-presidente-prudente-onde-esta-dracena-fica-na-laranja","status":"publish","type":"post","link":"https:\/\/jorgezanoni.com.br\/2019\/em-nova-reclassificacao-do-plano-sao-paulo-12-municipios-da-nova-alta-paulista-caem-para-a-fase-vermelha-regiao-de-presidente-prudente-onde-esta-dracena-fica-na-laranja\/","title":{"rendered":"Em nova reclassifica\u00e7\u00e3o do Plano S\u00e3o Paulo, 12 munic\u00edpios da Nova Alta Paulista caem para a fase vermelha; regi\u00e3o de Presidente Prudente onde est\u00e1 Dracena, fica na laranja"},"content":{"rendered":"<h2 class=\"content-head__subtitle\" style=\"text-align: justify;\"><strong>Adamantina, Fl\u00f3rida Paulista, In\u00fabia Paulista, Luc\u00e9lia, Mari\u00e1polis, Osvaldo Cruz, Pacaembu, Parapu\u00e3, Pracinha, Rin\u00f3polis, Sagres e Salmour\u00e3o passam a enfrentar etapa mais restritiva ao funcionamento das atividades econ\u00f4micas.<\/strong><\/h2>\n<div class=\"mc-column content-text active-extra-styles \" data-block-type=\"unstyled\" data-block-weight=\"68\" data-block-id=\"2\">\n<p class=\"content-text__container \" style=\"text-align: justify;\" data-track-category=\"Link no Texto\" data-track-links=\"\">Em nova reclassifica\u00e7\u00e3o do Plano S\u00e3o Paulo, o governo do Estado rebaixou nesta sexta-feira (15) toda a \u00e1rea de abrang\u00eancia do Departamento Regional de Sa\u00fade (DRS) com sede em Mar\u00edlia para a fase vermelha, a mais restritiva ao funcionamento das atividades econ\u00f4micas, na qual somente os servi\u00e7os considerados essenciais t\u00eam permiss\u00e3o para operar. A medida atinge diretamente 12 munic\u00edpios da Nova Alta Paulista que s\u00e3o vinculados \u00e0quele DRS:<\/p>\n<\/div>\n<div class=\"wall protected-content\">\n<div class=\"mc-column content-text active-extra-styles\" style=\"text-align: justify;\" data-block-type=\"raw\" data-block-weight=\"15\" data-block-id=\"3\">\n<ul class=\"content-unordered-list\">\n<li>Adamantina<\/li>\n<li>Fl\u00f3rida Paulista<\/li>\n<li>In\u00fabia Paulista<\/li>\n<li>Luc\u00e9lia<\/li>\n<li>Mari\u00e1polis<\/li>\n<li>Osvaldo Cruz<\/li>\n<li>Pacaembu<\/li>\n<li>Parapu\u00e3<\/li>\n<li>Pracinha<\/li>\n<li>Rin\u00f3polis<\/li>\n<li>Sagres<\/li>\n<li>Salmour\u00e3o<\/li>\n<\/ul>\n<\/div>\n<div class=\"mc-column content-text active-extra-styles \" style=\"text-align: justify;\" data-block-type=\"unstyled\" data-block-weight=\"22\" data-block-id=\"4\">\n<p class=\"content-text__container \" data-track-category=\"Link no Texto\" data-track-links=\"\">J\u00e1 os 44 munic\u00edpios do Oeste Paulista que s\u00e3o vinculados ao DRS de Presidente Prudente foram mantidos na fase laranja. S\u00e3o eles:<\/p>\n<\/div>\n<div class=\"mc-column content-text active-extra-styles\" style=\"text-align: justify;\" data-block-type=\"raw\" data-block-weight=\"75\" data-block-id=\"5\">\n<ul class=\"content-unordered-list\">\n<li>Alfredo Marcondes<\/li>\n<li>\u00c1lvares Machado<\/li>\n<li>Anhumas<\/li>\n<li>Caiabu<\/li>\n<li>Caiu\u00e1<\/li>\n<li>Dracena<\/li>\n<li>Emilian\u00f3polis<\/li>\n<li>Estrela do Norte<\/li>\n<li>Euclides da Cunha Paulista<\/li>\n<li>Flora Rica<\/li>\n<li>Iep\u00ea<\/li>\n<li>Indiana<\/li>\n<li>Irapuru<\/li>\n<li>Jo\u00e3o Ramalho<\/li>\n<li>Junqueir\u00f3polis<\/li>\n<li>Marab\u00e1 Paulista<\/li>\n<li>Martin\u00f3polis<\/li>\n<li>Mirante do Paranapanema<\/li>\n<li>Monte Castelo<\/li>\n<li>Nantes<\/li>\n<li>Narandiba<\/li>\n<li>Nova Guataporanga<\/li>\n<li>Ouro Verde<\/li>\n<li>Panorama<\/li>\n<li>Paulic\u00e9ia<\/li>\n<li>Piquerobi<\/li>\n<li>Pirapozinho<\/li>\n<li>Presidente Bernardes<\/li>\n<li>Presidente Epit\u00e1cio<\/li>\n<li>Presidente Prudente<\/li>\n<li>Presidente Venceslau<\/li>\n<li>Rancharia<\/li>\n<li>Regente Feij\u00f3<\/li>\n<li>Ribeir\u00e3o dos \u00cdndios<\/li>\n<li>Rosana<\/li>\n<li>Sandovalina<\/li>\n<li>Santa Mercedes<\/li>\n<li>Santo Anast\u00e1cio<\/li>\n<li>Santo Expedito<\/li>\n<li>S\u00e3o Jo\u00e3o do Pau d&#8217;Alho<\/li>\n<li>Taciba<\/li>\n<li>Tarabai<\/li>\n<li>Teodoro Sampaio<\/li>\n<li>Tupi Paulista<\/li>\n<\/ul>\n<\/div>\n<div class=\"mc-column content-text active-extra-styles \" style=\"text-align: justify;\" data-block-type=\"unstyled\" data-block-weight=\"20\" data-block-id=\"6\">\n<p class=\"content-text__container \" data-track-category=\"Link no Texto\" data-track-links=\"\">Os 56 munic\u00edpios do Oeste Paulista est\u00e3o divididos entre os Departamentos Regionais de Sa\u00fade de Mar\u00edlia e de Presidente Prudente.<\/p>\n<\/div>\n<div class=\"content-ads content-ads--reveal\" style=\"text-align: justify;\" data-block-type=\"ads\" data-block-id=\"7\">\n<div id=\"banner_materia2\" class=\"tag-manager-publicidade-container mc-has-reveal mc-has-ad-lazyload\" data-id=\"banner_materia2\">A nova atualiza\u00e7\u00e3o do Plano S\u00e3o Paulo estava inicialmente prevista para o dia 5 de fevereiro, <a href=\"https:\/\/g1.globo.com\/sp\/sao-paulo\/noticia\/2021\/01\/13\/com-piora-nos-indicadores-da-covid-19-governo-de-sp-antecipa-reclassificacao-do-plano-de-flexibilizacao-para-esta-sexta.ghtml\">mas o governo do Estado decidiu antecip\u00e1-la para esta sexta-feira (15)<\/a>.<\/div>\n<\/div>\n<div class=\"mc-column content-text active-extra-styles \" style=\"text-align: justify;\" data-block-type=\"unstyled\" data-block-weight=\"132\" data-block-id=\"9\">\n<p class=\"content-text__container \" data-track-category=\"Link no Texto\" data-track-links=\"\">Quando come\u00e7aram as atualiza\u00e7\u00f5es do Plano S\u00e3o Paulo, em 27 de maio de 2020, os 44 munic\u00edpios do Oeste Paulista vinculados ao DRS de Presidente Prudente estavam classificados na fase amarela. Depois, em 10 de junho, regrediram para a fase vermelha, na qual permaneceram at\u00e9 10 de julho, quando subiram para a etapa laranja. Esta regi\u00e3o continuou estagnada, sem evolu\u00e7\u00e3o ou decr\u00e9scimo, na fase laranja, at\u00e9 conseguir passar para a etapa amarela no dia 4 de setembro. Em 22 de dezembro, o DRS de Presidente Prudente recuou para a fase vermelha, a mais restritiva do Plano S\u00e3o Paulo. No dia 8 de janeiro de 2021, na primeira atualiza\u00e7\u00e3o do Plano S\u00e3o Paulo neste ano,\u00a0<a href=\"https:\/\/g1.globo.com\/sp\/presidente-prudente-regiao\/noticia\/2021\/01\/08\/nova-atualizacao-do-plano-sao-paulo-coloca-a-regiao-de-presidente-prudente-na-fase-laranja.ghtml\">o DRS de Presidente Prudente evoluiu para a fase laranja<\/a>, etapa em que foi mantido nesta sexta-feira (15).<\/p>\n<\/div>\n<div class=\"mc-column content-text active-extra-styles \" style=\"text-align: justify;\" data-block-type=\"unstyled\" data-block-weight=\"135\" data-block-id=\"10\">\n<p class=\"content-text__container \" data-track-category=\"Link no Texto\" data-track-links=\"\">J\u00e1 os 12 munic\u00edpios do Oeste Paulista atrelados ao DRS de Mar\u00edlia come\u00e7aram, em 27 de maio do ano passado, na fase laranja. Em 19 de junho, deca\u00edram para a fase vermelha. Em 10 de julho, subiram para a fase laranja, na qual ficaram at\u00e9 a atualiza\u00e7\u00e3o feita em 7 de agosto, quando evolu\u00edram pela primeira vez para a etapa amarela. No dia 21 de agosto, voltaram a regredir para a fase laranja, na qual permaneceram at\u00e9 o dia 4 de setembro, quando retornaram para a etapa amarela. Na atualiza\u00e7\u00e3o do Plano S\u00e3o Paulo feita em 22 de dezembro, o governo do Estado manteve o DRS de Mar\u00edlia na fase amarela. No dia 8 de janeiro,\u00a0<a href=\"https:\/\/g1.globo.com\/sp\/presidente-prudente-regiao\/noticia\/2021\/01\/08\/nova-atualizacao-do-plano-sao-paulo-coloca-a-regiao-de-presidente-prudente-na-fase-laranja.ghtml\">houve o recuo para a etapa laranja<\/a>\u00a0e, nesta sexta-feira (15), mais um regresso, agora para a fase vermelha.<\/p>\n<\/div>\n<div class=\"mc-column content-text active-extra-styles \" style=\"text-align: justify;\" data-block-type=\"unstyled\" data-block-weight=\"19\" data-block-id=\"11\">\n<p class=\"content-text__container \" data-track-category=\"Link no Texto\" data-track-links=\"\">Na atualiza\u00e7\u00e3o feita nesta sexta-feira (15), tr\u00eas regi\u00f5es do Estado permaneceram na fase laranja: Presidente Prudente, Registro e Sorocaba.<\/p>\n<\/div>\n<div class=\"mc-column content-text active-extra-styles \" style=\"text-align: justify;\" data-block-type=\"unstyled\" data-block-weight=\"24\" data-block-id=\"13\">\n<p class=\"content-text__container \" data-track-category=\"Link no Texto\" data-track-links=\"\">Outras sete regi\u00f5es foram rebaixadas da etapa amarela para a laranja: Ara\u00e7atuba, Bauru, Franca, Piracicaba, Ribeir\u00e3o Preto, S\u00e3o Jos\u00e9 do Rio Preto e Taubat\u00e9.<\/p>\n<\/div>\n<div class=\"mc-column content-text active-extra-styles \" style=\"text-align: justify;\" data-block-type=\"unstyled\" data-block-weight=\"8\" data-block-id=\"14\">\n<p class=\"content-text__container \" data-track-category=\"Link no Texto\" data-track-links=\"\">Uma regi\u00e3o desceu para o n\u00edvel vermelho: Mar\u00edlia.<\/p>\n<\/div>\n<div class=\"mc-column content-text active-extra-styles \" style=\"text-align: justify;\" data-block-type=\"unstyled\" data-block-weight=\"21\" data-block-id=\"15\">\n<p class=\"content-text__container \" data-track-category=\"Link no Texto\" data-track-links=\"\">Continuaram no patamar amarelo as seguintes regi\u00f5es: Araraquara, Baixada Santista, Barretos, Campinas, Grande S\u00e3o Paulo e S\u00e3o Jo\u00e3o da Boa Vista.<\/p>\n<\/div>\n<div class=\"mc-column content-text active-extra-styles \" style=\"text-align: justify;\" data-block-type=\"unstyled\" data-block-weight=\"64\" data-block-id=\"16\">\n<p class=\"content-text__container \" data-track-category=\"Link no Texto\" data-track-links=\"\">\u201cAs medidas s\u00e3o para evitar a superlota\u00e7\u00e3o de hospitais e Unidades de Terapia Intensiva e consequentemente a falta de atendimento m\u00e9dico necess\u00e1rio para proteger vidas. S\u00e3o Paulo n\u00e3o protela medidas, S\u00e3o Paulo age e \u00e9 por isso que estamos fazendo hoje a reclassifica\u00e7\u00e3o do Plano S\u00e3o Paulo\u201d, afirmou o governador Jo\u00e3o Doria Junior (PSDB) em entrevista coletiva no Pal\u00e1cio dos Bandeirantes, na capital paulista.<\/p>\n<\/div>\n<div class=\"mc-column content-text active-extra-styles \" data-block-type=\"unstyled\" data-block-weight=\"23\" data-block-id=\"17\">\n<p class=\"content-text__container \" style=\"text-align: justify;\" data-track-category=\"Link no Texto\" data-track-links=\"\">O Plano S\u00e3o Paulo \u00e9 formado por cinco fases: vermelha (alerta m\u00e1ximo), laranja (controle), amarela (flexibiliza\u00e7\u00e3o), verde (abertura parcial) e azul (normal controlado).<\/p>\n<p style=\"text-align: justify;\" data-track-category=\"Link no Texto\" data-track-links=\"\">Fonte: G1<\/p>\n<\/div>\n<\/div>\n","protected":false},"excerpt":{"rendered":"<p>Adamantina, Fl\u00f3rida Paulista, In\u00fabia Paulista, Luc\u00e9lia, Mari\u00e1polis, Osvaldo Cruz, Pacaembu, Parapu\u00e3, Pracinha, Rin\u00f3polis, Sagres e Salmour\u00e3o passam a enfrentar etapa mais restritiva ao funcionamento das atividades econ\u00f4micas. Em nova reclassifica\u00e7\u00e3o do Plano S\u00e3o Paulo, o governo do Estado rebaixou nesta sexta-feira (15) toda a \u00e1rea de abrang\u00eancia do Departamento Regional de Sa\u00fade (DRS) com sede [&hellip;]<\/p>\n","protected":false},"author":1,"featured_media":41642,"comment_status":"closed","ping_status":"open","sticky":false,"template":"","format":"standard","meta":{"footnotes":""},"categories":[110,116],"tags":[],"class_list":["post-41641","post","type-post","status-publish","format-standard","has-post-thumbnail","hentry","category-noticiasdestaque","category-politicaeeconomia"],"_links":{"self":[{"href":"https:\/\/jorgezanoni.com.br\/2019\/wp-json\/wp\/v2\/posts\/41641","targetHints":{"allow":["GET"]}}],"collection":[{"href":"https:\/\/jorgezanoni.com.br\/2019\/wp-json\/wp\/v2\/posts"}],"about":[{"href":"https:\/\/jorgezanoni.com.br\/2019\/wp-json\/wp\/v2\/types\/post"}],"author":[{"embeddable":true,"href":"https:\/\/jorgezanoni.com.br\/2019\/wp-json\/wp\/v2\/users\/1"}],"replies":[{"embeddable":true,"href":"https:\/\/jorgezanoni.com.br\/2019\/wp-json\/wp\/v2\/comments?post=41641"}],"version-history":[{"count":0,"href":"https:\/\/jorgezanoni.com.br\/2019\/wp-json\/wp\/v2\/posts\/41641\/revisions"}],"wp:featuredmedia":[{"embeddable":true,"href":"https:\/\/jorgezanoni.com.br\/2019\/wp-json\/wp\/v2\/media\/41642"}],"wp:attachment":[{"href":"https:\/\/jorgezanoni.com.br\/2019\/wp-json\/wp\/v2\/media?parent=41641"}],"wp:term":[{"taxonomy":"category","embeddable":true,"href":"https:\/\/jorgezanoni.com.br\/2019\/wp-json\/wp\/v2\/categories?post=41641"},{"taxonomy":"post_tag","embeddable":true,"href":"https:\/\/jorgezanoni.com.br\/2019\/wp-json\/wp\/v2\/tags?post=41641"}],"curies":[{"name":"wp","href":"https:\/\/api.w.org\/{rel}","templated":true}]}}