{"id":41623,"date":"2021-01-15T01:25:44","date_gmt":"2021-01-15T01:25:44","guid":{"rendered":"https:\/\/jorgezanoni.com.br\/2019\/?p=41623"},"modified":"2021-01-15T01:25:44","modified_gmt":"2021-01-15T01:25:44","slug":"associacao-nacional-do-transporte-autonomos-do-brasil-diz-que-greve-dos-caminhoneiros-no-dia-1o-pode-ser-maior-que-2018","status":"publish","type":"post","link":"https:\/\/jorgezanoni.com.br\/2019\/associacao-nacional-do-transporte-autonomos-do-brasil-diz-que-greve-dos-caminhoneiros-no-dia-1o-pode-ser-maior-que-2018\/","title":{"rendered":"Associa\u00e7\u00e3o Nacional do Transporte Aut\u00f4nomos do Brasil diz que greve dos caminhoneiros no dia 1\u00ba pode ser maior que 2018"},"content":{"rendered":"<h2 style=\"text-align: justify;\"><strong>ANTB representa cerca de 4,5 mil caminhoneiros, e n\u00e3o v\u00ea problema de realizar uma greve em plena pandemia.<\/strong><\/h2>\n<p style=\"text-align: justify;\">A greve dos caminhoneiros, prevista para o pr\u00f3ximo dia 1\u00ba de fevereiro, vem crescendo em ades\u00f5es e, de acordo com o presidente da Associa\u00e7\u00e3o Nacional do Transporte Aut\u00f4nomos do Brasil (ANTB), Jos\u00e9 Roberto Stringasci, poder\u00e1 ser maior do que a realizada em 2018, devido ao grau crescente de insatisfa\u00e7\u00e3o da categoria, principalmente em rela\u00e7\u00e3o ao pre\u00e7o do diesel e \u00e0s promessas n\u00e3o cumpridas ap\u00f3s a hist\u00f3rica greve no governo Temer.<\/p>\n<p style=\"text-align: justify;\">Integrante do Conselho Nacional do Transporte Rodovi\u00e1rio de Cargas (CNTRC), que na semana passada j\u00e1 alertou para a possibilidade de uma paralisa\u00e7\u00e3o nacional, a ANTB representa cerca de 4,5 mil caminhoneiros, e n\u00e3o v\u00ea problema de realizar uma greve em plena pandemia.<\/p>\n<p style=\"text-align: justify;\">&#8220;A pandemia nunca foi problema. A categoria trabalhou para cima e para baixo durante a pandemia. Muitos caminhoneiros ficaram com fome na estrada com os restaurantes fechados, mas nunca parou&#8221;, afirma Stringasci.<\/p>\n<p style=\"text-align: justify;\">Segundo ele, a alta do pre\u00e7o do diesel \u00e9 o principal motivador da greve, mas conquistas obtidas na paralisa\u00e7\u00e3o de 2018, que chegou a prejudicar o abastecimento em v\u00e1rias cidades, tamb\u00e9m est\u00e3o na lista de dez itens que est\u00e3o sendo reivindicados ao governo para evitar a greve.<\/p>\n<p style=\"text-align: justify;\">&#8220;Esse (diesel) \u00e9 o principal ponto, porque o s\u00f3cio majorit\u00e1rio do transporte nacional rodovi\u00e1rio \u00e9 o combust\u00edvel (50% a 60% do valor da viagem) Queremos uma mudan\u00e7a na pol\u00edtica de pre\u00e7o dos combust\u00edveis&#8221;, informa.<\/p>\n<p style=\"text-align: justify;\">Ainda monop\u00f3lio da Petrobras, a produ\u00e7\u00e3o de combust\u00edveis no Brasil passou por mudan\u00e7as em 2016, quando foi institu\u00eddo o PPI (Pre\u00e7o e Paridade de Importa\u00e7\u00e3o), praticado at\u00e9 hoje. Na \u00e9poca, os reajustes eram praticamente di\u00e1rios, seguindo a flutua\u00e7\u00e3o do mercado internacional, mas agora obedecem apenas a l\u00f3gica da paridade, sem prazo determinado.<\/p>\n<p style=\"text-align: justify;\">&#8220;A Petrobras n\u00e3o foi criada para gerar riqueza para meia d\u00fazia, a Petrobras \u00e9 nossa e tem que ajudar o povo brasileiro e o Brasil&#8221;, afirma Stringasci. &#8220;Queremos pre\u00e7os nacionais para os combust\u00edveis, com reajuste a cada seis meses ou um ano. Essa \u00e9 uma das maiores lutas nossas desde 2018, e at\u00e9 antes, e at\u00e9 hoje&#8221;, destaca.<\/p>\n<p style=\"text-align: justify;\">Outras reivindica\u00e7\u00f5es s\u00e3o o pre\u00e7o m\u00ednimo de frete, parado no Supremo Tribunal Federal (STF), ap\u00f3s um recurso do agroneg\u00f3cio, e a implanta\u00e7\u00e3o do C\u00f3digo Identificador de Opera\u00e7\u00e3o de Transporte (Ciot), duas conquistas de 2018.<\/p>\n<p style=\"text-align: justify;\">Para resolver a quest\u00e3o e evitar uma greve, os caminhoneiros querem uma reuni\u00e3o com a presen\u00e7a do presidente da Rep\u00fablica, Jair Bolsonaro, que recebeu o apoio da categoria nas elei\u00e7\u00f5es de 2018.<\/p>\n<p style=\"text-align: justify;\">&#8220;A categoria apoiou ele em 100% praticamente nas elei\u00e7\u00f5es. Ent\u00e3o agora exige a presen\u00e7a dele na reuni\u00e3o&#8221;, explica.<\/p>\n<p style=\"text-align: justify;\">Stringasci diz que a greve j\u00e1 tem 70% de apoio da categoria e de parte da popula\u00e7\u00e3o, diante de pre\u00e7os em alta n\u00e3o apenas no diesel, mas em outros combust\u00edveis, alimentos e outros itens que elevaram a infla\u00e7\u00e3o em 2020.<\/p>\n<p style=\"text-align: justify;\">&#8220;Eu creio que a greve pode ser igual a 2018. A popula\u00e7\u00e3o est\u00e1 aderindo bem, os pequenos produtores da agricultura familiar tamb\u00e9m. Se n\u00e3o for igual, eu creio que vai ser bem mais forte do que 2018&#8221;, alerta.<\/p>\n<div class=\"article_credits\">\n<p style=\"text-align: justify;\"><i class=\"fa fa-info-circle\" aria-hidden=\"true\"><\/i>\u00a0Fonte:\u00a0CNN Brasil<\/p>\n<\/div>\n","protected":false},"excerpt":{"rendered":"<p>ANTB representa cerca de 4,5 mil caminhoneiros, e n\u00e3o v\u00ea problema de realizar uma greve em plena pandemia. A greve dos caminhoneiros, prevista para o pr\u00f3ximo dia 1\u00ba de fevereiro, vem crescendo em ades\u00f5es e, de acordo com o presidente da Associa\u00e7\u00e3o Nacional do Transporte Aut\u00f4nomos do Brasil (ANTB), Jos\u00e9 Roberto Stringasci, poder\u00e1 ser maior [&hellip;]<\/p>\n","protected":false},"author":1,"featured_media":41624,"comment_status":"closed","ping_status":"open","sticky":false,"template":"","format":"standard","meta":{"footnotes":""},"categories":[180,110,116],"tags":[],"class_list":["post-41623","post","type-post","status-publish","format-standard","has-post-thumbnail","hentry","category-estradastransitoveiculos","category-noticiasdestaque","category-politicaeeconomia"],"_links":{"self":[{"href":"https:\/\/jorgezanoni.com.br\/2019\/wp-json\/wp\/v2\/posts\/41623","targetHints":{"allow":["GET"]}}],"collection":[{"href":"https:\/\/jorgezanoni.com.br\/2019\/wp-json\/wp\/v2\/posts"}],"about":[{"href":"https:\/\/jorgezanoni.com.br\/2019\/wp-json\/wp\/v2\/types\/post"}],"author":[{"embeddable":true,"href":"https:\/\/jorgezanoni.com.br\/2019\/wp-json\/wp\/v2\/users\/1"}],"replies":[{"embeddable":true,"href":"https:\/\/jorgezanoni.com.br\/2019\/wp-json\/wp\/v2\/comments?post=41623"}],"version-history":[{"count":0,"href":"https:\/\/jorgezanoni.com.br\/2019\/wp-json\/wp\/v2\/posts\/41623\/revisions"}],"wp:featuredmedia":[{"embeddable":true,"href":"https:\/\/jorgezanoni.com.br\/2019\/wp-json\/wp\/v2\/media\/41624"}],"wp:attachment":[{"href":"https:\/\/jorgezanoni.com.br\/2019\/wp-json\/wp\/v2\/media?parent=41623"}],"wp:term":[{"taxonomy":"category","embeddable":true,"href":"https:\/\/jorgezanoni.com.br\/2019\/wp-json\/wp\/v2\/categories?post=41623"},{"taxonomy":"post_tag","embeddable":true,"href":"https:\/\/jorgezanoni.com.br\/2019\/wp-json\/wp\/v2\/tags?post=41623"}],"curies":[{"name":"wp","href":"https:\/\/api.w.org\/{rel}","templated":true}]}}