{"id":41616,"date":"2021-01-15T00:19:37","date_gmt":"2021-01-15T00:19:37","guid":{"rendered":"https:\/\/jorgezanoni.com.br\/2019\/?p=41616"},"modified":"2021-01-15T00:19:37","modified_gmt":"2021-01-15T00:19:37","slug":"lojistas-de-dracena-se-unem-e-farao-carreata-e-buzinaco-contra-aumento-do-icms","status":"publish","type":"post","link":"https:\/\/jorgezanoni.com.br\/2019\/lojistas-de-dracena-se-unem-e-farao-carreata-e-buzinaco-contra-aumento-do-icms\/","title":{"rendered":"Lojistas de Dracena se unem e far\u00e3o carreata e buzina\u00e7o contra aumento do ICMS"},"content":{"rendered":"<h2 style=\"text-align: justify;\"><strong>Encontro est\u00e1 previsto para amanh\u00e3 (15) a partir das 09:00 Horas com sa\u00edda da Avenida Washington Luiz ao lado da Transouza.<\/strong><\/h2>\n<p style=\"text-align: justify;\">Na manh\u00e3 desta sexta-feira (15), lojistas de Dracena e regi\u00e3o se reunir\u00e3o em carreata para protestar sobre o aumento abusivo da carga tribut\u00e1ria do Imposto Sobre Circula\u00e7\u00e3o de Mercadorias e Servi\u00e7os (ICMS) para ve\u00edculos novos, semi-novos e usados.<\/p>\n<p style=\"text-align: justify;\">Este aumento come\u00e7ar\u00e1 a valer nesta sexta-feira (15) no Estado de S\u00e3o Paulo e pode provocar o fechamento de lojas e demiss\u00f5es em massa.<\/p>\n<p style=\"text-align: justify;\">Dracena \u00e9 uma cidade de refer\u00eancia no setor de compra e venda de carros novos e semi-novos devido ao grande n\u00famero de lojas e garagens que prestam esse tipo de servi\u00e7o.<\/p>\n<p style=\"text-align: justify;\">A partir de amanh\u00e3, as revendedoras dever\u00e3o pagar al\u00edquota de 5,5% sobre o valor de venda dos ve\u00edculos usados. O valor atual \u00e9 de 1,8%. No caso de ve\u00edculos novos, o imposto passa de 12% para 13,3%.<\/p>\n<p style=\"text-align: justify;\">O pa\u00eds enfrenta uma crise financeira devido \u00e0 pandemia do novo coronav\u00edrus, protestar \u00e9 uma forma que os comerciantes encontram para reivindicar seus direitos.<\/p>\n<p><img loading=\"lazy\" decoding=\"async\" class=\"alignnone size-full wp-image-41618\" src=\"https:\/\/jorgezanoni.com.br\/2019\/wp-content\/uploads\/2021\/01\/carreata1.jpg\" alt=\"\" width=\"1280\" height=\"853\" srcset=\"https:\/\/jorgezanoni.com.br\/2019\/wp-content\/uploads\/2021\/01\/carreata1.jpg 1280w, https:\/\/jorgezanoni.com.br\/2019\/wp-content\/uploads\/2021\/01\/carreata1-300x200.jpg 300w, https:\/\/jorgezanoni.com.br\/2019\/wp-content\/uploads\/2021\/01\/carreata1-1024x682.jpg 1024w, https:\/\/jorgezanoni.com.br\/2019\/wp-content\/uploads\/2021\/01\/carreata1-768x512.jpg 768w, https:\/\/jorgezanoni.com.br\/2019\/wp-content\/uploads\/2021\/01\/carreata1-696x464.jpg 696w, https:\/\/jorgezanoni.com.br\/2019\/wp-content\/uploads\/2021\/01\/carreata1-1068x712.jpg 1068w, https:\/\/jorgezanoni.com.br\/2019\/wp-content\/uploads\/2021\/01\/carreata1-630x420.jpg 630w\" sizes=\"auto, (max-width: 1280px) 100vw, 1280px\" \/><\/p>\n<p style=\"text-align: justify;\">Jorge Zanoni<\/p>\n<p>Imagem Ilustrativa<\/p>\n","protected":false},"excerpt":{"rendered":"<p>Encontro est\u00e1 previsto para amanh\u00e3 (15) a partir das 09:00 Horas com sa\u00edda da Avenida Washington Luiz ao lado da Transouza. Na manh\u00e3 desta sexta-feira (15), lojistas de Dracena e regi\u00e3o se reunir\u00e3o em carreata para protestar sobre o aumento abusivo da carga tribut\u00e1ria do Imposto Sobre Circula\u00e7\u00e3o de Mercadorias e Servi\u00e7os (ICMS) para ve\u00edculos [&hellip;]<\/p>\n","protected":false},"author":1,"featured_media":41617,"comment_status":"closed","ping_status":"open","sticky":false,"template":"","format":"standard","meta":{"footnotes":""},"categories":[179,184,180,110],"tags":[],"class_list":["post-41616","post","type-post","status-publish","format-standard","has-post-thumbnail","hentry","category-cidadeseregiao","category-dracena","category-estradastransitoveiculos","category-noticiasdestaque"],"_links":{"self":[{"href":"https:\/\/jorgezanoni.com.br\/2019\/wp-json\/wp\/v2\/posts\/41616","targetHints":{"allow":["GET"]}}],"collection":[{"href":"https:\/\/jorgezanoni.com.br\/2019\/wp-json\/wp\/v2\/posts"}],"about":[{"href":"https:\/\/jorgezanoni.com.br\/2019\/wp-json\/wp\/v2\/types\/post"}],"author":[{"embeddable":true,"href":"https:\/\/jorgezanoni.com.br\/2019\/wp-json\/wp\/v2\/users\/1"}],"replies":[{"embeddable":true,"href":"https:\/\/jorgezanoni.com.br\/2019\/wp-json\/wp\/v2\/comments?post=41616"}],"version-history":[{"count":0,"href":"https:\/\/jorgezanoni.com.br\/2019\/wp-json\/wp\/v2\/posts\/41616\/revisions"}],"wp:featuredmedia":[{"embeddable":true,"href":"https:\/\/jorgezanoni.com.br\/2019\/wp-json\/wp\/v2\/media\/41617"}],"wp:attachment":[{"href":"https:\/\/jorgezanoni.com.br\/2019\/wp-json\/wp\/v2\/media?parent=41616"}],"wp:term":[{"taxonomy":"category","embeddable":true,"href":"https:\/\/jorgezanoni.com.br\/2019\/wp-json\/wp\/v2\/categories?post=41616"},{"taxonomy":"post_tag","embeddable":true,"href":"https:\/\/jorgezanoni.com.br\/2019\/wp-json\/wp\/v2\/tags?post=41616"}],"curies":[{"name":"wp","href":"https:\/\/api.w.org\/{rel}","templated":true}]}}