{"id":41613,"date":"2021-01-14T23:39:55","date_gmt":"2021-01-14T23:39:55","guid":{"rendered":"https:\/\/jorgezanoni.com.br\/2019\/?p=41613"},"modified":"2021-01-14T23:39:55","modified_gmt":"2021-01-14T23:39:55","slug":"acidente-deixa-ciclista-gravemente-ferido-no-centro-de-osvaldo-cruz","status":"publish","type":"post","link":"https:\/\/jorgezanoni.com.br\/2019\/acidente-deixa-ciclista-gravemente-ferido-no-centro-de-osvaldo-cruz\/","title":{"rendered":"Acidente deixa ciclista gravemente ferido no centro de Osvaldo Cruz"},"content":{"rendered":"<p style=\"text-align: justify;\"><strong>Ciclista foi levado para a Santa Casa de Osvaldo Cruz pela UR do Corpo de Bombeiros.<\/strong><\/p>\n<p style=\"font-weight: 400; text-align: justify;\">Um homem de 35 anos ficou gravemente ferido ap\u00f3s se envolver em um acidente, no fim da tarde dessa quinta-feira (14), no cruzamento da Avenida Dr. Miranda com a Rua Armando Salles, no centro de Osvaldo Cruz.<\/p>\n<p style=\"font-weight: 400; text-align: justify;\">Segundo informa\u00e7\u00f5es da Pol\u00edcia Militar, o homem estava com uma bicicleta infantil, seguia na Rua Armando Salles sentindo Vila Esperan\u00e7a, quando no cruzamento invadiu a preferencial colidindo na lateral de uma caminh\u00e3o que seguia na Dr. Miranda sentindo Avenida Brasil.<\/p>\n<p style=\"font-weight: 400; text-align: justify;\">Com o impacto o ciclista veio ao solo com graves ferimentos, ele socorrido pela Unidade de Resgate do Corpo de Bombeiros at\u00e9 a Santa Casa de Osvaldo Cruz.<\/p>\n<p style=\"font-weight: 400; text-align: justify;\">O local precisou ser isolado pela Pol\u00edcia Militar at\u00e9 a finaliza\u00e7\u00e3o dos trabalhos da Per\u00edcia T\u00e9cnica de Adamantina.<\/p>\n<p style=\"text-align: justify;\">Fonte: fmmetropole.com.br<\/p>\n","protected":false},"excerpt":{"rendered":"<p>Ciclista foi levado para a Santa Casa de Osvaldo Cruz pela UR do Corpo de Bombeiros. Um homem de 35 anos ficou gravemente ferido ap\u00f3s se envolver em um acidente, no fim da tarde dessa quinta-feira (14), no cruzamento da Avenida Dr. Miranda com a Rua Armando Salles, no centro de Osvaldo Cruz. Segundo informa\u00e7\u00f5es [&hellip;]<\/p>\n","protected":false},"author":1,"featured_media":41614,"comment_status":"closed","ping_status":"open","sticky":false,"template":"","format":"standard","meta":{"footnotes":""},"categories":[170,110],"tags":[],"class_list":["post-41613","post","type-post","status-publish","format-standard","has-post-thumbnail","hentry","category-acidentes","category-noticiasdestaque"],"_links":{"self":[{"href":"https:\/\/jorgezanoni.com.br\/2019\/wp-json\/wp\/v2\/posts\/41613","targetHints":{"allow":["GET"]}}],"collection":[{"href":"https:\/\/jorgezanoni.com.br\/2019\/wp-json\/wp\/v2\/posts"}],"about":[{"href":"https:\/\/jorgezanoni.com.br\/2019\/wp-json\/wp\/v2\/types\/post"}],"author":[{"embeddable":true,"href":"https:\/\/jorgezanoni.com.br\/2019\/wp-json\/wp\/v2\/users\/1"}],"replies":[{"embeddable":true,"href":"https:\/\/jorgezanoni.com.br\/2019\/wp-json\/wp\/v2\/comments?post=41613"}],"version-history":[{"count":0,"href":"https:\/\/jorgezanoni.com.br\/2019\/wp-json\/wp\/v2\/posts\/41613\/revisions"}],"wp:featuredmedia":[{"embeddable":true,"href":"https:\/\/jorgezanoni.com.br\/2019\/wp-json\/wp\/v2\/media\/41614"}],"wp:attachment":[{"href":"https:\/\/jorgezanoni.com.br\/2019\/wp-json\/wp\/v2\/media?parent=41613"}],"wp:term":[{"taxonomy":"category","embeddable":true,"href":"https:\/\/jorgezanoni.com.br\/2019\/wp-json\/wp\/v2\/categories?post=41613"},{"taxonomy":"post_tag","embeddable":true,"href":"https:\/\/jorgezanoni.com.br\/2019\/wp-json\/wp\/v2\/tags?post=41613"}],"curies":[{"name":"wp","href":"https:\/\/api.w.org\/{rel}","templated":true}]}}