{"id":41594,"date":"2021-01-14T13:36:07","date_gmt":"2021-01-14T13:36:07","guid":{"rendered":"https:\/\/jorgezanoni.com.br\/2019\/?p=41594"},"modified":"2021-01-14T13:36:07","modified_gmt":"2021-01-14T13:36:07","slug":"policia-militar-prende-homem-e-apreende-menor-por-trafico-de-drogas-em-dracena","status":"publish","type":"post","link":"https:\/\/jorgezanoni.com.br\/2019\/policia-militar-prende-homem-e-apreende-menor-por-trafico-de-drogas-em-dracena\/","title":{"rendered":"Pol\u00edcia Militar prende homem e apreende menor por Tr\u00e1fico de Drogas em Dracena"},"content":{"rendered":"<div class=\"kvgmc6g5 cxmmr5t8 oygrvhab hcukyx3x c1et5uql ii04i59q\">\n<div dir=\"auto\" style=\"text-align: justify;\"><strong>POL\u00cdCIA MILITAR PRENDE HOMEM E APREENDE MENOR POR TR\u00c1FICO DE DROGAS EM DRACENA\/SP.<\/strong><\/div>\n<div dir=\"auto\" style=\"text-align: justify;\"><\/div>\n<div dir=\"auto\" style=\"text-align: justify;\">Na madrugada desta quinta-feira (14), durante patrulhamento de For\u00e7a T\u00e1tica pelo munic\u00edpio de Dracena, os policiais se depararam com dois homens (22 e 15 anos) pelo jardim Brasil\u00e2ndia, e estes ao notar a presen\u00e7a policial, tentaram fugir para o interior de uma resid\u00eancia jogando no ch\u00e3o, 01 (uma) por\u00e7\u00e3o de maconha. Os autores foram alcan\u00e7ados e abordados. Durante as buscas domiciliar, foram localizados mais entorpecentes (maconha e crack) e dinheiro oriundo do trafico. Diante do fato foi dada voz de pris\u00e3o ao maior e apreens\u00e3o ao menor que permaneceram \u00e0 disposi\u00e7\u00e3o da justi\u00e7a.<\/div>\n<div dir=\"auto\" style=\"text-align: justify;\">Apreens\u00e3o: 0,477 Kg maconha; 0,007 Kg crack e R$ 131,00.<\/div>\n<\/div>\n<div class=\"o9v6fnle cxmmr5t8 oygrvhab hcukyx3x c1et5uql ii04i59q\">\n<div dir=\"auto\" style=\"text-align: justify;\"><a class=\"oajrlxb2 g5ia77u1 qu0x051f esr5mh6w e9989ue4 r7d6kgcz rq0escxv nhd2j8a9 nc684nl6 p7hjln8o kvgmc6g5 cxmmr5t8 oygrvhab hcukyx3x jb3vyjys rz4wbd8a qt6c0cv9 a8nywdso i1ao9s8h esuyzwwr f1sip0of lzcic4wl q66pz984 gpro0wi8 b1v8xokw\" tabindex=\"0\" role=\"link\" href=\"https:\/\/www.facebook.com\/hashtag\/25bpmi?__eep__=6&amp;__cft__[0]=AZXrlmMK2wQSpnJqvMKXjjs44mKYERo54W9hpcM8dOXo-FatqOQg_mqv12Wu14_4xHXzK6lp790oHQYRWjaKhMOOXYvnzJXE5hRYC7kKdaeNNXqfSDw2LdzAqNhB8ufYGbO9pUBFvQlB7posWUXQ9j0D&amp;__tn__=*NK-R\">#25BPMI<\/a><\/div>\n<div dir=\"auto\" style=\"text-align: justify;\"><a class=\"oajrlxb2 g5ia77u1 qu0x051f esr5mh6w e9989ue4 r7d6kgcz rq0escxv nhd2j8a9 nc684nl6 p7hjln8o kvgmc6g5 cxmmr5t8 oygrvhab hcukyx3x jb3vyjys rz4wbd8a qt6c0cv9 a8nywdso i1ao9s8h esuyzwwr f1sip0of lzcic4wl q66pz984 gpro0wi8 b1v8xokw\" tabindex=\"0\" role=\"link\" href=\"https:\/\/www.facebook.com\/hashtag\/policiamilitarsp?__eep__=6&amp;__cft__[0]=AZXrlmMK2wQSpnJqvMKXjjs44mKYERo54W9hpcM8dOXo-FatqOQg_mqv12Wu14_4xHXzK6lp790oHQYRWjaKhMOOXYvnzJXE5hRYC7kKdaeNNXqfSDw2LdzAqNhB8ufYGbO9pUBFvQlB7posWUXQ9j0D&amp;__tn__=*NK-R\">#POLICIAMILITARSP<\/a><\/div>\n<div dir=\"auto\" style=\"text-align: justify;\"><a class=\"oajrlxb2 g5ia77u1 qu0x051f esr5mh6w e9989ue4 r7d6kgcz rq0escxv nhd2j8a9 nc684nl6 p7hjln8o kvgmc6g5 cxmmr5t8 oygrvhab hcukyx3x jb3vyjys rz4wbd8a qt6c0cv9 a8nywdso i1ao9s8h esuyzwwr f1sip0of lzcic4wl q66pz984 gpro0wi8 b1v8xokw\" tabindex=\"0\" role=\"link\" href=\"https:\/\/www.facebook.com\/hashtag\/aforc%CC%A7apu%CC%81blicadesa%CC%83opaulo?__eep__=6&amp;__cft__[0]=AZXrlmMK2wQSpnJqvMKXjjs44mKYERo54W9hpcM8dOXo-FatqOQg_mqv12Wu14_4xHXzK6lp790oHQYRWjaKhMOOXYvnzJXE5hRYC7kKdaeNNXqfSDw2LdzAqNhB8ufYGbO9pUBFvQlB7posWUXQ9j0D&amp;__tn__=*NK-R\">#AFORC\u0327APU\u0301BLICADESA\u0303OPAULO<\/a><\/div>\n<div dir=\"auto\" style=\"text-align: justify;\">COMUNICA\u00c7\u00c3O SOCIAL DO 25\u00ba BPM\/I e regi\u00e3o<\/div>\n<\/div>\n","protected":false},"excerpt":{"rendered":"<p>POL\u00cdCIA MILITAR PRENDE HOMEM E APREENDE MENOR POR TR\u00c1FICO DE DROGAS EM DRACENA\/SP. Na madrugada desta quinta-feira (14), durante patrulhamento de For\u00e7a T\u00e1tica pelo munic\u00edpio de Dracena, os policiais se depararam com dois homens (22 e 15 anos) pelo jardim Brasil\u00e2ndia, e estes ao notar a presen\u00e7a policial, tentaram fugir para o interior de uma [&hellip;]<\/p>\n","protected":false},"author":1,"featured_media":41596,"comment_status":"closed","ping_status":"open","sticky":false,"template":"","format":"standard","meta":{"footnotes":""},"categories":[110,2],"tags":[],"class_list":["post-41594","post","type-post","status-publish","format-standard","has-post-thumbnail","hentry","category-noticiasdestaque","category-policial"],"_links":{"self":[{"href":"https:\/\/jorgezanoni.com.br\/2019\/wp-json\/wp\/v2\/posts\/41594","targetHints":{"allow":["GET"]}}],"collection":[{"href":"https:\/\/jorgezanoni.com.br\/2019\/wp-json\/wp\/v2\/posts"}],"about":[{"href":"https:\/\/jorgezanoni.com.br\/2019\/wp-json\/wp\/v2\/types\/post"}],"author":[{"embeddable":true,"href":"https:\/\/jorgezanoni.com.br\/2019\/wp-json\/wp\/v2\/users\/1"}],"replies":[{"embeddable":true,"href":"https:\/\/jorgezanoni.com.br\/2019\/wp-json\/wp\/v2\/comments?post=41594"}],"version-history":[{"count":0,"href":"https:\/\/jorgezanoni.com.br\/2019\/wp-json\/wp\/v2\/posts\/41594\/revisions"}],"wp:featuredmedia":[{"embeddable":true,"href":"https:\/\/jorgezanoni.com.br\/2019\/wp-json\/wp\/v2\/media\/41596"}],"wp:attachment":[{"href":"https:\/\/jorgezanoni.com.br\/2019\/wp-json\/wp\/v2\/media?parent=41594"}],"wp:term":[{"taxonomy":"category","embeddable":true,"href":"https:\/\/jorgezanoni.com.br\/2019\/wp-json\/wp\/v2\/categories?post=41594"},{"taxonomy":"post_tag","embeddable":true,"href":"https:\/\/jorgezanoni.com.br\/2019\/wp-json\/wp\/v2\/tags?post=41594"}],"curies":[{"name":"wp","href":"https:\/\/api.w.org\/{rel}","templated":true}]}}