{"id":41570,"date":"2021-01-13T22:33:53","date_gmt":"2021-01-13T22:33:53","guid":{"rendered":"https:\/\/jorgezanoni.com.br\/2019\/?p=41570"},"modified":"2021-01-13T22:33:53","modified_gmt":"2021-01-13T22:33:53","slug":"policia-militar-esclarece-que-editais-de-concurso-publico-nao-sofrerao-alteracao","status":"publish","type":"post","link":"https:\/\/jorgezanoni.com.br\/2019\/policia-militar-esclarece-que-editais-de-concurso-publico-nao-sofrerao-alteracao\/","title":{"rendered":"Pol\u00edcia Militar esclarece que editais de concurso p\u00fablico n\u00e3o sofrer\u00e3o altera\u00e7\u00e3o"},"content":{"rendered":"<div class=\"kvgmc6g5 cxmmr5t8 oygrvhab hcukyx3x c1et5uql ii04i59q\">\n<div dir=\"auto\" style=\"text-align: justify;\">A Pol\u00edcia Militar atrav\u00e9s do seu Centro de Comunica\u00e7\u00e3o Social PM esclarece que: em virtude da publica\u00e7\u00e3o do Decreto n\u00ba 65.463, de 12 de janeiro de 2021, que disp\u00f5e sobre medidas de redu\u00e7\u00e3o de despesas com pessoal e encargos sociais, no contexto da pandemia da COVID-19 (Novo Coronav\u00edrus), a Pol\u00edcia Militar esclarece que os editais de concurso p\u00fablico destinados ao provimento de cargos de Sd PM 2\u00aa Classe e de Aluno-Oficial PM, n\u00e3o sofrer\u00e3o altera\u00e7\u00e3o no prosseguimento das etapas.<\/div>\n<div dir=\"auto\"><\/div>\n<\/div>\n<div class=\"o9v6fnle cxmmr5t8 oygrvhab hcukyx3x c1et5uql ii04i59q\">\n<div dir=\"auto\" style=\"text-align: justify;\">Centro de Comunica\u00e7\u00e3o Social PM<\/div>\n<div dir=\"auto\" style=\"text-align: justify;\"><a class=\"oajrlxb2 g5ia77u1 qu0x051f esr5mh6w e9989ue4 r7d6kgcz rq0escxv nhd2j8a9 nc684nl6 p7hjln8o kvgmc6g5 cxmmr5t8 oygrvhab hcukyx3x jb3vyjys rz4wbd8a qt6c0cv9 a8nywdso i1ao9s8h esuyzwwr f1sip0of lzcic4wl q66pz984 gpro0wi8 b1v8xokw\" tabindex=\"0\" role=\"link\" href=\"https:\/\/www.facebook.com\/hashtag\/25bpmi?__eep__=6&amp;__cft__[0]=AZVkZUprf4YlonHF84wcsxFIstGcqYGCqgRSHHvwt2jS9LIgrAZmKvxI0XL2_TWRdLJDxn5V4W5l5xxt_M3gzwnd658HFzvxyq0K6GzInJ6FelLBAfaX3lWMiEL23RvYZ494WpvRw3FV-bzVM430LMGF&amp;__tn__=*NK-R\">#25BPMI<\/a><\/div>\n<\/div>\n","protected":false},"excerpt":{"rendered":"<p>A Pol\u00edcia Militar atrav\u00e9s do seu Centro de Comunica\u00e7\u00e3o Social PM esclarece que: em virtude da publica\u00e7\u00e3o do Decreto n\u00ba 65.463, de 12 de janeiro de 2021, que disp\u00f5e sobre medidas de redu\u00e7\u00e3o de despesas com pessoal e encargos sociais, no contexto da pandemia da COVID-19 (Novo Coronav\u00edrus), a Pol\u00edcia Militar esclarece que os editais [&hellip;]<\/p>\n","protected":false},"author":1,"featured_media":41571,"comment_status":"closed","ping_status":"open","sticky":false,"template":"","format":"standard","meta":{"footnotes":""},"categories":[110,2],"tags":[],"class_list":["post-41570","post","type-post","status-publish","format-standard","has-post-thumbnail","hentry","category-noticiasdestaque","category-policial"],"_links":{"self":[{"href":"https:\/\/jorgezanoni.com.br\/2019\/wp-json\/wp\/v2\/posts\/41570","targetHints":{"allow":["GET"]}}],"collection":[{"href":"https:\/\/jorgezanoni.com.br\/2019\/wp-json\/wp\/v2\/posts"}],"about":[{"href":"https:\/\/jorgezanoni.com.br\/2019\/wp-json\/wp\/v2\/types\/post"}],"author":[{"embeddable":true,"href":"https:\/\/jorgezanoni.com.br\/2019\/wp-json\/wp\/v2\/users\/1"}],"replies":[{"embeddable":true,"href":"https:\/\/jorgezanoni.com.br\/2019\/wp-json\/wp\/v2\/comments?post=41570"}],"version-history":[{"count":0,"href":"https:\/\/jorgezanoni.com.br\/2019\/wp-json\/wp\/v2\/posts\/41570\/revisions"}],"wp:featuredmedia":[{"embeddable":true,"href":"https:\/\/jorgezanoni.com.br\/2019\/wp-json\/wp\/v2\/media\/41571"}],"wp:attachment":[{"href":"https:\/\/jorgezanoni.com.br\/2019\/wp-json\/wp\/v2\/media?parent=41570"}],"wp:term":[{"taxonomy":"category","embeddable":true,"href":"https:\/\/jorgezanoni.com.br\/2019\/wp-json\/wp\/v2\/categories?post=41570"},{"taxonomy":"post_tag","embeddable":true,"href":"https:\/\/jorgezanoni.com.br\/2019\/wp-json\/wp\/v2\/tags?post=41570"}],"curies":[{"name":"wp","href":"https:\/\/api.w.org\/{rel}","templated":true}]}}