{"id":4156,"date":"2019-08-20T11:38:12","date_gmt":"2019-08-20T11:38:12","guid":{"rendered":"https:\/\/jorgezanoni.com.br\/2019\/?p=4156"},"modified":"2019-08-20T11:38:12","modified_gmt":"2019-08-20T11:38:12","slug":"homem-armado-faz-refens-em-onibus-na-ponte-rio-niteroi-que-esta-fechada","status":"publish","type":"post","link":"https:\/\/jorgezanoni.com.br\/2019\/homem-armado-faz-refens-em-onibus-na-ponte-rio-niteroi-que-esta-fechada\/","title":{"rendered":"Homem armado faz ref\u00e9ns em \u00f4nibus na Ponte Rio-Niter\u00f3i, que est\u00e1 fechada"},"content":{"rendered":"<h2 class=\"content-head__subtitle\" style=\"text-align: justify;\"><strong>Ainda n\u00e3o se sabe qual \u00e9 a motiva\u00e7\u00e3o do criminoso, que amea\u00e7a colocar fogo no ve\u00edculo. A PM afirmou \u00e0s 8h que havia 16 pessoas ref\u00e9ns; seis j\u00e1 foram soltas.<\/strong><\/h2>\n<div class=\"mc-column content-text active-extra-styles \" data-block-type=\"unstyled\" data-block-weight=\"28\" data-block-id=\"2\">\n<p class=\"content-text__container \" style=\"text-align: justify;\" data-track-category=\"Link no Texto\" data-track-links=\"\"><img loading=\"lazy\" decoding=\"async\" class=\"alignnone size-full wp-image-4157\" src=\"https:\/\/jorgezanoni.com.br\/2019\/wp-content\/uploads\/2019\/08\/onibus1.jpg\" alt=\"\" width=\"1600\" height=\"900\" srcset=\"https:\/\/jorgezanoni.com.br\/2019\/wp-content\/uploads\/2019\/08\/onibus1.jpg 1600w, https:\/\/jorgezanoni.com.br\/2019\/wp-content\/uploads\/2019\/08\/onibus1-300x169.jpg 300w, https:\/\/jorgezanoni.com.br\/2019\/wp-content\/uploads\/2019\/08\/onibus1-768x432.jpg 768w, https:\/\/jorgezanoni.com.br\/2019\/wp-content\/uploads\/2019\/08\/onibus1-1024x576.jpg 1024w, https:\/\/jorgezanoni.com.br\/2019\/wp-content\/uploads\/2019\/08\/onibus1-696x392.jpg 696w, https:\/\/jorgezanoni.com.br\/2019\/wp-content\/uploads\/2019\/08\/onibus1-1068x601.jpg 1068w, https:\/\/jorgezanoni.com.br\/2019\/wp-content\/uploads\/2019\/08\/onibus1-747x420.jpg 747w\" sizes=\"auto, (max-width: 1600px) 100vw, 1600px\" \/><\/p>\n<p class=\"content-text__container \" style=\"text-align: justify;\" data-track-category=\"Link no Texto\" data-track-links=\"\">Fonte:https:\/\/g1.globo.com\/rj\/rio-de-janeiro\/noticia\/2019\/08\/20\/homem-armado-ameaca-passageiros-em-onibus-na-ponte-rio-niteroi.ghtml<\/p>\n<\/div>\n","protected":false},"excerpt":{"rendered":"<p>Ainda n\u00e3o se sabe qual \u00e9 a motiva\u00e7\u00e3o do criminoso, que amea\u00e7a colocar fogo no ve\u00edculo. A PM afirmou \u00e0s 8h que havia 16 pessoas ref\u00e9ns; seis j\u00e1 foram soltas. Fonte:https:\/\/g1.globo.com\/rj\/rio-de-janeiro\/noticia\/2019\/08\/20\/homem-armado-ameaca-passageiros-em-onibus-na-ponte-rio-niteroi.ghtml<\/p>\n","protected":false},"author":1,"featured_media":4158,"comment_status":"closed","ping_status":"open","sticky":false,"template":"","format":"standard","meta":{"footnotes":""},"categories":[110,2],"tags":[],"class_list":["post-4156","post","type-post","status-publish","format-standard","has-post-thumbnail","hentry","category-noticiasdestaque","category-policial"],"_links":{"self":[{"href":"https:\/\/jorgezanoni.com.br\/2019\/wp-json\/wp\/v2\/posts\/4156","targetHints":{"allow":["GET"]}}],"collection":[{"href":"https:\/\/jorgezanoni.com.br\/2019\/wp-json\/wp\/v2\/posts"}],"about":[{"href":"https:\/\/jorgezanoni.com.br\/2019\/wp-json\/wp\/v2\/types\/post"}],"author":[{"embeddable":true,"href":"https:\/\/jorgezanoni.com.br\/2019\/wp-json\/wp\/v2\/users\/1"}],"replies":[{"embeddable":true,"href":"https:\/\/jorgezanoni.com.br\/2019\/wp-json\/wp\/v2\/comments?post=4156"}],"version-history":[{"count":0,"href":"https:\/\/jorgezanoni.com.br\/2019\/wp-json\/wp\/v2\/posts\/4156\/revisions"}],"wp:featuredmedia":[{"embeddable":true,"href":"https:\/\/jorgezanoni.com.br\/2019\/wp-json\/wp\/v2\/media\/4158"}],"wp:attachment":[{"href":"https:\/\/jorgezanoni.com.br\/2019\/wp-json\/wp\/v2\/media?parent=4156"}],"wp:term":[{"taxonomy":"category","embeddable":true,"href":"https:\/\/jorgezanoni.com.br\/2019\/wp-json\/wp\/v2\/categories?post=4156"},{"taxonomy":"post_tag","embeddable":true,"href":"https:\/\/jorgezanoni.com.br\/2019\/wp-json\/wp\/v2\/tags?post=4156"}],"curies":[{"name":"wp","href":"https:\/\/api.w.org\/{rel}","templated":true}]}}