{"id":41553,"date":"2021-01-13T14:47:33","date_gmt":"2021-01-13T14:47:33","guid":{"rendered":"https:\/\/jorgezanoni.com.br\/2019\/?p=41553"},"modified":"2021-01-13T14:47:33","modified_gmt":"2021-01-13T14:47:33","slug":"mulher-esta-precisando-de-doadores-de-sangue","status":"publish","type":"post","link":"https:\/\/jorgezanoni.com.br\/2019\/mulher-esta-precisando-de-doadores-de-sangue\/","title":{"rendered":"Mulher est\u00e1 precisando de Doadores de Sangue"},"content":{"rendered":"<p style=\"text-align: justify;\">Lidia de F\u00e1tima kragel de Santana, est\u00e1 precisando de Doadores de Sangue. Quem puder praticar este ato de solidariedade, pode entrar em contato com o Cel. 99794 7101 (Vanderlei).<\/p>\n<p style=\"text-align: justify;\">A pessoa est\u00e1 em tratamento de C\u00e2ncer em Presidente Prudente. H\u00e1 possibilidades da Prefeitura de Junqueir\u00f3polis levar os poss\u00edveis doadores. Ligue no celular de contato para fazer parte da lista.<\/p>\n<p style=\"text-align: justify;\">Caso voc\u00ea esteja em Presidente Prudente, pode se dirigir diretamente ao Hospital do C\u00e2ncer, e citar o nome da paciente.<\/p>\n<p style=\"text-align: justify;\">Pode ser doado qualquer Tipo de Sangue, pois o Hospital tem muita falta.<\/p>\n<p style=\"text-align: justify;\">A fam\u00edlia agradece a aten\u00e7\u00e3o de todos e que Deus aben\u00e7oe a cada um.<\/p>\n<p>Imagem Ilustrativa<\/p>\n<p>&nbsp;<\/p>\n","protected":false},"excerpt":{"rendered":"<p>Lidia de F\u00e1tima kragel de Santana, est\u00e1 precisando de Doadores de Sangue. Quem puder praticar este ato de solidariedade, pode entrar em contato com o Cel. 99794 7101 (Vanderlei). A pessoa est\u00e1 em tratamento de C\u00e2ncer em Presidente Prudente. H\u00e1 possibilidades da Prefeitura de Junqueir\u00f3polis levar os poss\u00edveis doadores. Ligue no celular de contato para [&hellip;]<\/p>\n","protected":false},"author":1,"featured_media":41554,"comment_status":"closed","ping_status":"open","sticky":false,"template":"","format":"standard","meta":{"footnotes":""},"categories":[118],"tags":[],"class_list":["post-41553","post","type-post","status-publish","format-standard","has-post-thumbnail","hentry","category-religiaoesolidariedade"],"_links":{"self":[{"href":"https:\/\/jorgezanoni.com.br\/2019\/wp-json\/wp\/v2\/posts\/41553","targetHints":{"allow":["GET"]}}],"collection":[{"href":"https:\/\/jorgezanoni.com.br\/2019\/wp-json\/wp\/v2\/posts"}],"about":[{"href":"https:\/\/jorgezanoni.com.br\/2019\/wp-json\/wp\/v2\/types\/post"}],"author":[{"embeddable":true,"href":"https:\/\/jorgezanoni.com.br\/2019\/wp-json\/wp\/v2\/users\/1"}],"replies":[{"embeddable":true,"href":"https:\/\/jorgezanoni.com.br\/2019\/wp-json\/wp\/v2\/comments?post=41553"}],"version-history":[{"count":0,"href":"https:\/\/jorgezanoni.com.br\/2019\/wp-json\/wp\/v2\/posts\/41553\/revisions"}],"wp:featuredmedia":[{"embeddable":true,"href":"https:\/\/jorgezanoni.com.br\/2019\/wp-json\/wp\/v2\/media\/41554"}],"wp:attachment":[{"href":"https:\/\/jorgezanoni.com.br\/2019\/wp-json\/wp\/v2\/media?parent=41553"}],"wp:term":[{"taxonomy":"category","embeddable":true,"href":"https:\/\/jorgezanoni.com.br\/2019\/wp-json\/wp\/v2\/categories?post=41553"},{"taxonomy":"post_tag","embeddable":true,"href":"https:\/\/jorgezanoni.com.br\/2019\/wp-json\/wp\/v2\/tags?post=41553"}],"curies":[{"name":"wp","href":"https:\/\/api.w.org\/{rel}","templated":true}]}}