{"id":41529,"date":"2021-01-12T17:19:09","date_gmt":"2021-01-12T17:19:09","guid":{"rendered":"https:\/\/jorgezanoni.com.br\/2019\/?p=41529"},"modified":"2021-01-12T17:19:09","modified_gmt":"2021-01-12T17:19:09","slug":"policia-civil-recupera-duas-motocicletas-furtadas-durante-a-madrugada-em-dracena","status":"publish","type":"post","link":"https:\/\/jorgezanoni.com.br\/2019\/policia-civil-recupera-duas-motocicletas-furtadas-durante-a-madrugada-em-dracena\/","title":{"rendered":"Pol\u00edcia Civil recupera duas motocicletas furtadas durante a madrugada em Dracena"},"content":{"rendered":"<p style=\"text-align: justify;\"><strong>POL\u00cdCIA CIVIL RECUPERA DUAS MOTOCICLETAS FURTADAS DURANTE A MADRUGADA EM DRACENA.<\/strong><\/p>\n<p style=\"text-align: justify;\">As motocicletas haviam sido furtadas em dois locais diferentes, na regi\u00e3o central de Dracena.<\/p>\n<p style=\"text-align: justify;\">A Policia Civil, por interm\u00e9dio do Plant\u00e3o Policial Permanente de Dracena, recuperou duas motocicletas que haviam sido furtadas supostamente durante a madrugada desta ter\u00e7a-feira (12) em Dracena.<\/p>\n<p style=\"text-align: justify;\">Diante dos fatos registrados no Plant\u00e3o Policial, o agente do setor de investiga\u00e7\u00e3o plantonista, iniciou dilig\u00eancia visando a coleta de informa\u00e7\u00e3o nos dois locais onde ocorreram os furtos dos ve\u00edculos, bem como tentar localizar as motocicletas e a poss\u00edvel identifica\u00e7\u00e3o dos prov\u00e1veis autores ou autor.<\/p>\n<p style=\"text-align: justify;\">A primeira motocicleta foi localizada, abandonada, na rua Vendramin, pr\u00f3ximo ao bairro Jardim \u00c9den, sendo que a v\u00edtima compareceu no local e reconheceu a motocicleta. J\u00e1 a segunda moto foi encontrada tamb\u00e9m abandonada, e encostada em uma \u00e1rvore, na rua Nossa Senhora Aparecida.<\/p>\n<p style=\"text-align: justify;\">Os dois locais, onde as motocicletas foram encontradas ficam numa mesma regi\u00e3o e em ruas pr\u00f3ximas, uma da outra. Ap\u00f3s a elabora\u00e7\u00e3o e finaliza\u00e7\u00e3o das ocorr\u00eancias de localiza\u00e7\u00e3o de ve\u00edculos recuperados, os mesmos foram devolvidos aos leg\u00edtimos propriet\u00e1rios.<\/p>\n<p style=\"text-align: justify;\">Os fatos ser\u00e3o encaminhados para Unidades Especializadas (DIG\/DISE), para prosseguimentos das investiga\u00e7\u00f5es e para poss\u00edvel identifica\u00e7\u00e3o dos indiv\u00edduos ou do indiv\u00edduo envolvido na subtra\u00e7\u00e3o das motocicletas.<\/p>\n<p style=\"text-align: justify;\"><img loading=\"lazy\" decoding=\"async\" class=\"alignnone size-full wp-image-41530\" src=\"https:\/\/jorgezanoni.com.br\/2019\/wp-content\/uploads\/2021\/01\/moto-1.jpg\" alt=\"\" width=\"1155\" height=\"902\" srcset=\"https:\/\/jorgezanoni.com.br\/2019\/wp-content\/uploads\/2021\/01\/moto-1.jpg 1155w, https:\/\/jorgezanoni.com.br\/2019\/wp-content\/uploads\/2021\/01\/moto-1-300x234.jpg 300w, https:\/\/jorgezanoni.com.br\/2019\/wp-content\/uploads\/2021\/01\/moto-1-1024x800.jpg 1024w, https:\/\/jorgezanoni.com.br\/2019\/wp-content\/uploads\/2021\/01\/moto-1-768x600.jpg 768w, https:\/\/jorgezanoni.com.br\/2019\/wp-content\/uploads\/2021\/01\/moto-1-696x544.jpg 696w, https:\/\/jorgezanoni.com.br\/2019\/wp-content\/uploads\/2021\/01\/moto-1-1068x834.jpg 1068w, https:\/\/jorgezanoni.com.br\/2019\/wp-content\/uploads\/2021\/01\/moto-1-538x420.jpg 538w\" sizes=\"auto, (max-width: 1155px) 100vw, 1155px\" \/> <img loading=\"lazy\" decoding=\"async\" class=\"alignnone size-full wp-image-41532\" src=\"https:\/\/jorgezanoni.com.br\/2019\/wp-content\/uploads\/2021\/01\/moto2-1.jpg\" alt=\"\" width=\"1043\" height=\"793\" srcset=\"https:\/\/jorgezanoni.com.br\/2019\/wp-content\/uploads\/2021\/01\/moto2-1.jpg 1043w, https:\/\/jorgezanoni.com.br\/2019\/wp-content\/uploads\/2021\/01\/moto2-1-300x228.jpg 300w, https:\/\/jorgezanoni.com.br\/2019\/wp-content\/uploads\/2021\/01\/moto2-1-1024x779.jpg 1024w, https:\/\/jorgezanoni.com.br\/2019\/wp-content\/uploads\/2021\/01\/moto2-1-768x584.jpg 768w, https:\/\/jorgezanoni.com.br\/2019\/wp-content\/uploads\/2021\/01\/moto2-1-80x60.jpg 80w, https:\/\/jorgezanoni.com.br\/2019\/wp-content\/uploads\/2021\/01\/moto2-1-696x529.jpg 696w, https:\/\/jorgezanoni.com.br\/2019\/wp-content\/uploads\/2021\/01\/moto2-1-552x420.jpg 552w\" sizes=\"auto, (max-width: 1043px) 100vw, 1043px\" \/><\/p>\n<p>Fonte: Com. Social Pol\u00edcia Civil<\/p>\n","protected":false},"excerpt":{"rendered":"<p>POL\u00cdCIA CIVIL RECUPERA DUAS MOTOCICLETAS FURTADAS DURANTE A MADRUGADA EM DRACENA. As motocicletas haviam sido furtadas em dois locais diferentes, na regi\u00e3o central de Dracena. A Policia Civil, por interm\u00e9dio do Plant\u00e3o Policial Permanente de Dracena, recuperou duas motocicletas que haviam sido furtadas supostamente durante a madrugada desta ter\u00e7a-feira (12) em Dracena. Diante dos fatos [&hellip;]<\/p>\n","protected":false},"author":1,"featured_media":41531,"comment_status":"closed","ping_status":"open","sticky":false,"template":"","format":"standard","meta":{"footnotes":""},"categories":[110,2],"tags":[],"class_list":["post-41529","post","type-post","status-publish","format-standard","has-post-thumbnail","hentry","category-noticiasdestaque","category-policial"],"_links":{"self":[{"href":"https:\/\/jorgezanoni.com.br\/2019\/wp-json\/wp\/v2\/posts\/41529","targetHints":{"allow":["GET"]}}],"collection":[{"href":"https:\/\/jorgezanoni.com.br\/2019\/wp-json\/wp\/v2\/posts"}],"about":[{"href":"https:\/\/jorgezanoni.com.br\/2019\/wp-json\/wp\/v2\/types\/post"}],"author":[{"embeddable":true,"href":"https:\/\/jorgezanoni.com.br\/2019\/wp-json\/wp\/v2\/users\/1"}],"replies":[{"embeddable":true,"href":"https:\/\/jorgezanoni.com.br\/2019\/wp-json\/wp\/v2\/comments?post=41529"}],"version-history":[{"count":0,"href":"https:\/\/jorgezanoni.com.br\/2019\/wp-json\/wp\/v2\/posts\/41529\/revisions"}],"wp:featuredmedia":[{"embeddable":true,"href":"https:\/\/jorgezanoni.com.br\/2019\/wp-json\/wp\/v2\/media\/41531"}],"wp:attachment":[{"href":"https:\/\/jorgezanoni.com.br\/2019\/wp-json\/wp\/v2\/media?parent=41529"}],"wp:term":[{"taxonomy":"category","embeddable":true,"href":"https:\/\/jorgezanoni.com.br\/2019\/wp-json\/wp\/v2\/categories?post=41529"},{"taxonomy":"post_tag","embeddable":true,"href":"https:\/\/jorgezanoni.com.br\/2019\/wp-json\/wp\/v2\/tags?post=41529"}],"curies":[{"name":"wp","href":"https:\/\/api.w.org\/{rel}","templated":true}]}}