{"id":41515,"date":"2021-01-12T16:10:43","date_gmt":"2021-01-12T16:10:43","guid":{"rendered":"https:\/\/jorgezanoni.com.br\/2019\/?p=41515"},"modified":"2021-01-12T16:11:48","modified_gmt":"2021-01-12T16:11:48","slug":"chuva-acompanhada-de-ventos-fortes-derruba-fachada-de-loja-em-tupi-paulista","status":"publish","type":"post","link":"https:\/\/jorgezanoni.com.br\/2019\/chuva-acompanhada-de-ventos-fortes-derruba-fachada-de-loja-em-tupi-paulista\/","title":{"rendered":"Chuva acompanhada de ventos fortes derruba fachada de loja em Tupi Paulista"},"content":{"rendered":"<p style=\"text-align: justify;\">A chuva acompanhada de ventos fortes que caiu em Tupi Paulista ap\u00f3s as 12:00 Horas desta ter\u00e7a-feira (12), causou preju\u00edzos em lojas da Avenida 9 de Julho. N\u00e3o houve queda de granizo.<\/p>\n<p style=\"text-align: justify;\">Pelo menos fachadas de duas empresas foram prejudicadas, ningu\u00e9m se feriu.<\/p>\n<p><img loading=\"lazy\" decoding=\"async\" class=\"alignnone size-full wp-image-41517\" src=\"https:\/\/jorgezanoni.com.br\/2019\/wp-content\/uploads\/2021\/01\/tupi2.jpg\" alt=\"\" width=\"720\" height=\"1280\" srcset=\"https:\/\/jorgezanoni.com.br\/2019\/wp-content\/uploads\/2021\/01\/tupi2.jpg 720w, https:\/\/jorgezanoni.com.br\/2019\/wp-content\/uploads\/2021\/01\/tupi2-169x300.jpg 169w, https:\/\/jorgezanoni.com.br\/2019\/wp-content\/uploads\/2021\/01\/tupi2-576x1024.jpg 576w, https:\/\/jorgezanoni.com.br\/2019\/wp-content\/uploads\/2021\/01\/tupi2-696x1237.jpg 696w, https:\/\/jorgezanoni.com.br\/2019\/wp-content\/uploads\/2021\/01\/tupi2-236x420.jpg 236w\" sizes=\"auto, (max-width: 720px) 100vw, 720px\" \/><\/p>\n<p style=\"text-align: justify;\">Fotos de Internauta<\/p>\n","protected":false},"excerpt":{"rendered":"<p>A chuva acompanhada de ventos fortes que caiu em Tupi Paulista ap\u00f3s as 12:00 Horas desta ter\u00e7a-feira (12), causou preju\u00edzos em lojas da Avenida 9 de Julho. N\u00e3o houve queda de granizo. Pelo menos fachadas de duas empresas foram prejudicadas, ningu\u00e9m se feriu. Fotos de Internauta<\/p>\n","protected":false},"author":1,"featured_media":41516,"comment_status":"closed","ping_status":"open","sticky":false,"template":"","format":"standard","meta":{"footnotes":""},"categories":[179,110,185],"tags":[],"class_list":["post-41515","post","type-post","status-publish","format-standard","has-post-thumbnail","hentry","category-cidadeseregiao","category-noticiasdestaque","category-tupipaulista"],"_links":{"self":[{"href":"https:\/\/jorgezanoni.com.br\/2019\/wp-json\/wp\/v2\/posts\/41515","targetHints":{"allow":["GET"]}}],"collection":[{"href":"https:\/\/jorgezanoni.com.br\/2019\/wp-json\/wp\/v2\/posts"}],"about":[{"href":"https:\/\/jorgezanoni.com.br\/2019\/wp-json\/wp\/v2\/types\/post"}],"author":[{"embeddable":true,"href":"https:\/\/jorgezanoni.com.br\/2019\/wp-json\/wp\/v2\/users\/1"}],"replies":[{"embeddable":true,"href":"https:\/\/jorgezanoni.com.br\/2019\/wp-json\/wp\/v2\/comments?post=41515"}],"version-history":[{"count":0,"href":"https:\/\/jorgezanoni.com.br\/2019\/wp-json\/wp\/v2\/posts\/41515\/revisions"}],"wp:featuredmedia":[{"embeddable":true,"href":"https:\/\/jorgezanoni.com.br\/2019\/wp-json\/wp\/v2\/media\/41516"}],"wp:attachment":[{"href":"https:\/\/jorgezanoni.com.br\/2019\/wp-json\/wp\/v2\/media?parent=41515"}],"wp:term":[{"taxonomy":"category","embeddable":true,"href":"https:\/\/jorgezanoni.com.br\/2019\/wp-json\/wp\/v2\/categories?post=41515"},{"taxonomy":"post_tag","embeddable":true,"href":"https:\/\/jorgezanoni.com.br\/2019\/wp-json\/wp\/v2\/tags?post=41515"}],"curies":[{"name":"wp","href":"https:\/\/api.w.org\/{rel}","templated":true}]}}