{"id":41502,"date":"2021-01-12T14:21:05","date_gmt":"2021-01-12T14:21:05","guid":{"rendered":"https:\/\/jorgezanoni.com.br\/2019\/?p=41502"},"modified":"2021-01-12T14:21:05","modified_gmt":"2021-01-12T14:21:05","slug":"menor-e-apreendido-pela-policia-militar-em-dracena-por-trafico-de-drogas","status":"publish","type":"post","link":"https:\/\/jorgezanoni.com.br\/2019\/menor-e-apreendido-pela-policia-militar-em-dracena-por-trafico-de-drogas\/","title":{"rendered":"Menor \u00e9 apreendido pela Pol\u00edcia Militar em Dracena, por Tr\u00e1fico de Drogas"},"content":{"rendered":"<p style=\"text-align: justify;\"><strong>MENOR \u00c9 APREENDIDO PELA POL\u00cdCIA MILITAR EM DRACENA\/SP, POR TR\u00c1FICO DE DROGAS.<\/strong><\/p>\n<div class=\"kvgmc6g5 cxmmr5t8 oygrvhab hcukyx3x c1et5uql ii04i59q\" style=\"text-align: justify;\">\n<div dir=\"auto\">Na noite desta segunda-feira (11), por volta das 23h30min, durante patrulhamento de For\u00e7a T\u00e1tica pelo munic\u00edpio de Dracena, os policiais se depararam com um adolescente (15 anos), que ao perceber a presen\u00e7a policial, imediatamente virou uma rua e dispensou um objeto. Foi realizada busca pessoal e nada de il\u00edcito foi localizado, por\u00e9m ao verificar o que havia jogado, foram localizadas 11 pedras de crack prontas para venda e 01 pedra bruta, ambas embaladas em sacola pl\u00e1stica. Diante do ocorrido o menor confessou que estava a caminho do terminal rodovi\u00e1rio a fim de vender as drogas, dado voz de apreens\u00e3o ao mesmo que permaneceu a disposi\u00e7\u00e3o da justi\u00e7a.<\/div>\n<\/div>\n<div class=\"o9v6fnle cxmmr5t8 oygrvhab hcukyx3x c1et5uql ii04i59q\">\n<div dir=\"auto\" style=\"text-align: justify;\"><a class=\"oajrlxb2 g5ia77u1 qu0x051f esr5mh6w e9989ue4 r7d6kgcz rq0escxv nhd2j8a9 nc684nl6 p7hjln8o kvgmc6g5 cxmmr5t8 oygrvhab hcukyx3x jb3vyjys rz4wbd8a qt6c0cv9 a8nywdso i1ao9s8h esuyzwwr f1sip0of lzcic4wl q66pz984 gpro0wi8 b1v8xokw\" tabindex=\"0\" role=\"link\" href=\"https:\/\/www.facebook.com\/hashtag\/25bpmi?__eep__=6&amp;__cft__[0]=AZU2xEzqHON2wUPv2AcbJ0s07D2n_FwpncIqPz0bwUb0vS1OdI-oim3D9VhUocm7FA2928Ia6yvfj5qYGxwRJDkDKQnRuTFtaMoKQCywC9FTagw4na5-XJvLaARs13WcIvdXShoWqqqd-nusp2jLlNYN&amp;__tn__=*NK-R\">#25BPMI<\/a><\/div>\n<div dir=\"auto\" style=\"text-align: justify;\"><a class=\"oajrlxb2 g5ia77u1 qu0x051f esr5mh6w e9989ue4 r7d6kgcz rq0escxv nhd2j8a9 nc684nl6 p7hjln8o kvgmc6g5 cxmmr5t8 oygrvhab hcukyx3x jb3vyjys rz4wbd8a qt6c0cv9 a8nywdso i1ao9s8h esuyzwwr f1sip0of lzcic4wl q66pz984 gpro0wi8 b1v8xokw\" tabindex=\"0\" role=\"link\" href=\"https:\/\/www.facebook.com\/hashtag\/policiamilitarsp?__eep__=6&amp;__cft__[0]=AZU2xEzqHON2wUPv2AcbJ0s07D2n_FwpncIqPz0bwUb0vS1OdI-oim3D9VhUocm7FA2928Ia6yvfj5qYGxwRJDkDKQnRuTFtaMoKQCywC9FTagw4na5-XJvLaARs13WcIvdXShoWqqqd-nusp2jLlNYN&amp;__tn__=*NK-R\">#POLICIAMILITARSP<\/a><\/div>\n<div dir=\"auto\" style=\"text-align: justify;\"><a class=\"oajrlxb2 g5ia77u1 qu0x051f esr5mh6w e9989ue4 r7d6kgcz rq0escxv nhd2j8a9 nc684nl6 p7hjln8o kvgmc6g5 cxmmr5t8 oygrvhab hcukyx3x jb3vyjys rz4wbd8a qt6c0cv9 a8nywdso i1ao9s8h esuyzwwr f1sip0of lzcic4wl q66pz984 gpro0wi8 b1v8xokw\" tabindex=\"0\" role=\"link\" href=\"https:\/\/www.facebook.com\/hashtag\/aforc%CC%A7apu%CC%81blicadesa%CC%83opaulo?__eep__=6&amp;__cft__[0]=AZU2xEzqHON2wUPv2AcbJ0s07D2n_FwpncIqPz0bwUb0vS1OdI-oim3D9VhUocm7FA2928Ia6yvfj5qYGxwRJDkDKQnRuTFtaMoKQCywC9FTagw4na5-XJvLaARs13WcIvdXShoWqqqd-nusp2jLlNYN&amp;__tn__=*NK-R\">#AFORC\u0327APU\u0301BLICADESA\u0303OPAULO<\/a><\/div>\n<div dir=\"auto\">COMUNICA\u00c7\u00c3O SOCIAL DO 25\u00ba BPM\/I e regi\u00e3o<\/div>\n<\/div>\n","protected":false},"excerpt":{"rendered":"<p>MENOR \u00c9 APREENDIDO PELA POL\u00cdCIA MILITAR EM DRACENA\/SP, POR TR\u00c1FICO DE DROGAS. Na noite desta segunda-feira (11), por volta das 23h30min, durante patrulhamento de For\u00e7a T\u00e1tica pelo munic\u00edpio de Dracena, os policiais se depararam com um adolescente (15 anos), que ao perceber a presen\u00e7a policial, imediatamente virou uma rua e dispensou um objeto. Foi realizada [&hellip;]<\/p>\n","protected":false},"author":1,"featured_media":41503,"comment_status":"closed","ping_status":"open","sticky":false,"template":"","format":"standard","meta":{"footnotes":""},"categories":[110,2],"tags":[],"class_list":["post-41502","post","type-post","status-publish","format-standard","has-post-thumbnail","hentry","category-noticiasdestaque","category-policial"],"_links":{"self":[{"href":"https:\/\/jorgezanoni.com.br\/2019\/wp-json\/wp\/v2\/posts\/41502","targetHints":{"allow":["GET"]}}],"collection":[{"href":"https:\/\/jorgezanoni.com.br\/2019\/wp-json\/wp\/v2\/posts"}],"about":[{"href":"https:\/\/jorgezanoni.com.br\/2019\/wp-json\/wp\/v2\/types\/post"}],"author":[{"embeddable":true,"href":"https:\/\/jorgezanoni.com.br\/2019\/wp-json\/wp\/v2\/users\/1"}],"replies":[{"embeddable":true,"href":"https:\/\/jorgezanoni.com.br\/2019\/wp-json\/wp\/v2\/comments?post=41502"}],"version-history":[{"count":0,"href":"https:\/\/jorgezanoni.com.br\/2019\/wp-json\/wp\/v2\/posts\/41502\/revisions"}],"wp:featuredmedia":[{"embeddable":true,"href":"https:\/\/jorgezanoni.com.br\/2019\/wp-json\/wp\/v2\/media\/41503"}],"wp:attachment":[{"href":"https:\/\/jorgezanoni.com.br\/2019\/wp-json\/wp\/v2\/media?parent=41502"}],"wp:term":[{"taxonomy":"category","embeddable":true,"href":"https:\/\/jorgezanoni.com.br\/2019\/wp-json\/wp\/v2\/categories?post=41502"},{"taxonomy":"post_tag","embeddable":true,"href":"https:\/\/jorgezanoni.com.br\/2019\/wp-json\/wp\/v2\/tags?post=41502"}],"curies":[{"name":"wp","href":"https:\/\/api.w.org\/{rel}","templated":true}]}}