{"id":4148,"date":"2019-08-20T02:08:37","date_gmt":"2019-08-20T02:08:37","guid":{"rendered":"https:\/\/jorgezanoni.com.br\/2019\/?p=4148"},"modified":"2019-08-20T02:10:17","modified_gmt":"2019-08-20T02:10:17","slug":"conforme-previsto-emdaep-realizou-recuperacao-de-asfalto-na-av-presidente-vargas","status":"publish","type":"post","link":"https:\/\/jorgezanoni.com.br\/2019\/conforme-previsto-emdaep-realizou-recuperacao-de-asfalto-na-av-presidente-vargas\/","title":{"rendered":"Conforme previsto EMDAEP realizou recupera\u00e7\u00e3o de asfalto na av. Presidente Vargas"},"content":{"rendered":"<p style=\"text-align: justify;\">Como noticiamos, hoje (19) estava previsto e foi realizada desde o per\u00edodo da manh\u00e3, a recupera\u00e7\u00e3o do asfalto na avenida Presidente Vargas, entre a rua Monte Castelo e avenida Jos\u00e9 Bonif\u00e1cio.<\/p>\n<p style=\"text-align: justify;\">O tr\u00e2nsito ficou interditado at\u00e9 praticamente o final da tarde para a conclus\u00e3o dos servi\u00e7os com apenas uma das faixas liberada e sem estacionamento.<\/p>\n<p style=\"text-align: justify;\">Talvez um erro de c\u00e1lculo na libera\u00e7\u00e3o antes do prazo previsto, tenha prejudicado o servi\u00e7o que ter\u00e1 que ser refeito. \u00c9 dinheiro, m\u00e3o de obra e tempo de funcion\u00e1rios gasto duas vezes. Quanta alta de planejamento.<\/p>\n<p><img loading=\"lazy\" decoding=\"async\" class=\"alignnone size-full wp-image-4149\" src=\"https:\/\/jorgezanoni.com.br\/2019\/wp-content\/uploads\/2019\/08\/asfalto.jpg\" alt=\"\" width=\"960\" height=\"540\" srcset=\"https:\/\/jorgezanoni.com.br\/2019\/wp-content\/uploads\/2019\/08\/asfalto.jpg 960w, https:\/\/jorgezanoni.com.br\/2019\/wp-content\/uploads\/2019\/08\/asfalto-300x169.jpg 300w, https:\/\/jorgezanoni.com.br\/2019\/wp-content\/uploads\/2019\/08\/asfalto-768x432.jpg 768w, https:\/\/jorgezanoni.com.br\/2019\/wp-content\/uploads\/2019\/08\/asfalto-696x392.jpg 696w, https:\/\/jorgezanoni.com.br\/2019\/wp-content\/uploads\/2019\/08\/asfalto-747x420.jpg 747w\" sizes=\"auto, (max-width: 960px) 100vw, 960px\" \/> <img loading=\"lazy\" decoding=\"async\" class=\"alignnone size-full wp-image-4150\" src=\"https:\/\/jorgezanoni.com.br\/2019\/wp-content\/uploads\/2019\/08\/asfalto1.jpg\" alt=\"\" width=\"960\" height=\"540\" srcset=\"https:\/\/jorgezanoni.com.br\/2019\/wp-content\/uploads\/2019\/08\/asfalto1.jpg 960w, https:\/\/jorgezanoni.com.br\/2019\/wp-content\/uploads\/2019\/08\/asfalto1-300x169.jpg 300w, https:\/\/jorgezanoni.com.br\/2019\/wp-content\/uploads\/2019\/08\/asfalto1-768x432.jpg 768w, https:\/\/jorgezanoni.com.br\/2019\/wp-content\/uploads\/2019\/08\/asfalto1-696x392.jpg 696w, https:\/\/jorgezanoni.com.br\/2019\/wp-content\/uploads\/2019\/08\/asfalto1-747x420.jpg 747w\" sizes=\"auto, (max-width: 960px) 100vw, 960px\" \/><\/p>\n<p style=\"text-align: justify;\">Fa\u00e7a a compara\u00e7\u00e3o do antes e depois dos reparos executados.<\/p>\n<p><img loading=\"lazy\" decoding=\"async\" class=\"alignnone size-full wp-image-4151\" src=\"https:\/\/jorgezanoni.com.br\/2019\/wp-content\/uploads\/2019\/08\/page-3.jpg\" alt=\"\" width=\"404\" height=\"404\" srcset=\"https:\/\/jorgezanoni.com.br\/2019\/wp-content\/uploads\/2019\/08\/page-3.jpg 404w, https:\/\/jorgezanoni.com.br\/2019\/wp-content\/uploads\/2019\/08\/page-3-150x150.jpg 150w, https:\/\/jorgezanoni.com.br\/2019\/wp-content\/uploads\/2019\/08\/page-3-300x300.jpg 300w\" sizes=\"auto, (max-width: 404px) 100vw, 404px\" \/><\/p>\n<p>Jorge Zanoni<\/p>\n<p>&nbsp;<\/p>\n","protected":false},"excerpt":{"rendered":"<p>Como noticiamos, hoje (19) estava previsto e foi realizada desde o per\u00edodo da manh\u00e3, a recupera\u00e7\u00e3o do asfalto na avenida Presidente Vargas, entre a rua Monte Castelo e avenida Jos\u00e9 Bonif\u00e1cio. O tr\u00e2nsito ficou interditado at\u00e9 praticamente o final da tarde para a conclus\u00e3o dos servi\u00e7os com apenas uma das faixas liberada e sem estacionamento. [&hellip;]<\/p>\n","protected":false},"author":1,"featured_media":4154,"comment_status":"closed","ping_status":"open","sticky":false,"template":"","format":"standard","meta":{"footnotes":""},"categories":[179,110],"tags":[],"class_list":["post-4148","post","type-post","status-publish","format-standard","has-post-thumbnail","hentry","category-cidadeseregiao","category-noticiasdestaque"],"_links":{"self":[{"href":"https:\/\/jorgezanoni.com.br\/2019\/wp-json\/wp\/v2\/posts\/4148","targetHints":{"allow":["GET"]}}],"collection":[{"href":"https:\/\/jorgezanoni.com.br\/2019\/wp-json\/wp\/v2\/posts"}],"about":[{"href":"https:\/\/jorgezanoni.com.br\/2019\/wp-json\/wp\/v2\/types\/post"}],"author":[{"embeddable":true,"href":"https:\/\/jorgezanoni.com.br\/2019\/wp-json\/wp\/v2\/users\/1"}],"replies":[{"embeddable":true,"href":"https:\/\/jorgezanoni.com.br\/2019\/wp-json\/wp\/v2\/comments?post=4148"}],"version-history":[{"count":0,"href":"https:\/\/jorgezanoni.com.br\/2019\/wp-json\/wp\/v2\/posts\/4148\/revisions"}],"wp:featuredmedia":[{"embeddable":true,"href":"https:\/\/jorgezanoni.com.br\/2019\/wp-json\/wp\/v2\/media\/4154"}],"wp:attachment":[{"href":"https:\/\/jorgezanoni.com.br\/2019\/wp-json\/wp\/v2\/media?parent=4148"}],"wp:term":[{"taxonomy":"category","embeddable":true,"href":"https:\/\/jorgezanoni.com.br\/2019\/wp-json\/wp\/v2\/categories?post=4148"},{"taxonomy":"post_tag","embeddable":true,"href":"https:\/\/jorgezanoni.com.br\/2019\/wp-json\/wp\/v2\/tags?post=4148"}],"curies":[{"name":"wp","href":"https:\/\/api.w.org\/{rel}","templated":true}]}}