{"id":41472,"date":"2021-01-12T12:33:35","date_gmt":"2021-01-12T12:33:35","guid":{"rendered":"https:\/\/jorgezanoni.com.br\/2019\/?p=41472"},"modified":"2021-01-12T12:33:35","modified_gmt":"2021-01-12T12:33:35","slug":"morre-lara-denise-dos-santos-que-foi-secretaria-da-sim","status":"publish","type":"post","link":"https:\/\/jorgezanoni.com.br\/2019\/morre-lara-denise-dos-santos-que-foi-secretaria-da-sim\/","title":{"rendered":"Morre Lara Denise dos Santos que foi secretaria da SIM"},"content":{"rendered":"<p style=\"text-align: justify;\">Faleceu na Santa Casa de Dracena, Lara Denise dos Santos, 50 anos, por muitos anos foi secretaria de administra\u00e7\u00e3o na SIM, Sociedade Irm\u00e3os da Miseric\u00f3rdia. O sepultamento ser\u00e1 as 10:00 no cemit\u00e9rio local, (n\u00e3o haver\u00e1 vel\u00f3rio).<\/p>\n<p style=\"text-align: justify;\">Deixa filhos, nora, m\u00e3e e irm\u00e3os. \u00c9 irm\u00e3 do historiador dracenense Rog\u00e9rio Edson dos Santos.<\/p>\n<p style=\"text-align: justify;\"><img loading=\"lazy\" decoding=\"async\" class=\"alignnone size-full wp-image-41474\" src=\"https:\/\/jorgezanoni.com.br\/2019\/wp-content\/uploads\/2021\/01\/Lara.jpg\" alt=\"\" width=\"1280\" height=\"716\" srcset=\"https:\/\/jorgezanoni.com.br\/2019\/wp-content\/uploads\/2021\/01\/Lara.jpg 1280w, https:\/\/jorgezanoni.com.br\/2019\/wp-content\/uploads\/2021\/01\/Lara-300x168.jpg 300w, https:\/\/jorgezanoni.com.br\/2019\/wp-content\/uploads\/2021\/01\/Lara-1024x573.jpg 1024w, https:\/\/jorgezanoni.com.br\/2019\/wp-content\/uploads\/2021\/01\/Lara-768x430.jpg 768w, https:\/\/jorgezanoni.com.br\/2019\/wp-content\/uploads\/2021\/01\/Lara-696x389.jpg 696w, https:\/\/jorgezanoni.com.br\/2019\/wp-content\/uploads\/2021\/01\/Lara-1068x597.jpg 1068w, https:\/\/jorgezanoni.com.br\/2019\/wp-content\/uploads\/2021\/01\/Lara-751x420.jpg 751w\" sizes=\"auto, (max-width: 1280px) 100vw, 1280px\" \/><\/p>\n<p>O Site Jorge Zanoni se solidariza com fam\u00edlia neste dif\u00edcil momento!<\/p>\n","protected":false},"excerpt":{"rendered":"<p>Faleceu na Santa Casa de Dracena, Lara Denise dos Santos, 50 anos, por muitos anos foi secretaria de administra\u00e7\u00e3o na SIM, Sociedade Irm\u00e3os da Miseric\u00f3rdia. O sepultamento ser\u00e1 as 10:00 no cemit\u00e9rio local, (n\u00e3o haver\u00e1 vel\u00f3rio). Deixa filhos, nora, m\u00e3e e irm\u00e3os. \u00c9 irm\u00e3 do historiador dracenense Rog\u00e9rio Edson dos Santos. O Site Jorge Zanoni [&hellip;]<\/p>\n","protected":false},"author":1,"featured_media":41475,"comment_status":"closed","ping_status":"open","sticky":false,"template":"","format":"standard","meta":{"footnotes":""},"categories":[178,110],"tags":[],"class_list":["post-41472","post","type-post","status-publish","format-standard","has-post-thumbnail","hentry","category-notadefalecimento","category-noticiasdestaque"],"_links":{"self":[{"href":"https:\/\/jorgezanoni.com.br\/2019\/wp-json\/wp\/v2\/posts\/41472","targetHints":{"allow":["GET"]}}],"collection":[{"href":"https:\/\/jorgezanoni.com.br\/2019\/wp-json\/wp\/v2\/posts"}],"about":[{"href":"https:\/\/jorgezanoni.com.br\/2019\/wp-json\/wp\/v2\/types\/post"}],"author":[{"embeddable":true,"href":"https:\/\/jorgezanoni.com.br\/2019\/wp-json\/wp\/v2\/users\/1"}],"replies":[{"embeddable":true,"href":"https:\/\/jorgezanoni.com.br\/2019\/wp-json\/wp\/v2\/comments?post=41472"}],"version-history":[{"count":0,"href":"https:\/\/jorgezanoni.com.br\/2019\/wp-json\/wp\/v2\/posts\/41472\/revisions"}],"wp:featuredmedia":[{"embeddable":true,"href":"https:\/\/jorgezanoni.com.br\/2019\/wp-json\/wp\/v2\/media\/41475"}],"wp:attachment":[{"href":"https:\/\/jorgezanoni.com.br\/2019\/wp-json\/wp\/v2\/media?parent=41472"}],"wp:term":[{"taxonomy":"category","embeddable":true,"href":"https:\/\/jorgezanoni.com.br\/2019\/wp-json\/wp\/v2\/categories?post=41472"},{"taxonomy":"post_tag","embeddable":true,"href":"https:\/\/jorgezanoni.com.br\/2019\/wp-json\/wp\/v2\/tags?post=41472"}],"curies":[{"name":"wp","href":"https:\/\/api.w.org\/{rel}","templated":true}]}}