{"id":4145,"date":"2019-08-20T01:42:41","date_gmt":"2019-08-20T01:42:41","guid":{"rendered":"https:\/\/jorgezanoni.com.br\/2019\/?p=4145"},"modified":"2019-08-20T01:42:41","modified_gmt":"2019-08-20T01:42:41","slug":"desesperada-mae-faz-apelo-para-encontrar-filho-desaparecido","status":"publish","type":"post","link":"https:\/\/jorgezanoni.com.br\/2019\/desesperada-mae-faz-apelo-para-encontrar-filho-desaparecido\/","title":{"rendered":"Desesperada, m\u00e3e faz apelo para encontrar filho desaparecido"},"content":{"rendered":"<div style=\"text-align: justify;\">A idosa Maria Jos\u00e9 da Costa, m\u00e3e de Emerson Jos\u00e9 dos Santos fez um apelo emocionado no come\u00e7o da tarde desta segunda-feira, 19, durante entrevista \u00e0 R\u00e1dio Transam\u00e9rica FM em Tupi Paulista, na tentativa de encontrar seu filho que se encontra desaparecido h\u00e1 quase duas semanas.<\/div>\n<div style=\"text-align: justify;\"><\/div>\n<div>\n<div style=\"text-align: justify;\">Segundo a sua genitora, o filho teria saido de Cajuru com destino a cidade de Gar\u00e7a com o objetivo de ver a sua filha. Por volta das 19 horas Emerson teria se despedido de sua m\u00e3e e de sua filha no Terminal Rodovi\u00e1rio de Gar\u00e7a.<\/div>\n<div style=\"text-align: justify;\"><\/div>\n<div style=\"text-align: justify;\">A m\u00e3e de Emerson contou que ela teria saido tamb\u00e9m de Tupi Paulista para se encontrar com sua neta. Depois disso o filho montou no carro Gol prata com placas OMA 4885 de Cajuru e saiu com destino a cidade de origem.<\/div>\n<div style=\"text-align: justify;\"><\/div>\n<div style=\"text-align: justify;\">Algumas horas depois a m\u00e3e tentou ligar por diversas vezes para o filho mas as liga\u00e7\u00f5es eram encaminhadas para a caixa postal do celular.<\/div>\n<div style=\"text-align: justify;\"><\/div>\n<div style=\"text-align: justify;\">Nas redes sociais os familiares pedem a ajuda da popula\u00e7\u00e3o no sentindo de que forne\u00e7a qualquer informa\u00e7\u00e3o sobre o paradeiro do filho.<\/div>\n<div style=\"text-align: justify;\"><\/div>\n<div style=\"text-align: justify;\">Fonte: Agora News<\/div>\n<\/div>\n","protected":false},"excerpt":{"rendered":"<p>A idosa Maria Jos\u00e9 da Costa, m\u00e3e de Emerson Jos\u00e9 dos Santos fez um apelo emocionado no come\u00e7o da tarde desta segunda-feira, 19, durante entrevista \u00e0 R\u00e1dio Transam\u00e9rica FM em Tupi Paulista, na tentativa de encontrar seu filho que se encontra desaparecido h\u00e1 quase duas semanas. Segundo a sua genitora, o filho teria saido de [&hellip;]<\/p>\n","protected":false},"author":1,"featured_media":4146,"comment_status":"closed","ping_status":"open","sticky":false,"template":"","format":"standard","meta":{"footnotes":""},"categories":[2],"tags":[],"class_list":["post-4145","post","type-post","status-publish","format-standard","has-post-thumbnail","hentry","category-policial"],"_links":{"self":[{"href":"https:\/\/jorgezanoni.com.br\/2019\/wp-json\/wp\/v2\/posts\/4145","targetHints":{"allow":["GET"]}}],"collection":[{"href":"https:\/\/jorgezanoni.com.br\/2019\/wp-json\/wp\/v2\/posts"}],"about":[{"href":"https:\/\/jorgezanoni.com.br\/2019\/wp-json\/wp\/v2\/types\/post"}],"author":[{"embeddable":true,"href":"https:\/\/jorgezanoni.com.br\/2019\/wp-json\/wp\/v2\/users\/1"}],"replies":[{"embeddable":true,"href":"https:\/\/jorgezanoni.com.br\/2019\/wp-json\/wp\/v2\/comments?post=4145"}],"version-history":[{"count":0,"href":"https:\/\/jorgezanoni.com.br\/2019\/wp-json\/wp\/v2\/posts\/4145\/revisions"}],"wp:featuredmedia":[{"embeddable":true,"href":"https:\/\/jorgezanoni.com.br\/2019\/wp-json\/wp\/v2\/media\/4146"}],"wp:attachment":[{"href":"https:\/\/jorgezanoni.com.br\/2019\/wp-json\/wp\/v2\/media?parent=4145"}],"wp:term":[{"taxonomy":"category","embeddable":true,"href":"https:\/\/jorgezanoni.com.br\/2019\/wp-json\/wp\/v2\/categories?post=4145"},{"taxonomy":"post_tag","embeddable":true,"href":"https:\/\/jorgezanoni.com.br\/2019\/wp-json\/wp\/v2\/tags?post=4145"}],"curies":[{"name":"wp","href":"https:\/\/api.w.org\/{rel}","templated":true}]}}