{"id":41443,"date":"2021-01-11T22:20:44","date_gmt":"2021-01-11T22:20:44","guid":{"rendered":"https:\/\/jorgezanoni.com.br\/2019\/?p=41443"},"modified":"2021-01-11T22:20:44","modified_gmt":"2021-01-11T22:20:44","slug":"suspeita-de-covid-19-afasta-funcionarios-e-fecha-temporariamente-agencia-bancaria-em-dracena","status":"publish","type":"post","link":"https:\/\/jorgezanoni.com.br\/2019\/suspeita-de-covid-19-afasta-funcionarios-e-fecha-temporariamente-agencia-bancaria-em-dracena\/","title":{"rendered":"Suspeita de Covid-19 afasta funcion\u00e1rios e fecha temporariamente ag\u00eancia banc\u00e1ria em Dracena"},"content":{"rendered":"<h2 class=\"content-head__subtitle\" style=\"text-align: justify;\"><strong>De acordo com o Ita\u00fa Unibanco, os clientes que necessitarem de atendimento presencial podem se direcionar para a unidade localizada em Adamantina.<\/strong><\/h2>\n<div class=\"content__signa-share\">\n<div class=\"content__signature\">\n<div class=\"content-publication-data\">\n<div class=\"content-publication-data__text\"><\/div>\n<\/div>\n<\/div>\n<div class=\"content__share-bar\" style=\"text-align: justify;\"><\/div>\n<\/div>\n<div class=\"mc-article-body\">\n<article>\n<div class=\"row medium-uncollapsed content-media content-photo\" style=\"text-align: justify;\" data-block-type=\"backstage-photo\" data-block-id=\"0\">\n<div class=\"mc-column content-media__container\">\n<figure><img decoding=\"async\" class=\"i-amphtml-fill-content i-amphtml-replaced-content\" src=\"https:\/\/s2.glbimg.com\/H-H3XahRDePxYK0kfxCId4kYyJI=\/0x0:1032x581\/984x0\/smart\/filters:strip_icc()\/i.s3.glbimg.com\/v1\/AUTH_59edd422c0c84a879bd37670ae4f538a\/internal_photos\/bs\/2021\/k\/A\/pSQaTSQ8qnT3evKl5gcg\/71e94248-5fc1-44e3-a608-a6dd60bfe81a.jpg\" sizes=\"(max-width: 1366px) 648px, 100vw\" srcset=\"https:\/\/s2.glbimg.com\/WiYiiy578NnZDhoCK5YnxF5tihM=\/0x0:1032x581\/1000x0\/smart\/filters:strip_icc()\/i.s3.glbimg.com\/v1\/AUTH_59edd422c0c84a879bd37670ae4f538a\/internal_photos\/bs\/2021\/k\/A\/pSQaTSQ8qnT3evKl5gcg\/71e94248-5fc1-44e3-a608-a6dd60bfe81a.jpg 1000w, https:\/\/s2.glbimg.com\/H-H3XahRDePxYK0kfxCId4kYyJI=\/0x0:1032x581\/984x0\/smart\/filters:strip_icc()\/i.s3.glbimg.com\/v1\/AUTH_59edd422c0c84a879bd37670ae4f538a\/internal_photos\/bs\/2021\/k\/A\/pSQaTSQ8qnT3evKl5gcg\/71e94248-5fc1-44e3-a608-a6dd60bfe81a.jpg 984w, https:\/\/s2.glbimg.com\/eabBC4FYmSFDwc8OLkw_X09fTik=\/0x0:1032x581\/640x0\/smart\/filters:strip_icc()\/i.s3.glbimg.com\/v1\/AUTH_59edd422c0c84a879bd37670ae4f538a\/internal_photos\/bs\/2021\/k\/A\/pSQaTSQ8qnT3evKl5gcg\/71e94248-5fc1-44e3-a608-a6dd60bfe81a.jpg 640w, https:\/\/s2.glbimg.com\/UhLEujIOLP8wGEGs5kJNIwtXXv4=\/0x0:1032x581\/600x0\/smart\/filters:strip_icc()\/i.s3.glbimg.com\/v1\/AUTH_59edd422c0c84a879bd37670ae4f538a\/internal_photos\/bs\/2021\/k\/A\/pSQaTSQ8qnT3evKl5gcg\/71e94248-5fc1-44e3-a608-a6dd60bfe81a.jpg 600w\" alt=\"Suspeita de Covid-19 fechou temporariamente ag\u00eancia banc\u00e1ria em Dracena \u2014 Foto: Jorge Zanoni\" \/><\/figure>\n<p class=\"content-media__description \">Suspeita de Covid-19 fechou temporariamente ag\u00eancia banc\u00e1ria em Dracena \u2014 Foto: Jorge Zanoni<\/p>\n<\/div>\n<\/div>\n<div class=\"mc-column content-text active-extra-styles \" style=\"text-align: justify;\" data-block-type=\"unstyled\" data-block-weight=\"26\" data-block-id=\"2\">\n<p class=\"content-text__container \" data-track-category=\"Link no Texto\" data-track-links=\"\">A ag\u00eancia do Ita\u00fa Unibanco em\u00a0<a href=\"https:\/\/g1.globo.com\/sp\/presidente-prudente-regiao\/cidade\/dracena\/\">Dracena (SP)<\/a>\u00a0foi fechada temporariamente por suspeita de Covid-19 e todos os funcion\u00e1rios da unidade foram afastados de suas atividades.<\/p>\n<\/div>\n<div class=\"wall protected-content\">\n<div class=\"mc-column content-text active-extra-styles \" style=\"text-align: justify;\" data-block-type=\"unstyled\" data-block-weight=\"29\" data-block-id=\"3\">\n<p class=\"content-text__container \" data-track-category=\"Link no Texto\" data-track-links=\"\">Em nota ao\u00a0<strong>G1\u00a0<\/strong>nesta segunda-feira (11), o banco informou que a ag\u00eancia foi fechada para higieniza\u00e7\u00e3o, seguindo todos os protocolos de limpeza e o uso de antiss\u00e9pticos adequados.<\/p>\n<\/div>\n<div class=\"mc-column content-text active-extra-styles \" style=\"text-align: justify;\" data-block-type=\"unstyled\" data-block-weight=\"23\" data-block-id=\"4\">\n<p class=\"content-text__container \" data-track-category=\"Link no Texto\" data-track-links=\"\">De acordo com a institui\u00e7\u00e3o financeira, os clientes que necessitarem de atendimento presencial podem se direcionar para a ag\u00eancia localizada em\u00a0<a href=\"https:\/\/g1.globo.com\/sp\/presidente-prudente-regiao\/cidade\/adamantina\/\">Adamantina (SP)<\/a>.<\/p>\n<\/div>\n<div class=\"mc-column content-text active-extra-styles \" style=\"text-align: justify;\" data-block-type=\"unstyled\" data-block-weight=\"47\" data-block-id=\"5\">\n<p class=\"content-text__container \" data-track-category=\"Link no Texto\" data-track-links=\"\">No entanto, o banco refor\u00e7ou a orienta\u00e7\u00e3o para que os clientes usem os canais digitais para efetuar opera\u00e7\u00f5es que podem ser realizadas por meio destes servi\u00e7os, como pagamento de t\u00edtulos e boletos, contrata\u00e7\u00e3o de cr\u00e9dito, solicita\u00e7\u00e3o de segunda via de cart\u00e3o e outros atendimentos dispon\u00edveis no\u00a0<a href=\"https:\/\/www.itau.com.br\/coronavirus\/\" target=\"_blank\" rel=\"noopener noreferrer\">site<\/a>.<\/p>\n<\/div>\n<div class=\"mc-column content-text active-extra-styles \" style=\"text-align: justify;\" data-block-type=\"unstyled\" data-block-weight=\"12\" data-block-id=\"6\">\n<p class=\"content-text__container \" data-track-category=\"Link no Texto\" data-track-links=\"\">O banco n\u00e3o informou quando os atendimentos presenciais ser\u00e3o retomados em Dracena.<\/p>\n<\/div>\n<div class=\"row medium-uncollapsed content-media content-photo\" data-block-type=\"backstage-photo\" data-block-id=\"7\">\n<div class=\"mc-column content-media__container\">\n<figure style=\"text-align: justify;\"><img decoding=\"async\" class=\"i-amphtml-fill-content i-amphtml-replaced-content\" src=\"https:\/\/s2.glbimg.com\/nBb4wxpeG7Wc8VjCXdqYqhRDOtU=\/0x0:1032x581\/984x0\/smart\/filters:strip_icc()\/i.s3.glbimg.com\/v1\/AUTH_59edd422c0c84a879bd37670ae4f538a\/internal_photos\/bs\/2021\/r\/E\/PZAGBxRRiSwVffZDnNOQ\/be820963-d1ad-438f-a14d-f4ee7b40c2d9.jpg\" sizes=\"(max-width: 1366px) 648px, 100vw\" srcset=\"https:\/\/s2.glbimg.com\/YbAAlkztYeYBPhPcWU--C5wekRg=\/0x0:1032x581\/1000x0\/smart\/filters:strip_icc()\/i.s3.glbimg.com\/v1\/AUTH_59edd422c0c84a879bd37670ae4f538a\/internal_photos\/bs\/2021\/r\/E\/PZAGBxRRiSwVffZDnNOQ\/be820963-d1ad-438f-a14d-f4ee7b40c2d9.jpg 1000w, https:\/\/s2.glbimg.com\/nBb4wxpeG7Wc8VjCXdqYqhRDOtU=\/0x0:1032x581\/984x0\/smart\/filters:strip_icc()\/i.s3.glbimg.com\/v1\/AUTH_59edd422c0c84a879bd37670ae4f538a\/internal_photos\/bs\/2021\/r\/E\/PZAGBxRRiSwVffZDnNOQ\/be820963-d1ad-438f-a14d-f4ee7b40c2d9.jpg 984w, https:\/\/s2.glbimg.com\/KbQHB1aH7rPwUrp_KJXmqMUkFX4=\/0x0:1032x581\/640x0\/smart\/filters:strip_icc()\/i.s3.glbimg.com\/v1\/AUTH_59edd422c0c84a879bd37670ae4f538a\/internal_photos\/bs\/2021\/r\/E\/PZAGBxRRiSwVffZDnNOQ\/be820963-d1ad-438f-a14d-f4ee7b40c2d9.jpg 640w, https:\/\/s2.glbimg.com\/vRrvm9YoZ9K6PQ5ab1rA2u3Fhb0=\/0x0:1032x581\/600x0\/smart\/filters:strip_icc()\/i.s3.glbimg.com\/v1\/AUTH_59edd422c0c84a879bd37670ae4f538a\/internal_photos\/bs\/2021\/r\/E\/PZAGBxRRiSwVffZDnNOQ\/be820963-d1ad-438f-a14d-f4ee7b40c2d9.jpg 600w\" alt=\"Suspeita de Covid-19 fechou temporariamente ag\u00eancia banc\u00e1ria em Dracena \u2014 Foto: Jorge Zanoni\" \/><\/figure>\n<p class=\"content-media__description \" style=\"text-align: justify;\">Suspeita de Covid-19 fechou temporariamente ag\u00eancia banc\u00e1ria em Dracena \u2014 Foto: Jorge Zanoni<\/p>\n<p style=\"text-align: justify;\">Fonte: G1 &#8211; Fotos: Jorge Zanoni<\/p>\n<\/div>\n<\/div>\n<div class=\"content-ads content-ads--reveal\" data-block-type=\"ads\" data-block-id=\"8\">\n<div id=\"banner_materia2\" class=\"tag-manager-publicidade-container mc-has-reveal mc-has-ad-lazyload\" data-id=\"banner_materia2\"><\/div>\n<\/div>\n<\/div>\n<div class=\"mc-column content-entenda-o-caso\" data-block-type=\"entenda-o-caso\" data-block-id=\"9\"><\/div>\n<\/article>\n<\/div>\n","protected":false},"excerpt":{"rendered":"<p>De acordo com o Ita\u00fa Unibanco, os clientes que necessitarem de atendimento presencial podem se direcionar para a unidade localizada em Adamantina. Suspeita de Covid-19 fechou temporariamente ag\u00eancia banc\u00e1ria em Dracena \u2014 Foto: Jorge Zanoni A ag\u00eancia do Ita\u00fa Unibanco em\u00a0Dracena (SP)\u00a0foi fechada temporariamente por suspeita de Covid-19 e todos os funcion\u00e1rios da unidade foram [&hellip;]<\/p>\n","protected":false},"author":1,"featured_media":41444,"comment_status":"closed","ping_status":"open","sticky":false,"template":"","format":"standard","meta":{"footnotes":""},"categories":[110,116],"tags":[],"class_list":["post-41443","post","type-post","status-publish","format-standard","has-post-thumbnail","hentry","category-noticiasdestaque","category-politicaeeconomia"],"_links":{"self":[{"href":"https:\/\/jorgezanoni.com.br\/2019\/wp-json\/wp\/v2\/posts\/41443","targetHints":{"allow":["GET"]}}],"collection":[{"href":"https:\/\/jorgezanoni.com.br\/2019\/wp-json\/wp\/v2\/posts"}],"about":[{"href":"https:\/\/jorgezanoni.com.br\/2019\/wp-json\/wp\/v2\/types\/post"}],"author":[{"embeddable":true,"href":"https:\/\/jorgezanoni.com.br\/2019\/wp-json\/wp\/v2\/users\/1"}],"replies":[{"embeddable":true,"href":"https:\/\/jorgezanoni.com.br\/2019\/wp-json\/wp\/v2\/comments?post=41443"}],"version-history":[{"count":0,"href":"https:\/\/jorgezanoni.com.br\/2019\/wp-json\/wp\/v2\/posts\/41443\/revisions"}],"wp:featuredmedia":[{"embeddable":true,"href":"https:\/\/jorgezanoni.com.br\/2019\/wp-json\/wp\/v2\/media\/41444"}],"wp:attachment":[{"href":"https:\/\/jorgezanoni.com.br\/2019\/wp-json\/wp\/v2\/media?parent=41443"}],"wp:term":[{"taxonomy":"category","embeddable":true,"href":"https:\/\/jorgezanoni.com.br\/2019\/wp-json\/wp\/v2\/categories?post=41443"},{"taxonomy":"post_tag","embeddable":true,"href":"https:\/\/jorgezanoni.com.br\/2019\/wp-json\/wp\/v2\/tags?post=41443"}],"curies":[{"name":"wp","href":"https:\/\/api.w.org\/{rel}","templated":true}]}}