{"id":41430,"date":"2021-01-11T15:03:23","date_gmt":"2021-01-11T15:03:23","guid":{"rendered":"https:\/\/jorgezanoni.com.br\/2019\/?p=41430"},"modified":"2021-01-11T15:03:23","modified_gmt":"2021-01-11T15:03:23","slug":"cep-ume-oferece-descontos-para-novos-alunos-dos-cursos-tecnicos","status":"publish","type":"post","link":"https:\/\/jorgezanoni.com.br\/2019\/cep-ume-oferece-descontos-para-novos-alunos-dos-cursos-tecnicos\/","title":{"rendered":"CEP\/UME oferece descontos para novos alunos dos cursos t\u00e9cnicos"},"content":{"rendered":"<p dir=\"ltr\" style=\"text-align: justify;\">Cursos t\u00e9cnicos profissionalizantes se mostram em ascens\u00e3o por proporcionarem uma forma\u00e7\u00e3o r\u00e1pida para o ingresso no mercado de trabalho. Com os cursos t\u00e9cnicos em Est\u00e9tica, Enfermagem, Radiologia, Edifica\u00e7\u00f5es e Seguran\u00e7a do Trabalho, os alunos saem preparados para atuar com qualidade em suas \u00e1reas.<br \/>\nOs interessados que efetivarem suas matr\u00edculas at\u00e9 10 de fevereiro garantem 15% de desconto nas mensalidades.<br \/>\nSegundo Julia Portari, diretora do CEP\/UME, houve um aumento do interesse da popula\u00e7\u00e3o por cursos de capacita\u00e7\u00e3o profissional nos \u00faltimos anos. &#8220;A popula\u00e7\u00e3o da regi\u00e3o v\u00ea a profissionaliza\u00e7\u00e3o como um importante instrumento para o ingresso ou perman\u00eancia no mercado de trabalho&#8221;, comentou. Ainda de acordo com a diretora, os cursos do CEP\/UME oferecem aos formandos registros nos conselhos profissionais e a possibilidade de atuar em todo o territ\u00f3rio nacional.<br \/>\nAs matr\u00edculas podem ser feitas na secretaria geral da Fundec, \u00e0 Rua Bahia, 332 &#8211; Bairro Metr\u00f3pole, em Dracena. Acesse: <a href=\"http:\/\/www.fundec.edu.br\/tecnico\" target=\"_blank\" rel=\"noopener noreferrer\">www.fundec.edu.br\/tecnico<br \/>\n<\/a>Mais informa\u00e7\u00f5es: (18) 3821-9004 ou pelo whatsapp (18) 99802-1237 (atendimento das 8h \u00e0s 17h).<span id=\"gmail-docs-internal-guid-3310d11f-7fff-bad6-56d7-fd47a3c22e0d\"><\/span><\/p>\n<div class=\"gmail_signature\" dir=\"ltr\">\n<div dir=\"ltr\" style=\"text-align: justify;\">Carolina Colnago<br \/>\nAssistente de Comunica\u00e7\u00e3o<br \/>\nFunda\u00e7\u00e3o Dracenense de Educa\u00e7\u00e3o e Cultura<\/div>\n<\/div>\n","protected":false},"excerpt":{"rendered":"<p>Cursos t\u00e9cnicos profissionalizantes se mostram em ascens\u00e3o por proporcionarem uma forma\u00e7\u00e3o r\u00e1pida para o ingresso no mercado de trabalho. Com os cursos t\u00e9cnicos em Est\u00e9tica, Enfermagem, Radiologia, Edifica\u00e7\u00f5es e Seguran\u00e7a do Trabalho, os alunos saem preparados para atuar com qualidade em suas \u00e1reas. Os interessados que efetivarem suas matr\u00edculas at\u00e9 10 de fevereiro garantem 15% [&hellip;]<\/p>\n","protected":false},"author":1,"featured_media":41431,"comment_status":"closed","ping_status":"open","sticky":false,"template":"","format":"standard","meta":{"footnotes":""},"categories":[122],"tags":[],"class_list":["post-41430","post","type-post","status-publish","format-standard","has-post-thumbnail","hentry","category-saudeeducacaoeconcurso"],"_links":{"self":[{"href":"https:\/\/jorgezanoni.com.br\/2019\/wp-json\/wp\/v2\/posts\/41430","targetHints":{"allow":["GET"]}}],"collection":[{"href":"https:\/\/jorgezanoni.com.br\/2019\/wp-json\/wp\/v2\/posts"}],"about":[{"href":"https:\/\/jorgezanoni.com.br\/2019\/wp-json\/wp\/v2\/types\/post"}],"author":[{"embeddable":true,"href":"https:\/\/jorgezanoni.com.br\/2019\/wp-json\/wp\/v2\/users\/1"}],"replies":[{"embeddable":true,"href":"https:\/\/jorgezanoni.com.br\/2019\/wp-json\/wp\/v2\/comments?post=41430"}],"version-history":[{"count":0,"href":"https:\/\/jorgezanoni.com.br\/2019\/wp-json\/wp\/v2\/posts\/41430\/revisions"}],"wp:featuredmedia":[{"embeddable":true,"href":"https:\/\/jorgezanoni.com.br\/2019\/wp-json\/wp\/v2\/media\/41431"}],"wp:attachment":[{"href":"https:\/\/jorgezanoni.com.br\/2019\/wp-json\/wp\/v2\/media?parent=41430"}],"wp:term":[{"taxonomy":"category","embeddable":true,"href":"https:\/\/jorgezanoni.com.br\/2019\/wp-json\/wp\/v2\/categories?post=41430"},{"taxonomy":"post_tag","embeddable":true,"href":"https:\/\/jorgezanoni.com.br\/2019\/wp-json\/wp\/v2\/tags?post=41430"}],"curies":[{"name":"wp","href":"https:\/\/api.w.org\/{rel}","templated":true}]}}