{"id":41398,"date":"2021-01-10T13:48:10","date_gmt":"2021-01-10T13:48:10","guid":{"rendered":"https:\/\/jorgezanoni.com.br\/2019\/?p=41398"},"modified":"2021-01-10T13:48:10","modified_gmt":"2021-01-10T13:48:10","slug":"mulher-fica-ferida-em-acidente-na-sp-294-no-trecho-iacri-a-tupa","status":"publish","type":"post","link":"https:\/\/jorgezanoni.com.br\/2019\/mulher-fica-ferida-em-acidente-na-sp-294-no-trecho-iacri-a-tupa\/","title":{"rendered":"Mulher fica ferida em Acidente na SP-294, no trecho Iacri a Tup\u00e3"},"content":{"rendered":"<p style=\"text-align: justify;\">Uma pessoa sofreu ferimentos, a princ\u00edpio, de natureza leve durante acidente ocorrido na Rodovia Comandante Jo\u00e3o Ribeiro de Barros (SP-294), no trecho entre Iacri e Tup\u00e3, altura do distrito de Universo, por volta das 18h35 desse s\u00e1bado, dia 9. Um caminh\u00e3o bitrem e um Golf foram envolvidos no acidente ocorrido na altura do quil\u00f4metro 540 mais 600 da SP-294.<\/p>\n<p>Segundo informa\u00e7\u00f5es obtidas com a Pol\u00edcia Rodovi\u00e1ria de Tup\u00e3, que atendeu o acidente com o cabo Robson e cabo Gabriel, o caminh\u00e3o bitrem, placas de um munic\u00edpio de Santa Catarina, transitava pela rodovia e, por motivos a serem apurados pela Per\u00edcia T\u00e9cnica, houve a colis\u00e3o contra o Golf, placas de Adamantina. Consta que o caminhoneiro teria tentando fazer uma manobra de retorno.<\/p>\n<p>Uma pessoa que estava no Gol ficou ferida e foi conduzida por uma ambul\u00e2ncia da concession\u00e1ria que administra a rodovia para o Pronto Socorro da Santa Casa de Tup\u00e3. O motorista do caminh\u00e3o bitrem n\u00e3o sofreu ferimentos.<\/p>\n<p><img loading=\"lazy\" decoding=\"async\" class=\"alignnone size-full wp-image-41399\" src=\"https:\/\/jorgezanoni.com.br\/2019\/wp-content\/uploads\/2021\/01\/lacri.jpg\" alt=\"\" width=\"800\" height=\"486\" srcset=\"https:\/\/jorgezanoni.com.br\/2019\/wp-content\/uploads\/2021\/01\/lacri.jpg 800w, https:\/\/jorgezanoni.com.br\/2019\/wp-content\/uploads\/2021\/01\/lacri-300x182.jpg 300w, https:\/\/jorgezanoni.com.br\/2019\/wp-content\/uploads\/2021\/01\/lacri-768x467.jpg 768w, https:\/\/jorgezanoni.com.br\/2019\/wp-content\/uploads\/2021\/01\/lacri-696x423.jpg 696w, https:\/\/jorgezanoni.com.br\/2019\/wp-content\/uploads\/2021\/01\/lacri-691x420.jpg 691w\" sizes=\"auto, (max-width: 800px) 100vw, 800px\" \/><\/p>\n<p style=\"text-align: justify;\">Fonte: Bastos J\u00e1<\/p>\n","protected":false},"excerpt":{"rendered":"<p>Uma pessoa sofreu ferimentos, a princ\u00edpio, de natureza leve durante acidente ocorrido na Rodovia Comandante Jo\u00e3o Ribeiro de Barros (SP-294), no trecho entre Iacri e Tup\u00e3, altura do distrito de Universo, por volta das 18h35 desse s\u00e1bado, dia 9. Um caminh\u00e3o bitrem e um Golf foram envolvidos no acidente ocorrido na altura do quil\u00f4metro 540 [&hellip;]<\/p>\n","protected":false},"author":1,"featured_media":41400,"comment_status":"closed","ping_status":"open","sticky":false,"template":"","format":"standard","meta":{"footnotes":""},"categories":[170,110],"tags":[],"class_list":["post-41398","post","type-post","status-publish","format-standard","has-post-thumbnail","hentry","category-acidentes","category-noticiasdestaque"],"_links":{"self":[{"href":"https:\/\/jorgezanoni.com.br\/2019\/wp-json\/wp\/v2\/posts\/41398","targetHints":{"allow":["GET"]}}],"collection":[{"href":"https:\/\/jorgezanoni.com.br\/2019\/wp-json\/wp\/v2\/posts"}],"about":[{"href":"https:\/\/jorgezanoni.com.br\/2019\/wp-json\/wp\/v2\/types\/post"}],"author":[{"embeddable":true,"href":"https:\/\/jorgezanoni.com.br\/2019\/wp-json\/wp\/v2\/users\/1"}],"replies":[{"embeddable":true,"href":"https:\/\/jorgezanoni.com.br\/2019\/wp-json\/wp\/v2\/comments?post=41398"}],"version-history":[{"count":0,"href":"https:\/\/jorgezanoni.com.br\/2019\/wp-json\/wp\/v2\/posts\/41398\/revisions"}],"wp:featuredmedia":[{"embeddable":true,"href":"https:\/\/jorgezanoni.com.br\/2019\/wp-json\/wp\/v2\/media\/41400"}],"wp:attachment":[{"href":"https:\/\/jorgezanoni.com.br\/2019\/wp-json\/wp\/v2\/media?parent=41398"}],"wp:term":[{"taxonomy":"category","embeddable":true,"href":"https:\/\/jorgezanoni.com.br\/2019\/wp-json\/wp\/v2\/categories?post=41398"},{"taxonomy":"post_tag","embeddable":true,"href":"https:\/\/jorgezanoni.com.br\/2019\/wp-json\/wp\/v2\/tags?post=41398"}],"curies":[{"name":"wp","href":"https:\/\/api.w.org\/{rel}","templated":true}]}}