{"id":41364,"date":"2021-01-09T20:31:03","date_gmt":"2021-01-09T20:31:03","guid":{"rendered":"https:\/\/jorgezanoni.com.br\/2019\/?p=41364"},"modified":"2021-01-09T20:31:03","modified_gmt":"2021-01-09T20:31:03","slug":"parece-filme-terror-mas-nao-e-suposta-noiva-fantasma-aparece-em-fotos-feitas-por-trabalhadores-em-tres-lagoas","status":"publish","type":"post","link":"https:\/\/jorgezanoni.com.br\/2019\/parece-filme-terror-mas-nao-e-suposta-noiva-fantasma-aparece-em-fotos-feitas-por-trabalhadores-em-tres-lagoas\/","title":{"rendered":"Parece filme terror, mas n\u00e3o \u00e9: suposta &#8220;noiva fantasma&#8221; aparece em fotos feitas por trabalhadores em Tr\u00eas Lagoas"},"content":{"rendered":"<p style=\"text-align: justify;\"><strong>Acredita em Fantamas? Segundo moradores \u00e9 trabalhadores da regi\u00e3o j\u00e1 existem relatos de uma &#8220;noiva fantasma&#8221; que vagava pela regi\u00e3o que j\u00e1 era apelidada como &#8220;noiva da mata&#8221;<\/strong><\/p>\n<div class=\"content_text_345002 boo-component-text\">\n<p style=\"text-align: justify;\">** Tr\u00eas Lagoas (MS)** &#8211; Contando at\u00e9 com uma mata j\u00e1 apelidada de &#8220;mata da noiva&#8221; pr\u00f3xima a regi\u00e3o, fantasma j\u00e1 conhecida faz reapari\u00e7\u00e3o em foto feita por trabalhadores do setor de celulose, na madrugada do dia (8) na fazenda Milenium reg\u00ed\u00e3o do rio Verde, pr\u00f3xima a Tr\u00eas Lagoas.<\/p>\n<div id=\"sc_intxt_container\" style=\"text-align: justify;\">\n<div>\n<div id=\"smartIntext\" class=\"fixed_intext_init\"><\/div>\n<div id=\"sc_ava_companion\" class=\"sc_intxt_hided\"><\/div>\n<\/div>\n<\/div>\n<\/div>\n<div class=\"img_center boo-component-image component_image_84143\" style=\"text-align: justify;\">\n<div class=\"image_box\">\n<div class=\"\"><\/div>\n<p><a class=\"ampliar_imagem\" title=\"Em tempos de pandemia, at\u00e9 \" href=\"https:\/\/www.radiocacula.com.br\/media\/images\/2223\/84143\/tmp\/wmX-540x911x4-5ff9cc8783c9716148bfa6b89f218e18df4a7d7d997e3.jpg\"><img loading=\"lazy\" decoding=\"async\" src=\"https:\/\/www.radiocacula.com.br\/media\/images\/2223\/84143\/\/5ff9cc8783c9716148bfa6b89f218e18df4a7d7d997e3.jpg\" alt=\"Em tempos de pandemia, at\u00e9 \" width=\"540\" height=\"911\" \/><\/a>Em tempos de pandemia, at\u00e9 &#8220;noiva fantasma, aparece usando m\u00e1scara\/\/ Imagem que est\u00e1 circulando nos grupos de whatshapp<\/div>\n<\/div>\n<div style=\"text-align: justify;\">\n<div class=\"boo-multibanner u-beforetext is-showed\" data-width=\"960px\" data-height=\"240px\" data-delay=\"2000\" data-show-at=\"0.6\" data-scroll-offset=\"0\" data-initial-pos=\"2682.96875\">\n<div class=\"boo-multibanner-inner\">\n<div id=\"beacon_888e020970\"><img loading=\"lazy\" decoding=\"async\" src=\"https:\/\/banner.radiocacula.com.br\/www\/delivery\/lg.php?bannerid=0&amp;campaignid=0&amp;zoneid=73&amp;loc=https%3A%2F%2Fwww.radiocacula.com.br%2Ffotos-antigas%2Fhistoricas%2Fparece-filme-terror-mas-nao-e-suposta-noiva-fantasma-aparece-em-fotos-feitas-por-trabalhadores-em-tres-&amp;referer=https%3A%2F%2Fwww.google.com.br%2F&amp;cb=888e020970\" alt=\"\" width=\"0\" height=\"0\" \/><\/div>\n<\/div>\n<\/div>\n<\/div>\n<div class=\"content_text_345003 boo-component-text\">\n<p style=\"text-align: justify;\">Estava tudo ocorrendo normalmente em mais uma madrugada de trabalho, quando trabalhadores resolveram fazer fotos do grupo no local, mas algo fora do comum resolveu aparecer nas imagens, ao notar algo estranho nas fotos ao chegar em casa o pr\u00f3prietario do celular levou um grande susto.<\/p>\n<p style=\"text-align: justify;\">Em duas fotos tiradas pelos trabalhadores \u00e9 possivel notar a presen\u00e7a de uma mulher de vestido branco e longo ao fundo da imagem. Na internet e na regi\u00e3o muita gente comentou j\u00e1 conhecer a fantasma, que faz parte de hist\u00f3rias j\u00e1 contadas por quem vive ou passou por ali.<\/p>\n<p style=\"text-align: justify;\">Se voc\u00ea conhece algu\u00e9m ou j\u00e1 teve alguma experi\u00eancia com essa famosa lenda conhecida como &#8220;noiva da mata&#8221;, entre em contato conosco atrav\u00e9s do facebook ou telefone da r\u00e1dio, queremos tamb\u00e9m idenficar o autor da foto.<\/p>\n<p style=\"text-align: justify;\">Vale lembrar que j\u00e1 houve relatos de outras apari\u00e7\u00f5es em v\u00e1rias regi\u00f5es do brasil e do mundo.<\/p>\n<p><img loading=\"lazy\" decoding=\"async\" class=\"alignnone size-full wp-image-41366\" src=\"https:\/\/jorgezanoni.com.br\/2019\/wp-content\/uploads\/2021\/01\/noiva1.png\" alt=\"\" width=\"450\" height=\"450\" srcset=\"https:\/\/jorgezanoni.com.br\/2019\/wp-content\/uploads\/2021\/01\/noiva1.png 450w, https:\/\/jorgezanoni.com.br\/2019\/wp-content\/uploads\/2021\/01\/noiva1-300x300.png 300w, https:\/\/jorgezanoni.com.br\/2019\/wp-content\/uploads\/2021\/01\/noiva1-150x150.png 150w, https:\/\/jorgezanoni.com.br\/2019\/wp-content\/uploads\/2021\/01\/noiva1-420x420.png 420w\" sizes=\"auto, (max-width: 450px) 100vw, 450px\" \/> <img loading=\"lazy\" decoding=\"async\" class=\"alignnone size-full wp-image-41367\" src=\"https:\/\/jorgezanoni.com.br\/2019\/wp-content\/uploads\/2021\/01\/noiva2.jpg\" alt=\"\" width=\"320\" height=\"214\" srcset=\"https:\/\/jorgezanoni.com.br\/2019\/wp-content\/uploads\/2021\/01\/noiva2.jpg 320w, https:\/\/jorgezanoni.com.br\/2019\/wp-content\/uploads\/2021\/01\/noiva2-300x201.jpg 300w\" sizes=\"auto, (max-width: 320px) 100vw, 320px\" \/><\/p>\n<p>Fonte: https:\/\/www.radiocacula.com.br\/<\/p>\n<\/div>\n","protected":false},"excerpt":{"rendered":"<p>Acredita em Fantamas? Segundo moradores \u00e9 trabalhadores da regi\u00e3o j\u00e1 existem relatos de uma &#8220;noiva fantasma&#8221; que vagava pela regi\u00e3o que j\u00e1 era apelidada como &#8220;noiva da mata&#8221; ** Tr\u00eas Lagoas (MS)** &#8211; Contando at\u00e9 com uma mata j\u00e1 apelidada de &#8220;mata da noiva&#8221; pr\u00f3xima a regi\u00e3o, fantasma j\u00e1 conhecida faz reapari\u00e7\u00e3o em foto feita [&hellip;]<\/p>\n","protected":false},"author":1,"featured_media":41365,"comment_status":"closed","ping_status":"open","sticky":false,"template":"","format":"standard","meta":{"footnotes":""},"categories":[114,110],"tags":[],"class_list":["post-41364","post","type-post","status-publish","format-standard","has-post-thumbnail","hentry","category-geralecomercio","category-noticiasdestaque"],"_links":{"self":[{"href":"https:\/\/jorgezanoni.com.br\/2019\/wp-json\/wp\/v2\/posts\/41364","targetHints":{"allow":["GET"]}}],"collection":[{"href":"https:\/\/jorgezanoni.com.br\/2019\/wp-json\/wp\/v2\/posts"}],"about":[{"href":"https:\/\/jorgezanoni.com.br\/2019\/wp-json\/wp\/v2\/types\/post"}],"author":[{"embeddable":true,"href":"https:\/\/jorgezanoni.com.br\/2019\/wp-json\/wp\/v2\/users\/1"}],"replies":[{"embeddable":true,"href":"https:\/\/jorgezanoni.com.br\/2019\/wp-json\/wp\/v2\/comments?post=41364"}],"version-history":[{"count":0,"href":"https:\/\/jorgezanoni.com.br\/2019\/wp-json\/wp\/v2\/posts\/41364\/revisions"}],"wp:featuredmedia":[{"embeddable":true,"href":"https:\/\/jorgezanoni.com.br\/2019\/wp-json\/wp\/v2\/media\/41365"}],"wp:attachment":[{"href":"https:\/\/jorgezanoni.com.br\/2019\/wp-json\/wp\/v2\/media?parent=41364"}],"wp:term":[{"taxonomy":"category","embeddable":true,"href":"https:\/\/jorgezanoni.com.br\/2019\/wp-json\/wp\/v2\/categories?post=41364"},{"taxonomy":"post_tag","embeddable":true,"href":"https:\/\/jorgezanoni.com.br\/2019\/wp-json\/wp\/v2\/tags?post=41364"}],"curies":[{"name":"wp","href":"https:\/\/api.w.org\/{rel}","templated":true}]}}