{"id":41328,"date":"2021-01-09T02:03:46","date_gmt":"2021-01-09T02:03:46","guid":{"rendered":"https:\/\/jorgezanoni.com.br\/2019\/?p=41328"},"modified":"2021-01-09T02:03:46","modified_gmt":"2021-01-09T02:03:46","slug":"corpo-de-morador-de-santa-mercedes-e-localizado-no-rio-parana-em-pauliceia","status":"publish","type":"post","link":"https:\/\/jorgezanoni.com.br\/2019\/corpo-de-morador-de-santa-mercedes-e-localizado-no-rio-parana-em-pauliceia\/","title":{"rendered":"Corpo de morador de Santa Mercedes \u00e9 localizado no Rio Paran\u00e1 em Paulic\u00e9ia"},"content":{"rendered":"<p style=\"text-align: justify;\">Foi encontrado no Rio Paran\u00e1 em Paulic\u00e9ia o corpo do morador de Santa Mercedes, Lucas Bonini Colis, de 25 anos, v\u00edtima de afogamento ocorrido na tarde de hoje.<\/p>\n<div id=\"post-body-7557082055973980081\" class=\"post-body entry-content\">\n<p style=\"text-align: justify;\">O Corpo e de Lucas Bonini foi localizado pelos mergulhadores do corpo de bombeiros de Dracena e estava numa regi\u00e3o do rio considerada rasa, no mesmo local\u00a0 \u00a0onde ocorreu o fato.<\/p>\n<p style=\"text-align: justify;\">A V\u00edtima pode ter sofrido um mal s\u00fabito (infarto).<\/p>\n<p style=\"text-align: justify;\">Lucas estava pescando com vara\u00a0 com parte do corpo dentro d&#8217;\u00e1gua na companhia de duas pessoas, tio e primo, na regi\u00e3o do Port\u00e3o de Ferro.<\/p>\n<p style=\"text-align: justify;\">Fonte: Panorama Not\u00edcias<\/p>\n<div><\/div>\n<\/div>\n<div class=\"post-footer\"><\/div>\n","protected":false},"excerpt":{"rendered":"<p>Foi encontrado no Rio Paran\u00e1 em Paulic\u00e9ia o corpo do morador de Santa Mercedes, Lucas Bonini Colis, de 25 anos, v\u00edtima de afogamento ocorrido na tarde de hoje. O Corpo e de Lucas Bonini foi localizado pelos mergulhadores do corpo de bombeiros de Dracena e estava numa regi\u00e3o do rio considerada rasa, no mesmo local\u00a0 [&hellip;]<\/p>\n","protected":false},"author":1,"featured_media":41329,"comment_status":"closed","ping_status":"open","sticky":false,"template":"","format":"standard","meta":{"footnotes":""},"categories":[110,2],"tags":[],"class_list":["post-41328","post","type-post","status-publish","format-standard","has-post-thumbnail","hentry","category-noticiasdestaque","category-policial"],"_links":{"self":[{"href":"https:\/\/jorgezanoni.com.br\/2019\/wp-json\/wp\/v2\/posts\/41328","targetHints":{"allow":["GET"]}}],"collection":[{"href":"https:\/\/jorgezanoni.com.br\/2019\/wp-json\/wp\/v2\/posts"}],"about":[{"href":"https:\/\/jorgezanoni.com.br\/2019\/wp-json\/wp\/v2\/types\/post"}],"author":[{"embeddable":true,"href":"https:\/\/jorgezanoni.com.br\/2019\/wp-json\/wp\/v2\/users\/1"}],"replies":[{"embeddable":true,"href":"https:\/\/jorgezanoni.com.br\/2019\/wp-json\/wp\/v2\/comments?post=41328"}],"version-history":[{"count":0,"href":"https:\/\/jorgezanoni.com.br\/2019\/wp-json\/wp\/v2\/posts\/41328\/revisions"}],"wp:featuredmedia":[{"embeddable":true,"href":"https:\/\/jorgezanoni.com.br\/2019\/wp-json\/wp\/v2\/media\/41329"}],"wp:attachment":[{"href":"https:\/\/jorgezanoni.com.br\/2019\/wp-json\/wp\/v2\/media?parent=41328"}],"wp:term":[{"taxonomy":"category","embeddable":true,"href":"https:\/\/jorgezanoni.com.br\/2019\/wp-json\/wp\/v2\/categories?post=41328"},{"taxonomy":"post_tag","embeddable":true,"href":"https:\/\/jorgezanoni.com.br\/2019\/wp-json\/wp\/v2\/tags?post=41328"}],"curies":[{"name":"wp","href":"https:\/\/api.w.org\/{rel}","templated":true}]}}