{"id":41313,"date":"2021-01-08T23:09:18","date_gmt":"2021-01-08T23:09:18","guid":{"rendered":"https:\/\/jorgezanoni.com.br\/2019\/?p=41313"},"modified":"2021-01-08T23:09:18","modified_gmt":"2021-01-08T23:09:18","slug":"psicologia-unifadra-e-destaque-em-congressos-cientificos-nos-ultimos-anos","status":"publish","type":"post","link":"https:\/\/jorgezanoni.com.br\/2019\/psicologia-unifadra-e-destaque-em-congressos-cientificos-nos-ultimos-anos\/","title":{"rendered":"Psicologia Unifadra \u00e9 destaque em congressos cient\u00edficos nos \u00faltimos anos"},"content":{"rendered":"<p dir=\"ltr\" style=\"text-align: justify;\">O curso de Psicologia da Unifadra vem se destacando em congressos cient\u00edficos com seus trabalhos de conclus\u00e3o de curso.<\/p>\n<p dir=\"ltr\" style=\"text-align: justify;\">No ano de 2020, com o trabalho &#8220;A qualidade de vida dos cuidadores informais dos portadores de doen\u00e7a de Parkinson&#8221;, das acad\u00eamicas de Psicologia Elizabete Pimentel e Milene Aparecida Rubira Castilho, sob orienta\u00e7\u00e3o da Profa. Ma. Andr\u00e9a Frizo de Carvalho Barbosa, ficou em segundo lugar na \u00e1rea das Ci\u00eancias Humanas e Sociais (trabalho em andamento) no Congresso Nacional de Inicia\u00e7\u00e3o Cient\u00edfica \u2013 CONIC-SEMESP 20\u00aa edi\u00e7\u00e3o. Andrea Frizo Barbosa, que tamb\u00e9m \u00e9 coordenadora do curso de Psicologia da Unifadra, destacou que esse congresso teve mais de 1.300 trabalhos cient\u00edficos selecionados, de todo o Brasil.<\/p>\n<p dir=\"ltr\" style=\"text-align: justify;\">Tamb\u00e9m, nesse mesmo ano, foi destaque no XIV Congresso de Inicia\u00e7\u00e3o Cient\u00edfica do Centro Universit\u00e1rio de Adamantina &#8211; CICFAI, recebendo uma men\u00e7\u00e3o honrosa pelo trabalho &#8220;A Terapia Cognitiva Comportamental e as contribui\u00e7\u00f5es a alunos com diagn\u00f3stico de TDAH&#8221;, das discentes Eloiza Oliveira e Mariana Ortiz, sob orienta\u00e7\u00e3o da Profa. Ma. Cl\u00e1udia Regina Parra.<\/p>\n<p dir=\"ltr\" style=\"text-align: justify;\">Nos \u00faltimos anos, o curso de Psicologia da Unifadra participou de v\u00e1rios eventos cient\u00edficos regionais, nacionais e internacionais, sempre se destacando pela qualidade dos trabalhos apresentados. Dentre eles, recebeu destaque e men\u00e7\u00e3o honrosa em 2015 no CICFAI o trabalho &#8220;Resili\u00eancia e comunica\u00e7\u00e3o de um aluno surdo&#8221;, do egresso Eduardo Antoniassi Oliveira; em 2017, recebeu o primeiro lugar o trabalho\u00a0 &#8220;A Doen\u00e7a de Alzheimer e a viv\u00eancia familiar&#8221;, das egressas Nat\u00e1lia Pasqualeto e B\u00e1rbara Ribeiro e, em 2018, ficou em 10\u00ba lugar o trabalho &#8220;O Psic\u00f3logo como agente da (des)constru\u00e7\u00e3o da patologiza\u00e7\u00e3o transexual&#8221;, da egressa Janaina da Concei\u00e7\u00e3o Pereira, no CONIC-SEMESP. Al\u00e9m disso, em 2019, representou a Faculdades de Dracena no 27\u00ba\u00a0 Simp\u00f3sio Internacional de Inicia\u00e7\u00e3o Cient\u00edfica e Tecnol\u00f3gica da USP (SIICUSP) o trabalho &#8220;Espiritualidade: uma reflex\u00e3o a partir das lentes de cuidadores familiares de portadores da doen\u00e7a de Parkinson&#8221;, do egresso Silvio Matheus Hirata e da acad\u00eamica Milene Aparecida Rubira Castilho.<\/p>\n<p dir=\"ltr\" style=\"text-align: justify;\">Essas s\u00e3o algumas das conquistas do curso de Psicologia em eventos cient\u00edficos nos \u00faltimos anos, o que, segundo a coordenadora Profa. Ma. Andr\u00e9a Frizo, &#8220;\u00e9 motivo de muito orgulho a participa\u00e7\u00e3o e desempenho de nossos acad\u00eamicos nestes eventos. Estamos despertando neles o interesse e o prazer em construir conhecimentos que contribuem para o desenvolvimento de uma sociedade melhor e mais humanizada. Isso s\u00f3 \u00e9 poss\u00edvel quando trabalhamos buscando uma forma\u00e7\u00e3o cr\u00edtica, \u00e9tica e de qualidade, quando abordamos diversas quest\u00f5es vivenciadas no mundo social, promovendo n\u00e3o apenas reflex\u00f5es ou discuss\u00f5es sobre elas, mas o desenvolvimento de novos conhecimentos por meio da constru\u00e7\u00e3o e execu\u00e7\u00e3o dos trabalhos de conclus\u00e3o de curso&#8221;.<\/p>\n<p dir=\"ltr\" style=\"text-align: justify;\">O departamento de pesquisa da Unifadra vem, nos \u00faltimos anos, estimulando o desenvolvimento de estudos por meio dos projetos e programas oferecidos pela institui\u00e7\u00e3o, assim como acompanhando os trabalhos de conclus\u00e3o de curso. Segundo a coordenadora do departamento, Profa. Dra. Priscilla Tartari, &#8220;o ato de pesquisar, seja por meio de um trabalho de conclus\u00e3o de curso ou at\u00e9 mesmo uma inicia\u00e7\u00e3o cient\u00edfica, possibilita a forma\u00e7\u00e3o de um ser cr\u00edtico. Este aluno constr\u00f3i sua hip\u00f3tese, argumenta e soluciona seus questionamentos. Desta forma, ele aprende e aprimora seu conhecimento&#8221;.<\/p>\n<p dir=\"ltr\" style=\"text-align: justify;\">O diretor acad\u00eamico da Unifadra Prof. Dr. Enio Garbelini ressalta a import\u00e2ncia da participa\u00e7\u00e3o dos acad\u00eamicos nesses eventos, fazendo com que despertem o interesse pela pesquisa, contribuindo para um mundo melhor. Destaca ainda a qualidade dos trabalhos desenvolvidos, conforme relatado anteriormente. &#8220;O curso de Psicologia est\u00e1 entre os melhores do estado de S\u00e3o Paulo. Parab\u00e9ns aos alunos e \u00e0 equipe de docentes!&#8221;, finalizou.<span id=\"gmail-docs-internal-guid-081e4fbd-7fff-b632-bb62-ec6fcf902c96\"><\/span><\/p>\n<div class=\"gmail_signature\" dir=\"ltr\">\n<div dir=\"ltr\" style=\"text-align: justify;\">Carolina Colnago<br \/>\nAssistente de Comunica\u00e7\u00e3o<br \/>\nFunda\u00e7\u00e3o Dracenense de Educa\u00e7\u00e3o e Cultura<\/div>\n<\/div>\n","protected":false},"excerpt":{"rendered":"<p>O curso de Psicologia da Unifadra vem se destacando em congressos cient\u00edficos com seus trabalhos de conclus\u00e3o de curso. No ano de 2020, com o trabalho &#8220;A qualidade de vida dos cuidadores informais dos portadores de doen\u00e7a de Parkinson&#8221;, das acad\u00eamicas de Psicologia Elizabete Pimentel e Milene Aparecida Rubira Castilho, sob orienta\u00e7\u00e3o da Profa. Ma. [&hellip;]<\/p>\n","protected":false},"author":1,"featured_media":41314,"comment_status":"closed","ping_status":"open","sticky":false,"template":"","format":"standard","meta":{"footnotes":""},"categories":[122],"tags":[],"class_list":["post-41313","post","type-post","status-publish","format-standard","has-post-thumbnail","hentry","category-saudeeducacaoeconcurso"],"_links":{"self":[{"href":"https:\/\/jorgezanoni.com.br\/2019\/wp-json\/wp\/v2\/posts\/41313","targetHints":{"allow":["GET"]}}],"collection":[{"href":"https:\/\/jorgezanoni.com.br\/2019\/wp-json\/wp\/v2\/posts"}],"about":[{"href":"https:\/\/jorgezanoni.com.br\/2019\/wp-json\/wp\/v2\/types\/post"}],"author":[{"embeddable":true,"href":"https:\/\/jorgezanoni.com.br\/2019\/wp-json\/wp\/v2\/users\/1"}],"replies":[{"embeddable":true,"href":"https:\/\/jorgezanoni.com.br\/2019\/wp-json\/wp\/v2\/comments?post=41313"}],"version-history":[{"count":0,"href":"https:\/\/jorgezanoni.com.br\/2019\/wp-json\/wp\/v2\/posts\/41313\/revisions"}],"wp:featuredmedia":[{"embeddable":true,"href":"https:\/\/jorgezanoni.com.br\/2019\/wp-json\/wp\/v2\/media\/41314"}],"wp:attachment":[{"href":"https:\/\/jorgezanoni.com.br\/2019\/wp-json\/wp\/v2\/media?parent=41313"}],"wp:term":[{"taxonomy":"category","embeddable":true,"href":"https:\/\/jorgezanoni.com.br\/2019\/wp-json\/wp\/v2\/categories?post=41313"},{"taxonomy":"post_tag","embeddable":true,"href":"https:\/\/jorgezanoni.com.br\/2019\/wp-json\/wp\/v2\/tags?post=41313"}],"curies":[{"name":"wp","href":"https:\/\/api.w.org\/{rel}","templated":true}]}}