{"id":41309,"date":"2021-01-08T22:52:46","date_gmt":"2021-01-08T22:52:46","guid":{"rendered":"https:\/\/jorgezanoni.com.br\/2019\/?p=41309"},"modified":"2021-01-08T22:52:46","modified_gmt":"2021-01-08T22:52:46","slug":"unifadra-dracena-realiza-solenidade-de-formatura","status":"publish","type":"post","link":"https:\/\/jorgezanoni.com.br\/2019\/unifadra-dracena-realiza-solenidade-de-formatura\/","title":{"rendered":"Unifadra Dracena realiza solenidade de formatura"},"content":{"rendered":"<p dir=\"ltr\" style=\"text-align: justify;\">Os alunos dos cursos de An\u00e1lise e Desenvolvimento de Sistemas, Educa\u00e7\u00e3o F\u00edsica e Pedagogia da Unifadra\/Fundec de Dracena participaram da solenidade de cola\u00e7\u00e3o de grau, que reuniu apenas os formandos, dire\u00e7\u00e3o e parte dos docentes, seguindo os protocolos sanit\u00e1rios, em raz\u00e3o da pandemia. A cerim\u00f4nia foi realizada no Gin\u00e1sio Galen\u00e3o da Fundec, na noite do dia 16 de dezembro.<\/p>\n<p dir=\"ltr\" style=\"text-align: justify;\">A mesa de honra foi composta pelo secret\u00e1rio do Conselho de Curadores da Fundec Valter de Almeida Franhan; pelo diretor executivo da Fundec Edson Hissatomi Kai; pelo diretor acad\u00eamico da Unifadra e presidente da cerim\u00f4nia Prof. Dr. Enio Garbelini; pelos docentes Prof. Esp. Jos\u00e9 Marcos Tanganini (patrono dos formandos de 2020); Profa. Dra. Vanessa Ribeiro Andreto (paraninfa dos formandos de Pedagogia); Profa. Dra. Denise Rodrigues Bueno (paraninfa dos formandos de Educa\u00e7\u00e3o F\u00edsica); e Prof. Esp. Alexandre Queiroz (paraninfos dos formandos de An\u00e1lise de Sistemas).<\/p>\n<p dir=\"ltr\" style=\"text-align: justify;\">Foram homenageados com a L\u00e1urea Acad\u00eamica, como melhores alunos das turmas concluintes, os alunos Ana Paula F\u00e9lix Martins (Pedagogia), Marcos Paulo Batista Rocha (Educa\u00e7\u00e3o F\u00edsica) e Tatiana Narumi Matsumoto (An\u00e1lise e Desenvolvimento de Sistemas).<\/p>\n<p dir=\"ltr\" style=\"text-align: justify;\">O diretor executivo da Fundec Edson Hissatomi Kai destacou, durante a cerim\u00f4nia, que foi um ano extremamente dif\u00edcil em raz\u00e3o da pandemia, mas que a equipe da Unifadra ofereceu aos alunos o que h\u00e1 de melhor para que n\u00e3o houvesse nenhuma defasagem do ensino-aprendizagem. &#8220;Fizemos muitos investimentos em novas ferramentas tecnol\u00f3gicas, capacita\u00e7\u00f5es para os docentes e tudo o que foi poss\u00edvel para que os alunos tivessem o m\u00ednimo de perda. O futuro \u00e9 uma educa\u00e7\u00e3o nova, com novas tecnologias e metodologias, assim como j\u00e1 estamos implementando na institui\u00e7\u00e3o ao longo dos anos&#8221;, completou Edson Kai.<\/p>\n<p dir=\"ltr\" style=\"text-align: justify;\">A diretor acad\u00eamico da Unifadra Prof. Dr. Enio Garbelini comentou que em mar\u00e7o, com um susto, o mundo teve que se reinventar e com a Unifadra n\u00e3o foi diferente. &#8220;Os desafios foram enfrentados com empenho por toda a equipe da Fundec e pelos alunos, para que pud\u00e9ssemos continuar oferecendo uma forma\u00e7\u00e3o de qualidade&#8221;, acrescentou o diretor.<br \/>\nEnio Garbelini ainda parabenizou os formandos. &#8220;Acreditem muito na capacidade de cada um de voc\u00eas! A forma\u00e7\u00e3o n\u00e3o p\u00e1ra por aqui, continuem estudando e se preparando para a vida profissional cada vez mais&#8221;, finalizou.<\/p>\n<p dir=\"ltr\"><img loading=\"lazy\" decoding=\"async\" class=\"alignnone size-full wp-image-41311\" src=\"https:\/\/jorgezanoni.com.br\/2019\/wp-content\/uploads\/2021\/01\/forma1.jpg\" alt=\"\" width=\"1280\" height=\"960\" srcset=\"https:\/\/jorgezanoni.com.br\/2019\/wp-content\/uploads\/2021\/01\/forma1.jpg 1280w, https:\/\/jorgezanoni.com.br\/2019\/wp-content\/uploads\/2021\/01\/forma1-300x225.jpg 300w, https:\/\/jorgezanoni.com.br\/2019\/wp-content\/uploads\/2021\/01\/forma1-1024x768.jpg 1024w, https:\/\/jorgezanoni.com.br\/2019\/wp-content\/uploads\/2021\/01\/forma1-768x576.jpg 768w, https:\/\/jorgezanoni.com.br\/2019\/wp-content\/uploads\/2021\/01\/forma1-80x60.jpg 80w, https:\/\/jorgezanoni.com.br\/2019\/wp-content\/uploads\/2021\/01\/forma1-265x198.jpg 265w, https:\/\/jorgezanoni.com.br\/2019\/wp-content\/uploads\/2021\/01\/forma1-696x522.jpg 696w, https:\/\/jorgezanoni.com.br\/2019\/wp-content\/uploads\/2021\/01\/forma1-1068x801.jpg 1068w, https:\/\/jorgezanoni.com.br\/2019\/wp-content\/uploads\/2021\/01\/forma1-560x420.jpg 560w\" sizes=\"auto, (max-width: 1280px) 100vw, 1280px\" \/><\/p>\n<div class=\"gmail_signature\" dir=\"ltr\">\n<div dir=\"ltr\" style=\"text-align: justify;\">Carolina Colnago<br \/>\nAssistente de Comunica\u00e7\u00e3o<br \/>\nFunda\u00e7\u00e3o Dracenense de Educa\u00e7\u00e3o e Cultura<\/div>\n<\/div>\n","protected":false},"excerpt":{"rendered":"<p>Os alunos dos cursos de An\u00e1lise e Desenvolvimento de Sistemas, Educa\u00e7\u00e3o F\u00edsica e Pedagogia da Unifadra\/Fundec de Dracena participaram da solenidade de cola\u00e7\u00e3o de grau, que reuniu apenas os formandos, dire\u00e7\u00e3o e parte dos docentes, seguindo os protocolos sanit\u00e1rios, em raz\u00e3o da pandemia. A cerim\u00f4nia foi realizada no Gin\u00e1sio Galen\u00e3o da Fundec, na noite do [&hellip;]<\/p>\n","protected":false},"author":1,"featured_media":41310,"comment_status":"closed","ping_status":"open","sticky":false,"template":"","format":"standard","meta":{"footnotes":""},"categories":[122],"tags":[],"class_list":["post-41309","post","type-post","status-publish","format-standard","has-post-thumbnail","hentry","category-saudeeducacaoeconcurso"],"_links":{"self":[{"href":"https:\/\/jorgezanoni.com.br\/2019\/wp-json\/wp\/v2\/posts\/41309","targetHints":{"allow":["GET"]}}],"collection":[{"href":"https:\/\/jorgezanoni.com.br\/2019\/wp-json\/wp\/v2\/posts"}],"about":[{"href":"https:\/\/jorgezanoni.com.br\/2019\/wp-json\/wp\/v2\/types\/post"}],"author":[{"embeddable":true,"href":"https:\/\/jorgezanoni.com.br\/2019\/wp-json\/wp\/v2\/users\/1"}],"replies":[{"embeddable":true,"href":"https:\/\/jorgezanoni.com.br\/2019\/wp-json\/wp\/v2\/comments?post=41309"}],"version-history":[{"count":0,"href":"https:\/\/jorgezanoni.com.br\/2019\/wp-json\/wp\/v2\/posts\/41309\/revisions"}],"wp:featuredmedia":[{"embeddable":true,"href":"https:\/\/jorgezanoni.com.br\/2019\/wp-json\/wp\/v2\/media\/41310"}],"wp:attachment":[{"href":"https:\/\/jorgezanoni.com.br\/2019\/wp-json\/wp\/v2\/media?parent=41309"}],"wp:term":[{"taxonomy":"category","embeddable":true,"href":"https:\/\/jorgezanoni.com.br\/2019\/wp-json\/wp\/v2\/categories?post=41309"},{"taxonomy":"post_tag","embeddable":true,"href":"https:\/\/jorgezanoni.com.br\/2019\/wp-json\/wp\/v2\/tags?post=41309"}],"curies":[{"name":"wp","href":"https:\/\/api.w.org\/{rel}","templated":true}]}}