{"id":41300,"date":"2021-01-08T17:52:22","date_gmt":"2021-01-08T17:52:22","guid":{"rendered":"https:\/\/jorgezanoni.com.br\/2019\/?p=41300"},"modified":"2021-01-08T17:52:22","modified_gmt":"2021-01-08T17:52:22","slug":"empresarios-comerciantes-e-funcionarios-de-dracena-farao-manifestacao-na-segunda-feira-pedindo-mudanca-de-fase","status":"publish","type":"post","link":"https:\/\/jorgezanoni.com.br\/2019\/empresarios-comerciantes-e-funcionarios-de-dracena-farao-manifestacao-na-segunda-feira-pedindo-mudanca-de-fase\/","title":{"rendered":"Empres\u00e1rios, comerciantes e funcion\u00e1rios de Dracena far\u00e3o manifesta\u00e7\u00e3o na segunda-feira pedindo mudan\u00e7a de fase"},"content":{"rendered":"<p style=\"text-align: justify;\">Boa tarde associado<\/p>\n<p style=\"text-align: justify;\">Na reuni\u00e3o de hoje (8), ficou decidido pelo grupo com\u00e9rcio aberto fazer um manifesta\u00e7\u00e3o na segunda-feira dia 11\/01\/2021 \u00e0s 08:00 na pra\u00e7a Arthur Pagnozzi, com empres\u00e1rios e seus funcion\u00e1rios com trajes Preto e com cartazes e faixas.<br \/>\nDe l\u00e1 sairemos pacificamente a p\u00e9 at\u00e9 a sede da promotoria para protocolar um of\u00edcio solicitando que a promotoria exer\u00e7a seu papel em defesa a sa\u00fade conforme a constitui\u00e7\u00e3o, e exija do governador Jo\u00e3o Doria o aumento de leitos e estrutura hospitalar da nossa regi\u00e3o para que assim possamos sair desta fase laranja.<br \/>\nTodos est\u00e3o convidados a participar dessa a\u00e7\u00e3o.<br \/>\nAs empresas que tiver interesse em participar do grupo com\u00e9rcio aberto pelo Whats e s\u00f3 nos autorizar a passar o seu contato para o grupo.<br \/>\nObrigada<\/p>\n","protected":false},"excerpt":{"rendered":"<p>Boa tarde associado Na reuni\u00e3o de hoje (8), ficou decidido pelo grupo com\u00e9rcio aberto fazer um manifesta\u00e7\u00e3o na segunda-feira dia 11\/01\/2021 \u00e0s 08:00 na pra\u00e7a Arthur Pagnozzi, com empres\u00e1rios e seus funcion\u00e1rios com trajes Preto e com cartazes e faixas. De l\u00e1 sairemos pacificamente a p\u00e9 at\u00e9 a sede da promotoria para protocolar um of\u00edcio [&hellip;]<\/p>\n","protected":false},"author":1,"featured_media":41301,"comment_status":"closed","ping_status":"open","sticky":false,"template":"","format":"standard","meta":{"footnotes":""},"categories":[114,110],"tags":[],"class_list":["post-41300","post","type-post","status-publish","format-standard","has-post-thumbnail","hentry","category-geralecomercio","category-noticiasdestaque"],"_links":{"self":[{"href":"https:\/\/jorgezanoni.com.br\/2019\/wp-json\/wp\/v2\/posts\/41300","targetHints":{"allow":["GET"]}}],"collection":[{"href":"https:\/\/jorgezanoni.com.br\/2019\/wp-json\/wp\/v2\/posts"}],"about":[{"href":"https:\/\/jorgezanoni.com.br\/2019\/wp-json\/wp\/v2\/types\/post"}],"author":[{"embeddable":true,"href":"https:\/\/jorgezanoni.com.br\/2019\/wp-json\/wp\/v2\/users\/1"}],"replies":[{"embeddable":true,"href":"https:\/\/jorgezanoni.com.br\/2019\/wp-json\/wp\/v2\/comments?post=41300"}],"version-history":[{"count":0,"href":"https:\/\/jorgezanoni.com.br\/2019\/wp-json\/wp\/v2\/posts\/41300\/revisions"}],"wp:featuredmedia":[{"embeddable":true,"href":"https:\/\/jorgezanoni.com.br\/2019\/wp-json\/wp\/v2\/media\/41301"}],"wp:attachment":[{"href":"https:\/\/jorgezanoni.com.br\/2019\/wp-json\/wp\/v2\/media?parent=41300"}],"wp:term":[{"taxonomy":"category","embeddable":true,"href":"https:\/\/jorgezanoni.com.br\/2019\/wp-json\/wp\/v2\/categories?post=41300"},{"taxonomy":"post_tag","embeddable":true,"href":"https:\/\/jorgezanoni.com.br\/2019\/wp-json\/wp\/v2\/tags?post=41300"}],"curies":[{"name":"wp","href":"https:\/\/api.w.org\/{rel}","templated":true}]}}