{"id":41295,"date":"2021-01-08T17:29:21","date_gmt":"2021-01-08T17:29:21","guid":{"rendered":"https:\/\/jorgezanoni.com.br\/2019\/?p=41295"},"modified":"2021-01-08T17:29:21","modified_gmt":"2021-01-08T17:29:21","slug":"jovem-junqueiropolense-vai-ser-promotor-de-justica-em-presidente-venceslau","status":"publish","type":"post","link":"https:\/\/jorgezanoni.com.br\/2019\/jovem-junqueiropolense-vai-ser-promotor-de-justica-em-presidente-venceslau\/","title":{"rendered":"Jovem junqueir\u00f3polense vai ser Promotor de Justi\u00e7a em Presidente Venceslau"},"content":{"rendered":"<p style=\"text-align: justify;\">O jovem morador de Junqueir\u00f3polis, Andr\u00e9 Freitas Luengo de 30 anos, nascido naquela cidade, tomou posse como Promotor de Justi\u00e7a de S\u00e3o Paulo. A sess\u00e3o n\u00e3o foi aberta por conta da Pandemia.<\/p>\n<p style=\"text-align: justify;\">Durante o m\u00eas de janeiro ele permanecer\u00e1 na capital paulista para aprimoramentos na Escola Superior do Minist\u00e9rio P\u00fablico.<\/p>\n<p style=\"text-align: justify;\">Ap\u00f3s, o magistrado assumir\u00e1\u00a0 vaga na circunscri\u00e7\u00e3o de Presidente Venceslau, cidade que escolheu para trabalhar.<\/p>\n<p style=\"text-align: justify;\">O jovem Promotor \u00e9 filho do Dr. Andr\u00e9 Lu\u00eds Luengo, Delegado de Pol\u00edcia e Lucilene, e irm\u00e3o do Guilherme.<\/p>\n<p style=\"text-align: justify;\">Os familiares e amigos parabenizam o Dr. Andr\u00e9 Freitas Luengo, e est\u00e3o orgulhosos pelo feito conseguido.<\/p>\n<p style=\"text-align: justify;\">O <strong>Site Jorge Zanoni<\/strong> tamb\u00e9m deixa registrado os parab\u00e9ns pela brilhante conquista.<\/p>\n<p><img loading=\"lazy\" decoding=\"async\" class=\"alignnone size-full wp-image-41297\" src=\"https:\/\/jorgezanoni.com.br\/2019\/wp-content\/uploads\/2021\/01\/Luengo1.jpg\" alt=\"\" width=\"720\" height=\"1280\" srcset=\"https:\/\/jorgezanoni.com.br\/2019\/wp-content\/uploads\/2021\/01\/Luengo1.jpg 720w, https:\/\/jorgezanoni.com.br\/2019\/wp-content\/uploads\/2021\/01\/Luengo1-169x300.jpg 169w, https:\/\/jorgezanoni.com.br\/2019\/wp-content\/uploads\/2021\/01\/Luengo1-576x1024.jpg 576w, https:\/\/jorgezanoni.com.br\/2019\/wp-content\/uploads\/2021\/01\/Luengo1-696x1237.jpg 696w, https:\/\/jorgezanoni.com.br\/2019\/wp-content\/uploads\/2021\/01\/Luengo1-236x420.jpg 236w\" sizes=\"auto, (max-width: 720px) 100vw, 720px\" \/> <img loading=\"lazy\" decoding=\"async\" class=\"alignnone size-full wp-image-41298\" src=\"https:\/\/jorgezanoni.com.br\/2019\/wp-content\/uploads\/2021\/01\/Luengo2.jpg\" alt=\"\" width=\"720\" height=\"1280\" srcset=\"https:\/\/jorgezanoni.com.br\/2019\/wp-content\/uploads\/2021\/01\/Luengo2.jpg 720w, https:\/\/jorgezanoni.com.br\/2019\/wp-content\/uploads\/2021\/01\/Luengo2-169x300.jpg 169w, https:\/\/jorgezanoni.com.br\/2019\/wp-content\/uploads\/2021\/01\/Luengo2-576x1024.jpg 576w, https:\/\/jorgezanoni.com.br\/2019\/wp-content\/uploads\/2021\/01\/Luengo2-696x1237.jpg 696w, https:\/\/jorgezanoni.com.br\/2019\/wp-content\/uploads\/2021\/01\/Luengo2-236x420.jpg 236w\" sizes=\"auto, (max-width: 720px) 100vw, 720px\" \/><\/p>\n<p style=\"text-align: justify;\">Jorge Zanoni<\/p>\n<p>Fotos cedidas<\/p>\n<p>&nbsp;<\/p>\n<p>&nbsp;<\/p>\n<p>&nbsp;<\/p>\n","protected":false},"excerpt":{"rendered":"<p>O jovem morador de Junqueir\u00f3polis, Andr\u00e9 Freitas Luengo de 30 anos, nascido naquela cidade, tomou posse como Promotor de Justi\u00e7a de S\u00e3o Paulo. A sess\u00e3o n\u00e3o foi aberta por conta da Pandemia. Durante o m\u00eas de janeiro ele permanecer\u00e1 na capital paulista para aprimoramentos na Escola Superior do Minist\u00e9rio P\u00fablico. Ap\u00f3s, o magistrado assumir\u00e1\u00a0 vaga [&hellip;]<\/p>\n","protected":false},"author":1,"featured_media":41296,"comment_status":"closed","ping_status":"open","sticky":false,"template":"","format":"standard","meta":{"footnotes":""},"categories":[120,110],"tags":[],"class_list":["post-41295","post","type-post","status-publish","format-standard","has-post-thumbnail","hentry","category-justicahabitacaotecnologia","category-noticiasdestaque"],"_links":{"self":[{"href":"https:\/\/jorgezanoni.com.br\/2019\/wp-json\/wp\/v2\/posts\/41295","targetHints":{"allow":["GET"]}}],"collection":[{"href":"https:\/\/jorgezanoni.com.br\/2019\/wp-json\/wp\/v2\/posts"}],"about":[{"href":"https:\/\/jorgezanoni.com.br\/2019\/wp-json\/wp\/v2\/types\/post"}],"author":[{"embeddable":true,"href":"https:\/\/jorgezanoni.com.br\/2019\/wp-json\/wp\/v2\/users\/1"}],"replies":[{"embeddable":true,"href":"https:\/\/jorgezanoni.com.br\/2019\/wp-json\/wp\/v2\/comments?post=41295"}],"version-history":[{"count":0,"href":"https:\/\/jorgezanoni.com.br\/2019\/wp-json\/wp\/v2\/posts\/41295\/revisions"}],"wp:featuredmedia":[{"embeddable":true,"href":"https:\/\/jorgezanoni.com.br\/2019\/wp-json\/wp\/v2\/media\/41296"}],"wp:attachment":[{"href":"https:\/\/jorgezanoni.com.br\/2019\/wp-json\/wp\/v2\/media?parent=41295"}],"wp:term":[{"taxonomy":"category","embeddable":true,"href":"https:\/\/jorgezanoni.com.br\/2019\/wp-json\/wp\/v2\/categories?post=41295"},{"taxonomy":"post_tag","embeddable":true,"href":"https:\/\/jorgezanoni.com.br\/2019\/wp-json\/wp\/v2\/tags?post=41295"}],"curies":[{"name":"wp","href":"https:\/\/api.w.org\/{rel}","templated":true}]}}