{"id":41291,"date":"2021-01-08T16:46:27","date_gmt":"2021-01-08T16:46:27","guid":{"rendered":"https:\/\/jorgezanoni.com.br\/2019\/?p=41291"},"modified":"2021-01-08T16:46:27","modified_gmt":"2021-01-08T16:46:27","slug":"policia-civil-estoura-biqueira-e-prende-homem-suspeito-por-trafico-de-drogas-em-dracena","status":"publish","type":"post","link":"https:\/\/jorgezanoni.com.br\/2019\/policia-civil-estoura-biqueira-e-prende-homem-suspeito-por-trafico-de-drogas-em-dracena\/","title":{"rendered":"Pol\u00edcia Civil estoura &#8220;Biqueira&#8221; e prende homem suspeito por Tr\u00e1fico de Drogas em Dracena"},"content":{"rendered":"<p style=\"text-align: justify;\"><strong>POL\u00cdCIA CIVIL ESTOURA &#8220;BIQUEIRA&#8221; DE DROGAS E PRENDE HOMEM SUSPEITO POR TRAFICO DE DROGAS EM DRACENA.<\/strong><\/p>\n<p style=\"text-align: justify;\">Tabletes e por\u00e7\u00f5es de maconha, al\u00e9m de crack, coca\u00edna, dinheiro e balan\u00e7a de precis\u00e3o foram apreendidos na resid\u00eancia. V\u00e1rios objetos que supostamente teriam sido trocados por usu\u00e1rios tamb\u00e9m foram encontrados no local.<\/p>\n<p style=\"text-align: justify;\">A Pol\u00edcia Civil, por interm\u00e9dio das Unidades Especializadas (Delegacia de Investiga\u00e7\u00f5es Gerais &#8211; DIG e Delegacia de Investiga\u00e7\u00e3o Sobre Entorpecentes &#8211; DISE), nesta quinta-feira (7), localizou um ponto de com\u00e9rcio de tr\u00e1fico de drogas, popularmente conhecido como \u201cbiqueira\u201d, e apreendeu drogas, dinheiro que totalizaram cerca de 1,9 mil reais e ainda v\u00e1rios objetos que supostamente teriam sido trocados por usu\u00e1rios de entorpecentes, numa resid\u00eancia do bairro Santa Clara, em Dracena. Um homem, de 19 anos, foi em preso em flagrante, no local, pelos crimes de tr\u00e1fico de drogas, associa\u00e7\u00e3o para tr\u00e1fico de drogas e recepta\u00e7\u00e3o.<\/p>\n<p style=\"text-align: justify;\">Agentes das Unidades Especializadas estavam investigando informa\u00e7\u00f5es sobre um ponto de comercializa\u00e7\u00e3o de drogas que, supostamente, teria se estabelecido numa resid\u00eancia no bairro Santa Clara, em Dracena. Sendo ent\u00e3o, assim, montado um per\u00edodo de monitoramento nas proximidades do local, e em dado momento, os policiais civis flagraram uma movimenta\u00e7\u00e3o de pessoas, prov\u00e1veis usu\u00e1rios, sendo atendidas por tr\u00eas indiv\u00edduos suspeitos e, viram que os indiv\u00edduos foram para um corredor em dire\u00e7\u00e3o aos fundos do im\u00f3vel, onde existia uma ed\u00edcula.<\/p>\n<p>Diante das fundadas suspeitas, os policiais civis se aproximaram da casa, onde estavam os tr\u00eas suspeitos, no local foram atendidos por uma senhora que informou ser a propriet\u00e1ria da resid\u00eancia, e av\u00f3 de um daqueles tr\u00eas indiv\u00edduos, franqueando e autorizando a incurs\u00e3o dos policiais civis no interior do im\u00f3vel.<\/p>\n<p style=\"text-align: justify;\">Ao perceberem a presen\u00e7a dos policias civis no quintal da casa, dois indiv\u00edduos empreenderam fuga usando como rota uma escada, tomando dire\u00e7\u00e3o a laje do im\u00f3vel. O terceiro elemento que estava no interior da casa foi detido, identificado como sendo o neto da propriet\u00e1ria do local.<\/p>\n<p style=\"text-align: justify;\">Ato continuo, os policiais civis realizaram busca no interior do im\u00f3vel onde acabaram encontrando uma grande quantidade de material relacionados ao crime de tr\u00e1fico de drogas, sendo ent\u00e3o, apreendidos: tabletes de maconha; por\u00e7\u00f5es de maconha embaladas e pronta para venda; por\u00e7\u00f5es de crack e coca\u00edna embaladas e igualmente, pronta para venda; balan\u00e7a de precis\u00e3o; a quantia de cerca de 1,9 mil reais em dinheiro, em notas fracionadas; e ainda diversos objetos, tais como, celulares, TV, notebook, leitor digital, dentre outros, que aparentavam ser produtos provenientes de furtos.<\/p>\n<p style=\"text-align: justify;\">O homem detido no local, ao ser perguntado alegou que realmente promovia a vendas de drogas em sua resid\u00eancia, na companhia dos outros dois indiv\u00edduos que fugiram. E que aqueles objetos apreendidos foram deixados por usu\u00e1rios de drogas como forma de pagamento dos entorpecentes vendidos por eles e os seus comparsas.<\/p>\n<p style=\"text-align: justify;\">O homem preso foi conduzido a sede das Unidades Especializadas, onde foi ratificado o ato de pris\u00e3o em flagrante, pelos crimes de tr\u00e1fico de drogas, associa\u00e7\u00e3o para tr\u00e1fico de drogas e recepta\u00e7\u00e3o. Ao t\u00e9rmino, dos procedimentos dos atos de pol\u00edcia judici\u00e1ria cab\u00edveis, o homem foi encaminhado a uma unidade prisional da regi\u00e3o, onde ficar\u00e1 \u00e0 disposi\u00e7\u00e3o da Justi\u00e7a.<\/p>\n<p style=\"text-align: justify;\">Todos os objetos apreendidos ser\u00e3o analisados para localiza\u00e7\u00e3o dos seus leg\u00edtimos propriet\u00e1rios. As investiga\u00e7\u00f5es ter\u00e3o prosseguimento visando identificar e prender os outros dois indiv\u00edduos que conseguiram se evadir da resid\u00eancia.<\/p>\n<p><img loading=\"lazy\" decoding=\"async\" class=\"alignnone size-full wp-image-41292\" src=\"https:\/\/jorgezanoni.com.br\/2019\/wp-content\/uploads\/2021\/01\/bica.jpg\" alt=\"\" width=\"881\" height=\"813\" srcset=\"https:\/\/jorgezanoni.com.br\/2019\/wp-content\/uploads\/2021\/01\/bica.jpg 881w, https:\/\/jorgezanoni.com.br\/2019\/wp-content\/uploads\/2021\/01\/bica-300x277.jpg 300w, https:\/\/jorgezanoni.com.br\/2019\/wp-content\/uploads\/2021\/01\/bica-768x709.jpg 768w, https:\/\/jorgezanoni.com.br\/2019\/wp-content\/uploads\/2021\/01\/bica-696x642.jpg 696w, https:\/\/jorgezanoni.com.br\/2019\/wp-content\/uploads\/2021\/01\/bica-455x420.jpg 455w\" sizes=\"auto, (max-width: 881px) 100vw, 881px\" \/><\/p>\n<p>Fonte: Com. Social Pol\u00edcia Civil<\/p>\n","protected":false},"excerpt":{"rendered":"<p>POL\u00cdCIA CIVIL ESTOURA &#8220;BIQUEIRA&#8221; DE DROGAS E PRENDE HOMEM SUSPEITO POR TRAFICO DE DROGAS EM DRACENA. Tabletes e por\u00e7\u00f5es de maconha, al\u00e9m de crack, coca\u00edna, dinheiro e balan\u00e7a de precis\u00e3o foram apreendidos na resid\u00eancia. V\u00e1rios objetos que supostamente teriam sido trocados por usu\u00e1rios tamb\u00e9m foram encontrados no local. A Pol\u00edcia Civil, por interm\u00e9dio das Unidades [&hellip;]<\/p>\n","protected":false},"author":1,"featured_media":41293,"comment_status":"closed","ping_status":"open","sticky":false,"template":"","format":"standard","meta":{"footnotes":""},"categories":[110,2],"tags":[],"class_list":["post-41291","post","type-post","status-publish","format-standard","has-post-thumbnail","hentry","category-noticiasdestaque","category-policial"],"_links":{"self":[{"href":"https:\/\/jorgezanoni.com.br\/2019\/wp-json\/wp\/v2\/posts\/41291","targetHints":{"allow":["GET"]}}],"collection":[{"href":"https:\/\/jorgezanoni.com.br\/2019\/wp-json\/wp\/v2\/posts"}],"about":[{"href":"https:\/\/jorgezanoni.com.br\/2019\/wp-json\/wp\/v2\/types\/post"}],"author":[{"embeddable":true,"href":"https:\/\/jorgezanoni.com.br\/2019\/wp-json\/wp\/v2\/users\/1"}],"replies":[{"embeddable":true,"href":"https:\/\/jorgezanoni.com.br\/2019\/wp-json\/wp\/v2\/comments?post=41291"}],"version-history":[{"count":0,"href":"https:\/\/jorgezanoni.com.br\/2019\/wp-json\/wp\/v2\/posts\/41291\/revisions"}],"wp:featuredmedia":[{"embeddable":true,"href":"https:\/\/jorgezanoni.com.br\/2019\/wp-json\/wp\/v2\/media\/41293"}],"wp:attachment":[{"href":"https:\/\/jorgezanoni.com.br\/2019\/wp-json\/wp\/v2\/media?parent=41291"}],"wp:term":[{"taxonomy":"category","embeddable":true,"href":"https:\/\/jorgezanoni.com.br\/2019\/wp-json\/wp\/v2\/categories?post=41291"},{"taxonomy":"post_tag","embeddable":true,"href":"https:\/\/jorgezanoni.com.br\/2019\/wp-json\/wp\/v2\/tags?post=41291"}],"curies":[{"name":"wp","href":"https:\/\/api.w.org\/{rel}","templated":true}]}}