{"id":41288,"date":"2021-01-08T16:33:27","date_gmt":"2021-01-08T16:33:27","guid":{"rendered":"https:\/\/jorgezanoni.com.br\/2019\/?p=41288"},"modified":"2021-01-08T16:33:27","modified_gmt":"2021-01-08T16:33:27","slug":"nova-atualizacao-do-plano-sao-paulo-coloca-a-regiao-de-presidente-prudente-onde-esta-dracena-na-fase-laranja","status":"publish","type":"post","link":"https:\/\/jorgezanoni.com.br\/2019\/nova-atualizacao-do-plano-sao-paulo-coloca-a-regiao-de-presidente-prudente-onde-esta-dracena-na-fase-laranja\/","title":{"rendered":"Nova atualiza\u00e7\u00e3o do Plano S\u00e3o Paulo coloca a regi\u00e3o de Presidente Prudente onde est\u00e1 Dracena,  na fase laranja"},"content":{"rendered":"<div class=\"mc-column content-text active-extra-styles \" data-block-type=\"unstyled\" data-block-weight=\"29\" data-block-id=\"2\">\n<p class=\"content-text__container \" style=\"text-align: justify;\" data-track-category=\"Link no Texto\" data-track-links=\"\"><strong>A regi\u00e3o de\u00a0<a href=\"https:\/\/g1.globo.com\/sp\/presidente-prudente-regiao\/cidade\/presidente-prudente\/\">Presidente Prudente<\/a>\u00a0evoluiu para a fase laranja do Plano S\u00e3o Paulo, de acordo com a atualiza\u00e7\u00e3o feita na tarde desta sexta-feira (8) pelo governo do Estado.<\/strong><\/p>\n<\/div>\n<div class=\"wall protected-content\">\n<div class=\"mc-column content-text active-extra-styles \" style=\"text-align: justify;\" data-block-type=\"unstyled\" data-block-weight=\"25\" data-block-id=\"3\">\n<p class=\"content-text__container \" data-track-category=\"Link no Texto\" data-track-links=\"\">Com isso, o funcionamento de atividades econ\u00f4micas fica menos restrito e os setores considerados &#8220;n\u00e3o essenciais&#8221; passam a ter permiss\u00e3o para abrir, seguindo protocolos sanit\u00e1rios.<\/p>\n<\/div>\n<div class=\"mc-column content-text active-extra-styles \" style=\"text-align: justify;\" data-block-type=\"unstyled\" data-block-weight=\"66\" data-block-id=\"4\">\n<p class=\"content-text__container \" data-track-category=\"Link no Texto\" data-track-links=\"\">Desde a \u00faltima atualiza\u00e7\u00e3o de 2020, realizada no dia 22 de dezembro, os 45 munic\u00edpios vinculados ao Departamento Regional de Sa\u00fade (DRS) de Presidente Prudente estavam classificados na fase vermelha, a mais restritiva, que n\u00e3o permite a abertura do com\u00e9rcio. Era, ent\u00e3o, a \u00fanica regi\u00e3o do Estado de S\u00e3o Paulo classificada na etapa mais severa do programa do governo paulista de enfrentamento da pandemia da Covid-19.<\/p>\n<\/div>\n<div class=\"mc-column content-text active-extra-styles \" style=\"text-align: justify;\" data-block-type=\"unstyled\" data-block-weight=\"26\" data-block-id=\"5\">\n<p class=\"content-text__container \" data-track-category=\"Link no Texto\" data-track-links=\"\">J\u00e1 o Departamento Regional de Sa\u00fade (DRS) de Mar\u00edlia, que abrange 12 cidades do Oeste Paulista, que estava na fase amarela, regrediu para a etapa laranja.<\/p>\n<\/div>\n<div class=\"mc-column content-text active-extra-styles \" style=\"text-align: justify;\" data-block-type=\"unstyled\" data-block-weight=\"23\" data-block-id=\"6\">\n<p class=\"content-text__container \" data-track-category=\"Link no Texto\" data-track-links=\"\">O Plano S\u00e3o Paulo \u00e9 formado por cinco fases: vermelha (alerta m\u00e1ximo), laranja (controle), amarela (flexibiliza\u00e7\u00e3o), verde (abertura parcial) e azul (normal controlado).<\/p>\n<\/div>\n<div class=\"mc-column content-text active-extra-styles \" style=\"text-align: justify;\" data-block-type=\"unstyled\" data-block-weight=\"21\" data-block-id=\"7\">\n<p class=\"content-text__container \" data-track-category=\"Link no Texto\" data-track-links=\"\">Tamb\u00e9m nesta sexta-feira (8), o governo do Estado anunciou como ficam as novas regras de funcionamento das atividades na fase laranja:<\/p>\n<\/div>\n<div class=\"mc-column content-text active-extra-styles\" style=\"text-align: justify;\" data-block-type=\"raw\" data-block-weight=\"53\" data-block-id=\"8\">\n<ul class=\"content-unordered-list\">\n<li>amplia\u00e7\u00e3o das atividades permitidas para todos os setores;<\/li>\n<li>capacidade limitada de 20% para 40% de ocupa\u00e7\u00e3o para todos os setores;<\/li>\n<li>funcionamento m\u00e1ximo de estabelecimentos limitado de 4 para 8 horas por dia;<\/li>\n<li>parques estaduais abertos;<\/li>\n<li>proibi\u00e7\u00e3o de atendimento presencial em bares; e<\/li>\n<li>restri\u00e7\u00e3o de atendimento presencial at\u00e9 as 20h em todos os estabelecimentos.<\/li>\n<\/ul>\n<\/div>\n<div class=\"mc-column content-text active-extra-styles \" style=\"text-align: justify;\" data-block-type=\"unstyled\" data-block-weight=\"15\" data-block-id=\"10\">\n<p class=\"content-text__container \" data-track-category=\"Link no Texto\" data-track-links=\"\">A pr\u00f3xima atualiza\u00e7\u00e3o do Plano S\u00e3o Paulo est\u00e1 prevista para o dia 5 de fevereiro.<\/p>\n<\/div>\n<div class=\"mc-column content-text active-extra-styles\" style=\"text-align: justify;\" data-block-type=\"raw\" data-block-weight=\"1\" data-block-id=\"11\">\n<div class=\"content-intertitle\">\n<h2>Abrang\u00eancia<\/h2>\n<\/div>\n<\/div>\n<div class=\"mc-column content-text active-extra-styles \" style=\"text-align: justify;\" data-block-type=\"unstyled\" data-block-weight=\"21\" data-block-id=\"12\">\n<p class=\"content-text__container \" data-track-category=\"Link no Texto\" data-track-links=\"\">Os 56 munic\u00edpios do Oeste Paulista est\u00e3o divididos entre os departamentos regionais de Sa\u00fade (DRSs) de Mar\u00edlia e de Presidente Prudente.<\/p>\n<\/div>\n<div class=\"mc-column content-text active-extra-styles \" style=\"text-align: justify;\" data-block-type=\"unstyled\" data-block-weight=\"15\" data-block-id=\"13\">\n<p class=\"content-text__container \" data-track-category=\"Link no Texto\" data-track-links=\"\">Ao Departamento Regional de Sa\u00fade de Presidente Prudente pertencem as seguintes cidades do Oeste Paulista:<\/p>\n<\/div>\n<div class=\"mc-column content-text active-extra-styles\" style=\"text-align: justify;\" data-block-type=\"raw\" data-block-weight=\"75\" data-block-id=\"14\">\n<ul class=\"content-unordered-list\">\n<li>Alfredo Marcondes<\/li>\n<li>\u00c1lvares Machado<\/li>\n<li>Anhumas<\/li>\n<li>Caiabu<\/li>\n<li>Caiu\u00e1<\/li>\n<li>Dracena<\/li>\n<li>Emilian\u00f3polis<\/li>\n<li>Estrela do Norte<\/li>\n<li>Euclides da Cunha Paulista<\/li>\n<li>Flora Rica<\/li>\n<li>Iep\u00ea<\/li>\n<li>Indiana<\/li>\n<li>Irapuru<\/li>\n<li>Jo\u00e3o Ramalho<\/li>\n<li>Junqueir\u00f3polis<\/li>\n<li>Marab\u00e1 Paulista<\/li>\n<li>Martin\u00f3polis<\/li>\n<li>Mirante do Paranapanema<\/li>\n<li>Monte Castelo<\/li>\n<li>Nantes<\/li>\n<li>Narandiba<\/li>\n<li>Nova Guataporanga<\/li>\n<li>Ouro Verde<\/li>\n<li>Panorama<\/li>\n<li>Paulic\u00e9ia<\/li>\n<li>Piquerobi<\/li>\n<li>Pirapozinho<\/li>\n<li>Presidente Bernardes<\/li>\n<li>Presidente Epit\u00e1cio<\/li>\n<li>Presidente Prudente<\/li>\n<li>Presidente Venceslau<\/li>\n<li>Rancharia<\/li>\n<li>Regente Feij\u00f3<\/li>\n<li>Ribeir\u00e3o dos \u00cdndios<\/li>\n<li>Rosana<\/li>\n<li>Sandovalina<\/li>\n<li>Santa Mercedes<\/li>\n<li>Santo Anast\u00e1cio<\/li>\n<li>Santo Expedito<\/li>\n<li>S\u00e3o Jo\u00e3o do Pau d&#8217;Alho<\/li>\n<li>Taciba<\/li>\n<li>Tarabai<\/li>\n<li>Teodoro Sampaio<\/li>\n<li>Tupi Paulista<\/li>\n<\/ul>\n<\/div>\n<div class=\"mc-column content-text active-extra-styles \" style=\"text-align: justify;\" data-block-type=\"unstyled\" data-block-weight=\"13\" data-block-id=\"15\">\n<p class=\"content-text__container \" data-track-category=\"Link no Texto\" data-track-links=\"\">J\u00e1 as cidades do Oeste Paulista que pertencem ao DRS de Mar\u00edlia s\u00e3o:<\/p>\n<\/div>\n<div class=\"mc-column content-text active-extra-styles\" data-block-type=\"raw\" data-block-weight=\"15\" data-block-id=\"16\">\n<ul class=\"content-unordered-list\" style=\"text-align: justify;\">\n<li>Adamantina<\/li>\n<li>Fl\u00f3rida Paulista<\/li>\n<li>In\u00fabia Paulista<\/li>\n<li>Luc\u00e9lia<\/li>\n<li>Mari\u00e1polis<\/li>\n<li>Osvaldo Cruz<\/li>\n<li>Pacaembu<\/li>\n<li>Parapu\u00e3<\/li>\n<li>Pracinha<\/li>\n<li>Rin\u00f3polis<\/li>\n<li>Sagres<\/li>\n<li>Salmour\u00e3o<\/li>\n<\/ul>\n<p style=\"text-align: justify;\">Fonte: G1<\/p>\n<\/div>\n<\/div>\n","protected":false},"excerpt":{"rendered":"<p>A regi\u00e3o de\u00a0Presidente Prudente\u00a0evoluiu para a fase laranja do Plano S\u00e3o Paulo, de acordo com a atualiza\u00e7\u00e3o feita na tarde desta sexta-feira (8) pelo governo do Estado. Com isso, o funcionamento de atividades econ\u00f4micas fica menos restrito e os setores considerados &#8220;n\u00e3o essenciais&#8221; passam a ter permiss\u00e3o para abrir, seguindo protocolos sanit\u00e1rios. Desde a \u00faltima [&hellip;]<\/p>\n","protected":false},"author":1,"featured_media":41289,"comment_status":"closed","ping_status":"open","sticky":false,"template":"","format":"standard","meta":{"footnotes":""},"categories":[110,116],"tags":[],"class_list":["post-41288","post","type-post","status-publish","format-standard","has-post-thumbnail","hentry","category-noticiasdestaque","category-politicaeeconomia"],"_links":{"self":[{"href":"https:\/\/jorgezanoni.com.br\/2019\/wp-json\/wp\/v2\/posts\/41288","targetHints":{"allow":["GET"]}}],"collection":[{"href":"https:\/\/jorgezanoni.com.br\/2019\/wp-json\/wp\/v2\/posts"}],"about":[{"href":"https:\/\/jorgezanoni.com.br\/2019\/wp-json\/wp\/v2\/types\/post"}],"author":[{"embeddable":true,"href":"https:\/\/jorgezanoni.com.br\/2019\/wp-json\/wp\/v2\/users\/1"}],"replies":[{"embeddable":true,"href":"https:\/\/jorgezanoni.com.br\/2019\/wp-json\/wp\/v2\/comments?post=41288"}],"version-history":[{"count":0,"href":"https:\/\/jorgezanoni.com.br\/2019\/wp-json\/wp\/v2\/posts\/41288\/revisions"}],"wp:featuredmedia":[{"embeddable":true,"href":"https:\/\/jorgezanoni.com.br\/2019\/wp-json\/wp\/v2\/media\/41289"}],"wp:attachment":[{"href":"https:\/\/jorgezanoni.com.br\/2019\/wp-json\/wp\/v2\/media?parent=41288"}],"wp:term":[{"taxonomy":"category","embeddable":true,"href":"https:\/\/jorgezanoni.com.br\/2019\/wp-json\/wp\/v2\/categories?post=41288"},{"taxonomy":"post_tag","embeddable":true,"href":"https:\/\/jorgezanoni.com.br\/2019\/wp-json\/wp\/v2\/tags?post=41288"}],"curies":[{"name":"wp","href":"https:\/\/api.w.org\/{rel}","templated":true}]}}