{"id":41281,"date":"2021-01-08T16:19:33","date_gmt":"2021-01-08T16:19:33","guid":{"rendered":"https:\/\/jorgezanoni.com.br\/2019\/?p=41281"},"modified":"2021-01-08T16:19:33","modified_gmt":"2021-01-08T16:19:33","slug":"enfermaria-covid-volta-a-funcionar-na-santa-casa-de-dracena","status":"publish","type":"post","link":"https:\/\/jorgezanoni.com.br\/2019\/enfermaria-covid-volta-a-funcionar-na-santa-casa-de-dracena\/","title":{"rendered":"Enfermaria COVID volta a funcionar na Santa Casa de Dracena"},"content":{"rendered":"<p style=\"text-align: justify;\"><em><strong>Na manh\u00e3 de ontem (7), a Prefeitura e Santa Casa de Dracena assinaram conv\u00eanio para a reinstala\u00e7\u00e3o da enfermaria COVID<\/strong><\/em><\/p>\n<p style=\"text-align: justify;\">Nesta manh\u00e3, foi assinado conv\u00eanio entre a Prefeitura de Dracena e Santa Casa, viabilizando a contrata\u00e7\u00e3o de 10 leitos de enfermaria COVID, com isso o hospital volta a contar com o servi\u00e7o cujo atendimento j\u00e1 foi iniciado hoje, 7.<\/p>\n<p style=\"text-align: justify;\">No m\u00eas de novembro, devido \u00e0 baixa ocupa\u00e7\u00e3o, a Prefeitura havia encerrado o contrato com a Santa Casa, por\u00e9m todos os pacientes que necessitavam de cuidados hospitalares, mesmo n\u00e3o necessitando de respirador, estavam sendo tratados na UTI COVID, sobrecarregando os leitos da unidade de terapia intensiva.<\/p>\n<p style=\"text-align: justify;\">O prefeito Andr\u00e9 Lemos havia se reunido com a diretoria da Santa Casa no dia 30 de dezembro passado, para tratar sobre a quest\u00e3o e prometido que assim que assumisse iria providenciar a contrata\u00e7\u00e3o do servi\u00e7o da enfermaria com o hospital. Nesta manh\u00e3 tal promessa foi cumprida.<\/p>\n<p style=\"text-align: justify;\">Al\u00e9m da enfermaria, a Santa Casa possui a UTI COVID com 10 leitos, que passou neste final de ano a ser custeada pelo Minist\u00e9rio da Sa\u00fade, oferecendo vagas n\u00e3o s\u00f3 aos moradores da microrregi\u00e3o como para todos os demais munic\u00edpios da \u00e1rea do Departamento Regional de Sa\u00fade (DRS XI), de Presidente Prudente, pelo sistema CROSS (Central de Regula\u00e7\u00e3o de Ofertas de Servi\u00e7os de Sa\u00fade).<\/p>\n<p style=\"text-align: justify;\">Desde o final do ano, a UTI COVID local vem apresentando taxa de 100% de ocupa\u00e7\u00e3o, com a reativa\u00e7\u00e3o do servi\u00e7o, o prefeito Andr\u00e9 Lemos pontou: \u201cMais leitos de interna\u00e7\u00e3o faz com que as UTIs sejam desafogadas e menos sobrecarregadas\u201d.<\/p>\n<p style=\"text-align: justify;\">Participaram do ato, representantes da diretoria da Santa Casa, entre eles, o provedor Celso Santin, o prefeito Andr\u00e9 Lemos e o secret\u00e1rio de Gabinete, Governo e Desenvolvimento Econ\u00f4mico, Rodrigo Parra e a secret\u00e1ria de Sa\u00fade, Rosemary Fonseca Souza.<\/p>\n<p><img loading=\"lazy\" decoding=\"async\" class=\"alignnone size-full wp-image-41282\" src=\"https:\/\/jorgezanoni.com.br\/2019\/wp-content\/uploads\/2021\/01\/santa.jpg\" alt=\"\" width=\"960\" height=\"1280\" srcset=\"https:\/\/jorgezanoni.com.br\/2019\/wp-content\/uploads\/2021\/01\/santa.jpg 960w, https:\/\/jorgezanoni.com.br\/2019\/wp-content\/uploads\/2021\/01\/santa-225x300.jpg 225w, https:\/\/jorgezanoni.com.br\/2019\/wp-content\/uploads\/2021\/01\/santa-768x1024.jpg 768w, https:\/\/jorgezanoni.com.br\/2019\/wp-content\/uploads\/2021\/01\/santa-696x928.jpg 696w, https:\/\/jorgezanoni.com.br\/2019\/wp-content\/uploads\/2021\/01\/santa-315x420.jpg 315w\" sizes=\"auto, (max-width: 960px) 100vw, 960px\" \/> <img loading=\"lazy\" decoding=\"async\" class=\"alignnone size-full wp-image-41283\" src=\"https:\/\/jorgezanoni.com.br\/2019\/wp-content\/uploads\/2021\/01\/santa1.jpg\" alt=\"\" width=\"1280\" height=\"960\" srcset=\"https:\/\/jorgezanoni.com.br\/2019\/wp-content\/uploads\/2021\/01\/santa1.jpg 1280w, https:\/\/jorgezanoni.com.br\/2019\/wp-content\/uploads\/2021\/01\/santa1-300x225.jpg 300w, https:\/\/jorgezanoni.com.br\/2019\/wp-content\/uploads\/2021\/01\/santa1-1024x768.jpg 1024w, https:\/\/jorgezanoni.com.br\/2019\/wp-content\/uploads\/2021\/01\/santa1-768x576.jpg 768w, https:\/\/jorgezanoni.com.br\/2019\/wp-content\/uploads\/2021\/01\/santa1-80x60.jpg 80w, https:\/\/jorgezanoni.com.br\/2019\/wp-content\/uploads\/2021\/01\/santa1-265x198.jpg 265w, https:\/\/jorgezanoni.com.br\/2019\/wp-content\/uploads\/2021\/01\/santa1-696x522.jpg 696w, https:\/\/jorgezanoni.com.br\/2019\/wp-content\/uploads\/2021\/01\/santa1-1068x801.jpg 1068w, https:\/\/jorgezanoni.com.br\/2019\/wp-content\/uploads\/2021\/01\/santa1-560x420.jpg 560w\" sizes=\"auto, (max-width: 1280px) 100vw, 1280px\" \/> <img loading=\"lazy\" decoding=\"async\" class=\"alignnone size-full wp-image-41284\" src=\"https:\/\/jorgezanoni.com.br\/2019\/wp-content\/uploads\/2021\/01\/santa2.jpg\" alt=\"\" width=\"1280\" height=\"960\" srcset=\"https:\/\/jorgezanoni.com.br\/2019\/wp-content\/uploads\/2021\/01\/santa2.jpg 1280w, https:\/\/jorgezanoni.com.br\/2019\/wp-content\/uploads\/2021\/01\/santa2-300x225.jpg 300w, https:\/\/jorgezanoni.com.br\/2019\/wp-content\/uploads\/2021\/01\/santa2-1024x768.jpg 1024w, https:\/\/jorgezanoni.com.br\/2019\/wp-content\/uploads\/2021\/01\/santa2-768x576.jpg 768w, https:\/\/jorgezanoni.com.br\/2019\/wp-content\/uploads\/2021\/01\/santa2-80x60.jpg 80w, https:\/\/jorgezanoni.com.br\/2019\/wp-content\/uploads\/2021\/01\/santa2-265x198.jpg 265w, https:\/\/jorgezanoni.com.br\/2019\/wp-content\/uploads\/2021\/01\/santa2-696x522.jpg 696w, https:\/\/jorgezanoni.com.br\/2019\/wp-content\/uploads\/2021\/01\/santa2-1068x801.jpg 1068w, https:\/\/jorgezanoni.com.br\/2019\/wp-content\/uploads\/2021\/01\/santa2-560x420.jpg 560w\" sizes=\"auto, (max-width: 1280px) 100vw, 1280px\" \/> <img loading=\"lazy\" decoding=\"async\" class=\"alignnone size-full wp-image-41285\" src=\"https:\/\/jorgezanoni.com.br\/2019\/wp-content\/uploads\/2021\/01\/santa3.jpg\" alt=\"\" width=\"1280\" height=\"960\" srcset=\"https:\/\/jorgezanoni.com.br\/2019\/wp-content\/uploads\/2021\/01\/santa3.jpg 1280w, https:\/\/jorgezanoni.com.br\/2019\/wp-content\/uploads\/2021\/01\/santa3-300x225.jpg 300w, https:\/\/jorgezanoni.com.br\/2019\/wp-content\/uploads\/2021\/01\/santa3-1024x768.jpg 1024w, https:\/\/jorgezanoni.com.br\/2019\/wp-content\/uploads\/2021\/01\/santa3-768x576.jpg 768w, https:\/\/jorgezanoni.com.br\/2019\/wp-content\/uploads\/2021\/01\/santa3-80x60.jpg 80w, https:\/\/jorgezanoni.com.br\/2019\/wp-content\/uploads\/2021\/01\/santa3-265x198.jpg 265w, https:\/\/jorgezanoni.com.br\/2019\/wp-content\/uploads\/2021\/01\/santa3-696x522.jpg 696w, https:\/\/jorgezanoni.com.br\/2019\/wp-content\/uploads\/2021\/01\/santa3-1068x801.jpg 1068w, https:\/\/jorgezanoni.com.br\/2019\/wp-content\/uploads\/2021\/01\/santa3-560x420.jpg 560w\" sizes=\"auto, (max-width: 1280px) 100vw, 1280px\" \/><\/p>\n<p style=\"text-align: justify;\">Fonte: Portal Regional<\/p>\n<p style=\"text-align: justify;\">Fotos: Santa Casa\/cedidas.<\/p>\n","protected":false},"excerpt":{"rendered":"<p>Na manh\u00e3 de ontem (7), a Prefeitura e Santa Casa de Dracena assinaram conv\u00eanio para a reinstala\u00e7\u00e3o da enfermaria COVID Nesta manh\u00e3, foi assinado conv\u00eanio entre a Prefeitura de Dracena e Santa Casa, viabilizando a contrata\u00e7\u00e3o de 10 leitos de enfermaria COVID, com isso o hospital volta a contar com o servi\u00e7o cujo atendimento j\u00e1 [&hellip;]<\/p>\n","protected":false},"author":1,"featured_media":41286,"comment_status":"closed","ping_status":"open","sticky":false,"template":"","format":"standard","meta":{"footnotes":""},"categories":[110,122],"tags":[],"class_list":["post-41281","post","type-post","status-publish","format-standard","has-post-thumbnail","hentry","category-noticiasdestaque","category-saudeeducacaoeconcurso"],"_links":{"self":[{"href":"https:\/\/jorgezanoni.com.br\/2019\/wp-json\/wp\/v2\/posts\/41281","targetHints":{"allow":["GET"]}}],"collection":[{"href":"https:\/\/jorgezanoni.com.br\/2019\/wp-json\/wp\/v2\/posts"}],"about":[{"href":"https:\/\/jorgezanoni.com.br\/2019\/wp-json\/wp\/v2\/types\/post"}],"author":[{"embeddable":true,"href":"https:\/\/jorgezanoni.com.br\/2019\/wp-json\/wp\/v2\/users\/1"}],"replies":[{"embeddable":true,"href":"https:\/\/jorgezanoni.com.br\/2019\/wp-json\/wp\/v2\/comments?post=41281"}],"version-history":[{"count":0,"href":"https:\/\/jorgezanoni.com.br\/2019\/wp-json\/wp\/v2\/posts\/41281\/revisions"}],"wp:featuredmedia":[{"embeddable":true,"href":"https:\/\/jorgezanoni.com.br\/2019\/wp-json\/wp\/v2\/media\/41286"}],"wp:attachment":[{"href":"https:\/\/jorgezanoni.com.br\/2019\/wp-json\/wp\/v2\/media?parent=41281"}],"wp:term":[{"taxonomy":"category","embeddable":true,"href":"https:\/\/jorgezanoni.com.br\/2019\/wp-json\/wp\/v2\/categories?post=41281"},{"taxonomy":"post_tag","embeddable":true,"href":"https:\/\/jorgezanoni.com.br\/2019\/wp-json\/wp\/v2\/tags?post=41281"}],"curies":[{"name":"wp","href":"https:\/\/api.w.org\/{rel}","templated":true}]}}