{"id":41231,"date":"2021-01-07T16:14:00","date_gmt":"2021-01-07T16:14:00","guid":{"rendered":"https:\/\/jorgezanoni.com.br\/2019\/?p=41231"},"modified":"2021-01-07T16:14:00","modified_gmt":"2021-01-07T16:14:00","slug":"cantor-genival-lacerda-morre-aos-89-anos-por-complicacoes-da-covid-19-no-recife","status":"publish","type":"post","link":"https:\/\/jorgezanoni.com.br\/2019\/cantor-genival-lacerda-morre-aos-89-anos-por-complicacoes-da-covid-19-no-recife\/","title":{"rendered":"Cantor Genival Lacerda morre aos 89 anos por complica\u00e7\u00f5es da Covid-19, no Recife"},"content":{"rendered":"<h2 class=\"content-head__subtitle\" style=\"text-align: justify;\"><strong>Artista estava internado desde 30 de novembro no Hospital da Unimed. Com carisma e irrever\u00eancia, cantor foi um dos \u00edcones do forr\u00f3.<\/strong><\/h2>\n<div class=\"mc-column content-text active-extra-styles \" data-block-type=\"unstyled\" data-block-weight=\"51\" data-block-id=\"2\">\n<p class=\"content-text__container \" style=\"text-align: justify;\" data-track-category=\"Link no Texto\" data-track-links=\"\">O cantor e compositor\u00a0<a href=\"https:\/\/g1.globo.com\/tudo-sobre\/genival-lacerda\/\">Genival Lacerda<\/a>\u00a0morreu aos 89 anos, no\u00a0<a href=\"https:\/\/g1.globo.com\/pe\/pernambuco\/cidade\/recife\/\">Recife<\/a>, em decorr\u00eancia de complica\u00e7\u00f5es da<a href=\"https:\/\/g1.globo.com\/bemestar\/coronavirus\/\">\u00a0Covid-19<\/a>, nesta quinta-feira (7) (<strong>veja v\u00eddeo acima<\/strong>).\u00a0<a href=\"https:\/\/g1.globo.com\/pe\/pernambuco\/noticia\/2021\/01\/07\/artistas-e-politicos-lamentam-a-morte-do-cantor-genival-lacerda-vitima-da-covid-19.ghtml\">Artistas e pol\u00edticos lamentaram, nas redes sociais<\/a>, a morte do paraibano e a prefeitura de\u00a0<a href=\"https:\/\/g1.globo.com\/pb\/paraiba\/cidade\/campina-grande\/\">Campina Grande<\/a>, cidade natal de Genival,\u00a0<a href=\"https:\/\/g1.globo.com\/pb\/paraiba\/noticia\/2021\/01\/07\/campina-grande-decreta-luto-oficial-de-tres-dias-pela-morte-de-genival-lacerda.ghtml\">decretou luto de tr\u00eas dias<\/a>.<\/p>\n<\/div>\n<div class=\"wall protected-content\">\n<div class=\"mc-column content-text active-extra-styles\" style=\"text-align: justify;\" data-block-type=\"raw\" data-block-weight=\"18\" data-block-id=\"3\">\n<ul class=\"content-unordered-list\">\n<li><a href=\"https:\/\/g1.globo.com\/pe\/pernambuco\/noticia\/2021\/01\/07\/fotos-relembre-a-vida-e-a-carreira-de-genival-lacerda.ghtml\">FOTOS: Relembre vida e carreira de Genival Lacerda<\/a><\/li>\n<li><a href=\"https:\/\/g1.globo.com\/pop-arte\/musica\/blog\/mauro-ferreira\/post\/2021\/01\/07\/genival-lacerda-deixa-rastro-de-alegria-na-musica-nordestina-ao-morrer-aos-89-anos.ghtml\">MAURO FERREIRA: Artista deixa rastro de alegria na m\u00fasica nordestina<\/a><\/li>\n<\/ul>\n<\/div>\n<div class=\"mc-column content-text active-extra-styles \" style=\"text-align: justify;\" data-block-type=\"unstyled\" data-block-weight=\"38\" data-block-id=\"4\">\n<p class=\"content-text__container \" data-track-category=\"Link no Texto\" data-track-links=\"\">O\u00a0<a href=\"https:\/\/g1.globo.com\/pe\/pernambuco\/noticia\/2020\/12\/01\/genival-lacerda-e-internado-com-covid-19-em-uti-de-hospital-no-recife-diz-familia.ghtml\">artista foi internado no dia 30 de novembro de 2020<\/a>, no Hospital Unimed I, na Ilha do Leite, na \u00e1rea central da capital pernambucana. Com Covid-19, ele foi levado para a Unidade de Terapia Intensiva (UTI).<\/p>\n<\/div>\n<div class=\"mc-column content-text active-extra-styles \" data-block-type=\"unstyled\" data-block-weight=\"36\" data-block-id=\"5\">\n<p class=\"content-text__container \" style=\"text-align: justify;\" data-track-category=\"Link no Texto\" data-track-links=\"\">No dia 4 de janeiro,\u00a0<a href=\"https:\/\/g1.globo.com\/pe\/pernambuco\/noticia\/2021\/01\/04\/internado-com-covid-19-genival-lacerda-tem-piora-do-quadro-clinico-e-completa-35-dias-internado.ghtml\">Genival Lacerda teve uma piora no quadro de sa\u00fade<\/a>, segundo o boletim divulgado pela fam\u00edlia. Na quarta (6), a fam\u00edlia havia iniciado uma\u00a0<a href=\"https:\/\/g1.globo.com\/pe\/pernambuco\/noticia\/2021\/01\/06\/com-covid-19-genival-lacerda-recebe-transfusao-de-sangue-e-familia-faz-campanha-por-doacoes.ghtml\">campanha de doa\u00e7\u00e3o de sangue\u00a0<\/a>para o cantor.<\/p>\n<div class=\"mc-column content-text active-extra-styles \" style=\"text-align: justify;\" data-block-type=\"unstyled\" data-block-weight=\"38\" data-block-id=\"8\">\n<p class=\"content-text__container \" data-track-category=\"Link no Texto\" data-track-links=\"\">Em 26 de maio de 2020, Genival Lacerda havia sofrido um Acidente Vascular Cerebral Isqu\u00eamico (AVC) e deu entrada no Hospital d\u2019\u00c1vila, na Zona Oeste da capital pernambucana. Recuperado, ele teve alta tr\u00eas dias depois de ser internado.<\/p>\n<\/div>\n<div class=\"mc-column content-text active-extra-styles \" data-block-type=\"unstyled\" data-block-weight=\"38\" data-block-id=\"9\">\n<p class=\"content-text__container \" style=\"text-align: justify;\" data-track-category=\"Link no Texto\" data-track-links=\"\">De acordo com a assessoria de imprensa do cantor, o corpo do artista deixa o Recife por volta das 13h e segue para ser sepultado em Campina Grande, ao lado do da m\u00e3e de Genival, Severina Lacerda.<\/p>\n<p style=\"text-align: justify;\" data-track-category=\"Link no Texto\" data-track-links=\"\">Fonte: https:\/\/g1.globo.com\/pe\/pernambuco\/noticia\/2021\/01\/07\/genival-lacerda-morre-no-recife.ghtml<\/p>\n<\/div>\n<\/div>\n<\/div>\n","protected":false},"excerpt":{"rendered":"<p>Artista estava internado desde 30 de novembro no Hospital da Unimed. Com carisma e irrever\u00eancia, cantor foi um dos \u00edcones do forr\u00f3. O cantor e compositor\u00a0Genival Lacerda\u00a0morreu aos 89 anos, no\u00a0Recife, em decorr\u00eancia de complica\u00e7\u00f5es da\u00a0Covid-19, nesta quinta-feira (7) (veja v\u00eddeo acima).\u00a0Artistas e pol\u00edticos lamentaram, nas redes sociais, a morte do paraibano e a prefeitura [&hellip;]<\/p>\n","protected":false},"author":1,"featured_media":41232,"comment_status":"closed","ping_status":"open","sticky":false,"template":"","format":"standard","meta":{"footnotes":""},"categories":[183,178,110],"tags":[],"class_list":["post-41231","post","type-post","status-publish","format-standard","has-post-thumbnail","hentry","category-musicaeturismo","category-notadefalecimento","category-noticiasdestaque"],"_links":{"self":[{"href":"https:\/\/jorgezanoni.com.br\/2019\/wp-json\/wp\/v2\/posts\/41231","targetHints":{"allow":["GET"]}}],"collection":[{"href":"https:\/\/jorgezanoni.com.br\/2019\/wp-json\/wp\/v2\/posts"}],"about":[{"href":"https:\/\/jorgezanoni.com.br\/2019\/wp-json\/wp\/v2\/types\/post"}],"author":[{"embeddable":true,"href":"https:\/\/jorgezanoni.com.br\/2019\/wp-json\/wp\/v2\/users\/1"}],"replies":[{"embeddable":true,"href":"https:\/\/jorgezanoni.com.br\/2019\/wp-json\/wp\/v2\/comments?post=41231"}],"version-history":[{"count":0,"href":"https:\/\/jorgezanoni.com.br\/2019\/wp-json\/wp\/v2\/posts\/41231\/revisions"}],"wp:featuredmedia":[{"embeddable":true,"href":"https:\/\/jorgezanoni.com.br\/2019\/wp-json\/wp\/v2\/media\/41232"}],"wp:attachment":[{"href":"https:\/\/jorgezanoni.com.br\/2019\/wp-json\/wp\/v2\/media?parent=41231"}],"wp:term":[{"taxonomy":"category","embeddable":true,"href":"https:\/\/jorgezanoni.com.br\/2019\/wp-json\/wp\/v2\/categories?post=41231"},{"taxonomy":"post_tag","embeddable":true,"href":"https:\/\/jorgezanoni.com.br\/2019\/wp-json\/wp\/v2\/tags?post=41231"}],"curies":[{"name":"wp","href":"https:\/\/api.w.org\/{rel}","templated":true}]}}