{"id":41209,"date":"2021-01-07T01:26:00","date_gmt":"2021-01-07T01:26:00","guid":{"rendered":"https:\/\/jorgezanoni.com.br\/2019\/?p=41209"},"modified":"2021-01-07T15:30:43","modified_gmt":"2021-01-07T15:30:43","slug":"morre-o-professor-juarez-americo-do-prado","status":"publish","type":"post","link":"https:\/\/jorgezanoni.com.br\/2019\/morre-o-professor-juarez-americo-do-prado\/","title":{"rendered":"Morre o Professor Juarez Am\u00e9rico do Prado"},"content":{"rendered":"<p style=\"text-align: justify;\">Comunicamos com pesar o falecimento do Professor, Juarez Am\u00e9rico do Prado. Deixa a esposa Maria Julia Toledo do Prado, os filhos Juareizinho, Fernando, Ana Paula, Rita e Ana Cl\u00e1udia, gentos, noras, netos e demais familiares.<\/p>\n<p>O Professor Juarez tem uma grande folha de servi\u00e7os prestados \u00e0 comunidade dracenense. Foi vereador por dois mandatos na \u00e9poca que n\u00e3o havia subs\u00eddio. Foi o primeiro Presidente da Fundec e quem trouxe a Faculdade para Dracena. Foi fundador e presidente das Associa\u00e7\u00e3o Comercial e Empresarial, Presidente do Rotary Club, Presidente do Xadrez T\u00eanis Clube, Supervisor de Ensino e Delegado de Ensino.<\/p>\n<p style=\"text-align: justify;\">Recebeu o T\u00edtulo de Cidad\u00e3o Honor\u00e1rio de Dracena concedido em 1995, 22 anos ap\u00f3s, no ano de 2017.<\/p>\n<p style=\"text-align: justify;\"><img loading=\"lazy\" decoding=\"async\" class=\"alignnone size-full wp-image-41222\" src=\"https:\/\/jorgezanoni.com.br\/2019\/wp-content\/uploads\/2021\/01\/Juarez.jpg\" alt=\"\" width=\"1280\" height=\"718\" srcset=\"https:\/\/jorgezanoni.com.br\/2019\/wp-content\/uploads\/2021\/01\/Juarez.jpg 1280w, https:\/\/jorgezanoni.com.br\/2019\/wp-content\/uploads\/2021\/01\/Juarez-300x168.jpg 300w, https:\/\/jorgezanoni.com.br\/2019\/wp-content\/uploads\/2021\/01\/Juarez-1024x574.jpg 1024w, https:\/\/jorgezanoni.com.br\/2019\/wp-content\/uploads\/2021\/01\/Juarez-768x431.jpg 768w, https:\/\/jorgezanoni.com.br\/2019\/wp-content\/uploads\/2021\/01\/Juarez-696x390.jpg 696w, https:\/\/jorgezanoni.com.br\/2019\/wp-content\/uploads\/2021\/01\/Juarez-1068x599.jpg 1068w, https:\/\/jorgezanoni.com.br\/2019\/wp-content\/uploads\/2021\/01\/Juarez-749x420.jpg 749w\" sizes=\"auto, (max-width: 1280px) 100vw, 1280px\" \/><\/p>\n<p style=\"text-align: justify;\"><img loading=\"lazy\" decoding=\"async\" class=\"alignnone size-full wp-image-41210\" src=\"https:\/\/jorgezanoni.com.br\/2019\/wp-content\/uploads\/2021\/01\/Juarez-2.jpg\" alt=\"\" width=\"363\" height=\"139\" srcset=\"https:\/\/jorgezanoni.com.br\/2019\/wp-content\/uploads\/2021\/01\/Juarez-2.jpg 363w, https:\/\/jorgezanoni.com.br\/2019\/wp-content\/uploads\/2021\/01\/Juarez-2-300x115.jpg 300w\" sizes=\"auto, (max-width: 363px) 100vw, 363px\" \/> Praticamente todos os s\u00e1bados frequentava o bate-papo de amigos no Posto Montreal<\/p>\n<p style=\"text-align: justify;\"><img loading=\"lazy\" decoding=\"async\" class=\"alignnone size-full wp-image-41212\" src=\"https:\/\/jorgezanoni.com.br\/2019\/wp-content\/uploads\/2021\/01\/Juarez3.jpg\" alt=\"\" width=\"182\" height=\"249\" \/>Vereador<\/p>\n<p style=\"text-align: justify;\"><img loading=\"lazy\" decoding=\"async\" class=\"alignnone size-full wp-image-41213\" src=\"https:\/\/jorgezanoni.com.br\/2019\/wp-content\/uploads\/2021\/01\/Juarez1-1.jpg\" alt=\"\" width=\"260\" height=\"194\" srcset=\"https:\/\/jorgezanoni.com.br\/2019\/wp-content\/uploads\/2021\/01\/Juarez1-1.jpg 260w, https:\/\/jorgezanoni.com.br\/2019\/wp-content\/uploads\/2021\/01\/Juarez1-1-80x60.jpg 80w\" sizes=\"auto, (max-width: 260px) 100vw, 260px\" \/>T\u00edtulo de Cidad\u00e3o Honor\u00e1rio de Dracena<\/p>\n<p style=\"text-align: justify;\">O <strong>Site Jorge Zanoni<\/strong> se solidariza com a fam\u00edlia do mestre Juarez neste momento dif\u00edcil de grande dor pela perda.<\/p>\n<p>MENSAGEM RECEBIDA PELO <strong>SITE JZ<\/strong> DE AMIGOS DO PROFESSOR, DE ROND\u00d4NIA:<\/p>\n<p style=\"text-align: justify;\">Nota de Falecimento<br \/>\nFaleceu hoje o nobre Prof. JUAREZ AM\u00c9RICO DO PRADO fundador das faculdades Uniron, Unipec, Unicentro e Unesc.<br \/>\nNos deixa na noite desta quarta-feira (06\/01\/2021) um grande educador, professor e empreendedor de Rond\u00f4nia, S\u00e3o Paulo e do Brasil.<br \/>\nEm raz\u00e3o de complica\u00e7\u00f5es da COVID19, ap\u00f3s uma parada card\u00edaca, faleceu o nobre Professor Juarez Am\u00e9rico do Prado que atualmente estava residindo no munic\u00edpio de Dracena no interior de S\u00e3o Paulo.<br \/>\nPROFESSOR JUAREZ AM\u00c9RICO DO PRADO natural de Guaxup\u00e9 \u2013 MG. Filho de cafeicultores, nasceu em 27\/06\/1932. Casado h\u00e1 57 anos com a Sra. Maria J\u00falia de Toledo Prado, com quem tem 5 filhos (Juarez Eduardo, Fernando, Rita, Ana Paula e Cl\u00e1udia), nove netos e quatro bisnetos. Tem forma\u00e7\u00e3o de Professor Normalista, Pedagogo, Administrador de Empresas e Bacharel em Direito. Aposentou-se como Delegado de Ensino em S\u00e3o Paulo. Fundou e Instalou a Faculdade de Filosofia Ci\u00eancias e Letras, Ministro Tarso Dutra, em Dracena no ano de 1968, primeira Institui\u00e7\u00e3o de Ensino Superior da Alta Paulista. Foi vereador por dois mandatos em Dracena-SP, fundador do Rotary Clube de Dracena e v\u00e1rias associa\u00e7\u00f5es. Foi agraciado com in\u00fameras condecora\u00e7\u00f5es entre elas Comendador da Ordem da Fraternidade Universal. Mudou-se para Rond\u00f4nia em 1984, domiciliando-se no munic\u00edpio de Cacoal, onde no ano posterior fundou a primeira Faculdade particular do Estado de Rond\u00f4nia, Faculdade de Educa\u00e7\u00e3o de Cacoal \u2013 FEC, que hoje \u00e9 conhecida por UNESC, um marco no desenvolvimento daquela regi\u00e3o. \u00c9 membro do Rotary Club desde o ano de 1958, sendo fundador e Presidente do Rotary Club de Cacoal. Ma\u00e7om h\u00e1 quase 60 anos com relevantes trabalhos prestados a ordem, tamb\u00e9m foi fundador e Vener\u00e1vel da Grande Benem\u00e9rita Loja Simb\u00f3lica Gon\u00e7alves Ledo, em Cacoal. Em Porto Velho fundou a Faculdade de Educa\u00e7\u00e3o de Porto Velho \u2013 UNIPEC e a Faculdade Interamericana de Porto Velho \u2013 UNIRON. Em Jaru fundou a Faculdade de Educa\u00e7\u00e3o de Jaru \u2013 UNICENTRO e em Ji-Paran\u00e1 a Faculdade Panamericana de Ji-Paran\u00e1 \u2013 UNIJIPA. Professor Juarez, como era conhecido, tinha como valores a fraternidade, justi\u00e7a, temperan\u00e7a e f\u00e9 sendo uma grande inspira\u00e7\u00e3o de cidadania a todos que o conhecia. Em seus 88 anos nunca deixou de lutar por suas convic\u00e7\u00f5es, e acreditava que somente a boa pol\u00edtica, exercida com seriedade e responsabilidade \u00e9 capaz de promover o verdadeiro bem estar das pessoas. Dedicou sua vida a Educa\u00e7\u00e3o, e sempre foi convicto que somente atrav\u00e9s da Educa\u00e7\u00e3o \u00e9 poss\u00edvel reduzir as desigualdades e colocar o Brasil no seu verdadeiro caminho, que \u00e9 o do desenvolvimento. Professor Juarez \u00e9 Cidad\u00e3o Honor\u00e1rio de Dracena-SP. Cidad\u00e3o Honor\u00e1rio de Cacoal e Cidad\u00e3o Honor\u00e1rio da Cidade de Porto Velho \u2013 RO e Cidad\u00e3o Honor\u00e1rio do Estado de Rond\u00f4nia.<\/p>\n<p>&nbsp;<\/p>\n","protected":false},"excerpt":{"rendered":"<p>Comunicamos com pesar o falecimento do Professor, Juarez Am\u00e9rico do Prado. Deixa a esposa Maria Julia Toledo do Prado, os filhos Juareizinho, Fernando, Ana Paula, Rita e Ana Cl\u00e1udia, gentos, noras, netos e demais familiares. O Professor Juarez tem uma grande folha de servi\u00e7os prestados \u00e0 comunidade dracenense. Foi vereador por dois mandatos na \u00e9poca [&hellip;]<\/p>\n","protected":false},"author":1,"featured_media":41214,"comment_status":"closed","ping_status":"open","sticky":false,"template":"","format":"standard","meta":{"footnotes":""},"categories":[178,110],"tags":[],"class_list":["post-41209","post","type-post","status-publish","format-standard","has-post-thumbnail","hentry","category-notadefalecimento","category-noticiasdestaque"],"_links":{"self":[{"href":"https:\/\/jorgezanoni.com.br\/2019\/wp-json\/wp\/v2\/posts\/41209","targetHints":{"allow":["GET"]}}],"collection":[{"href":"https:\/\/jorgezanoni.com.br\/2019\/wp-json\/wp\/v2\/posts"}],"about":[{"href":"https:\/\/jorgezanoni.com.br\/2019\/wp-json\/wp\/v2\/types\/post"}],"author":[{"embeddable":true,"href":"https:\/\/jorgezanoni.com.br\/2019\/wp-json\/wp\/v2\/users\/1"}],"replies":[{"embeddable":true,"href":"https:\/\/jorgezanoni.com.br\/2019\/wp-json\/wp\/v2\/comments?post=41209"}],"version-history":[{"count":0,"href":"https:\/\/jorgezanoni.com.br\/2019\/wp-json\/wp\/v2\/posts\/41209\/revisions"}],"wp:featuredmedia":[{"embeddable":true,"href":"https:\/\/jorgezanoni.com.br\/2019\/wp-json\/wp\/v2\/media\/41214"}],"wp:attachment":[{"href":"https:\/\/jorgezanoni.com.br\/2019\/wp-json\/wp\/v2\/media?parent=41209"}],"wp:term":[{"taxonomy":"category","embeddable":true,"href":"https:\/\/jorgezanoni.com.br\/2019\/wp-json\/wp\/v2\/categories?post=41209"},{"taxonomy":"post_tag","embeddable":true,"href":"https:\/\/jorgezanoni.com.br\/2019\/wp-json\/wp\/v2\/tags?post=41209"}],"curies":[{"name":"wp","href":"https:\/\/api.w.org\/{rel}","templated":true}]}}