{"id":41198,"date":"2021-01-06T17:14:10","date_gmt":"2021-01-06T17:14:10","guid":{"rendered":"https:\/\/jorgezanoni.com.br\/2019\/?p=41198"},"modified":"2021-01-06T17:14:10","modified_gmt":"2021-01-06T17:14:10","slug":"se-voce-pensa-que-ta-ruim-pode-piorar","status":"publish","type":"post","link":"https:\/\/jorgezanoni.com.br\/2019\/se-voce-pensa-que-ta-ruim-pode-piorar\/","title":{"rendered":"Se voc\u00ea pensa que t\u00e1 ruim, pode piorar&#8230;"},"content":{"rendered":"<p style=\"text-align: justify;\"><strong>SE VOC\u00ca PENSA QUE T\u00c1 RUIM, PODE PIORAR&#8230;<\/strong><\/p>\n<p style=\"text-align: justify;\"><strong><em>\u201cO \u00faltimo ref\u00fagio do oprimido \u00e9 a ironia, e nenhum tirano, por mais violento que seja, escapa a ela. O tirano pode evitar uma fotografia, n\u00e3o pode impedir uma caricatura. A morda\u00e7a aumenta a mordacidade.\u201d (<\/em><\/strong><a href=\"https:\/\/www.pensador.com\/autor\/millor_fernandes\/\"><strong><em>Mill\u00f4r Fernandes<\/em><\/strong><\/a><strong><em>)<\/em><\/strong><\/p>\n<p style=\"text-align: justify;\"><strong>S\u00e9rgio Barbosa (*)<\/strong><\/p>\n<p style=\"text-align: justify;\">Pode-se afirmar que este NOVO ANO VELHO que est\u00e1 iniciando tem tudo pra repetir os DESENCONTROS que ocorreram no ano passado e assim por diante, ou seja, tudo indica que o PA\u00cdS DO FAZ DE CONTA vai manter o mesmo RITMO DE RETROCESSO em tempo de BOZZONARO com seus COISOS com COISAS&#8230;<\/p>\n<p style=\"text-align: justify;\">Tamb\u00e9m, nada se pode esperar dos POL\u00cdTICOS em todas as esferas do PODER INSTITUCIONALIZADO nas \u00e1reas MUNICIPAL, ESTADUAL E FEDERAL, bem como, nos outros poderes de apoio com o toque os URUBUS TOGADOS&#8230;<\/p>\n<p style=\"text-align: justify;\">Portanto, VOC\u00ca pode ficar mais ou menos de acordo com aquele dito popular que afirma: A MELHOR DEFESA \u00c9 O ATAQUE&#8230;<\/p>\n<p style=\"text-align: justify;\">Assim, cada qual deve saber por onde seguir nesta ESTRADA sem LUZ no final deste t\u00fanel, tendo em vista que existe um MINIST\u00c9RIO DE IN\u00daTEIS na composi\u00e7\u00e3o sem medidas do COISO dos COISOS&#8230;<\/p>\n<p style=\"text-align: justify;\">Todas as possibilidades de conex\u00e3o entre os interesses comunit\u00e1rios foram DESCONSIDERADAS pelo DESGOVERNO BOZZONARO, se bem que tais decis\u00f5es est\u00e3o de acordo com o esperado com tantas MENTES BOVINAS no comando disto ou daquilo e ponto quase final&#8230;<\/p>\n<p style=\"text-align: justify;\">Tais considera\u00e7\u00f5es mediadas pela IRONIA frente ao PODER INSTITUCIONALIZADO deve ser avaliada ou avalizada de acordo com o cen\u00e1rio atual deste PA\u00cdS DO FAZ DE CONTA em n\u00edvel GLOCAL, ou seja, do GLOBAL PARA O LOCAL em tempo de P\u00d3S-GLOBALIZA\u00c7\u00c3O MIDI\u00c1TICA&#8230;<\/p>\n<p style=\"text-align: justify;\">A popula\u00e7\u00e3o em geral continua na expectativa da VACINA de um jeito ou de outro, entretanto, este DESGOVERNO BOZZONARO trabalha contra tal possibilidade em todas as \u00e1reas, bem como, usando e abusando da DESINFORMA\u00c7\u00c3O com apoio das MENTES BOVINAS espalhadas nesta vasta PASTAGEM&#8230;<\/p>\n<p style=\"text-align: justify;\">Espera-se que o BERRANTE em algum momento possa ser ENTUPIDO com tantas BABAQUICES sobre o contexto em tempo de PANDEMIA, todavia, como afirmou o pensador do outro tempo, SE VOC\u00ca PENSA QUE T\u00c1 RUIM, PODE PIORAR&#8230;<\/p>\n<p style=\"text-align: justify;\">Al\u00e9m do mais em meio ao tudo de menos, as CONTRADI\u00c7\u00d5ES s\u00e3o necess\u00e1rias em todas as \u00e1reas afins ao mesmo objetivo, por\u00e9m, neste CEN\u00c1RIO em que este PA\u00cdS DO FAZ DE CONTA se encontra, pode-se afirmar que estamos no FUNDO DO PO\u00c7O e sem nenhum APOIO para tentar e muito menos sair desta ARMADILHA proporcionada pela DEMOCRACIA&#8230;<\/p>\n<p style=\"text-align: justify;\">EU AVISEI! ELLE N\u00c3O! O COISO!<\/p>\n<p style=\"text-align: justify;\"><strong><em>_________________________<\/em><\/strong><\/p>\n<p style=\"text-align: justify;\"><strong><em>(*) jornalista diplomado e professor universit\u00e1rio.<\/em><\/strong><\/p>\n<p style=\"text-align: justify;\">\n<p style=\"text-align: justify;\">\n<p style=\"text-align: justify;\">\n<p style=\"text-align: justify;\">\n<p style=\"text-align: justify;\">\n","protected":false},"excerpt":{"rendered":"<p>SE VOC\u00ca PENSA QUE T\u00c1 RUIM, PODE PIORAR&#8230; \u201cO \u00faltimo ref\u00fagio do oprimido \u00e9 a ironia, e nenhum tirano, por mais violento que seja, escapa a ela. O tirano pode evitar uma fotografia, n\u00e3o pode impedir uma caricatura. A morda\u00e7a aumenta a mordacidade.\u201d (Mill\u00f4r Fernandes) S\u00e9rgio Barbosa (*) Pode-se afirmar que este NOVO ANO VELHO [&hellip;]<\/p>\n","protected":false},"author":1,"featured_media":41199,"comment_status":"closed","ping_status":"open","sticky":false,"template":"","format":"standard","meta":{"footnotes":""},"categories":[175],"tags":[],"class_list":["post-41198","post","type-post","status-publish","format-standard","has-post-thumbnail","hentry","category-artigos"],"_links":{"self":[{"href":"https:\/\/jorgezanoni.com.br\/2019\/wp-json\/wp\/v2\/posts\/41198","targetHints":{"allow":["GET"]}}],"collection":[{"href":"https:\/\/jorgezanoni.com.br\/2019\/wp-json\/wp\/v2\/posts"}],"about":[{"href":"https:\/\/jorgezanoni.com.br\/2019\/wp-json\/wp\/v2\/types\/post"}],"author":[{"embeddable":true,"href":"https:\/\/jorgezanoni.com.br\/2019\/wp-json\/wp\/v2\/users\/1"}],"replies":[{"embeddable":true,"href":"https:\/\/jorgezanoni.com.br\/2019\/wp-json\/wp\/v2\/comments?post=41198"}],"version-history":[{"count":0,"href":"https:\/\/jorgezanoni.com.br\/2019\/wp-json\/wp\/v2\/posts\/41198\/revisions"}],"wp:featuredmedia":[{"embeddable":true,"href":"https:\/\/jorgezanoni.com.br\/2019\/wp-json\/wp\/v2\/media\/41199"}],"wp:attachment":[{"href":"https:\/\/jorgezanoni.com.br\/2019\/wp-json\/wp\/v2\/media?parent=41198"}],"wp:term":[{"taxonomy":"category","embeddable":true,"href":"https:\/\/jorgezanoni.com.br\/2019\/wp-json\/wp\/v2\/categories?post=41198"},{"taxonomy":"post_tag","embeddable":true,"href":"https:\/\/jorgezanoni.com.br\/2019\/wp-json\/wp\/v2\/tags?post=41198"}],"curies":[{"name":"wp","href":"https:\/\/api.w.org\/{rel}","templated":true}]}}