{"id":4118,"date":"2019-08-20T00:36:28","date_gmt":"2019-08-20T00:36:28","guid":{"rendered":"https:\/\/jorgezanoni.com.br\/2019\/?p=4118"},"modified":"2019-08-20T00:36:28","modified_gmt":"2019-08-20T00:36:28","slug":"lancado-a-frente-parlamentar-dos-consorcios-e-associacoes-intermunicipais-na-alesp","status":"publish","type":"post","link":"https:\/\/jorgezanoni.com.br\/2019\/lancado-a-frente-parlamentar-dos-consorcios-e-associacoes-intermunicipais-na-alesp\/","title":{"rendered":"Lan\u00e7ado a Frente Parlamentar dos Cons\u00f3rcios e Associa\u00e7\u00f5es Intermunicipais na ALESP"},"content":{"rendered":"<p><img loading=\"lazy\" decoding=\"async\" class=\"alignnone size-full wp-image-4119\" src=\"https:\/\/jorgezanoni.com.br\/2019\/wp-content\/uploads\/2019\/08\/frente.jpg\" alt=\"\" width=\"1280\" height=\"720\" srcset=\"https:\/\/jorgezanoni.com.br\/2019\/wp-content\/uploads\/2019\/08\/frente.jpg 1280w, https:\/\/jorgezanoni.com.br\/2019\/wp-content\/uploads\/2019\/08\/frente-300x169.jpg 300w, https:\/\/jorgezanoni.com.br\/2019\/wp-content\/uploads\/2019\/08\/frente-768x432.jpg 768w, https:\/\/jorgezanoni.com.br\/2019\/wp-content\/uploads\/2019\/08\/frente-1024x576.jpg 1024w, https:\/\/jorgezanoni.com.br\/2019\/wp-content\/uploads\/2019\/08\/frente-696x392.jpg 696w, https:\/\/jorgezanoni.com.br\/2019\/wp-content\/uploads\/2019\/08\/frente-1068x601.jpg 1068w, https:\/\/jorgezanoni.com.br\/2019\/wp-content\/uploads\/2019\/08\/frente-747x420.jpg 747w\" sizes=\"auto, (max-width: 1280px) 100vw, 1280px\" \/><\/p>\n<p style=\"text-align: justify;\">Cerca de 200 pessoas participaram do lan\u00e7amento da Frente Parlamentar dos Cons\u00f3rcios e Associa\u00e7\u00f5es Intermunicipais na\u00a0<a class=\"profileLink\" href=\"https:\/\/www.facebook.com\/assembleiasp\/?__tn__=K-R&amp;eid=ARC5KJJd34Gsmx0xgy-tTxooCFMmkjW8B0lyBMxydR5aqjU_bvsZhuX6DaQYapH04GbfqZ9pZg1yisFY&amp;fref=mentions&amp;__xts__%5B0%5D=68.ARBhPwZEVFzAK_6YVWwqJVYgC2hxrsduVgFkHHm7mGDN_VihcCCpoTFaR-5eIYhITKICYkEJtruYRKXmkBU-vJR5jeq7ntCGy5qJ742qlBxndrz8XMDiXFt9hemaIHy28genT06Ihj48fxmBltAP5H9xkZof8I8qS7Et5jk4Adcti_kXLzCEV0GvhWqu1zOnx05wYq-yahuD3KBHU-AM69fw4FiPI3xreFNcypD4N7jYiWC-XkTutY3eEnUlZtYpldowjfyEOdSK84PSXDZuFeeN0cN4orKhS-IGn0MQWhtTR15EP3SYFlAkBtBfsQWFNbRv5GkEQiJzXpodgQmGeRAixA\" data-hovercard=\"\/ajax\/hovercard\/page.php?id=154245591304344&amp;extragetparams=%7B%22__tn__%22%3A%22%2CdK-R-R%22%2C%22eid%22%3A%22ARC5KJJd34Gsmx0xgy-tTxooCFMmkjW8B0lyBMxydR5aqjU_bvsZhuX6DaQYapH04GbfqZ9pZg1yisFY%22%2C%22fref%22%3A%22mentions%22%7D\" data-hovercard-prefer-more-content-show=\"1\">Assembleia Legislativa de S\u00e3o Paulo<\/a>. A composi\u00e7\u00e3o, que ser\u00e1 coordenada pelo deputado estadual Mauro Bragato, tem o objetivo de incentivar os gestores municipais a se organizarem em cons\u00f3rcios p\u00fablicos para atender as necessidades locais e regionais. O evento contou com a participa\u00e7\u00e3o do secret\u00e1rio estadual de Desenvolvimento Regional, <a class=\"profileLink\" href=\"https:\/\/www.facebook.com\/marco.vinholi\/?__tn__=K-R&amp;eid=ARAz4XK75qscLaSND5Lf8r0gueqUzPcXWsSz3kfxx6-1JX2iiLOfhc6YF4MseAo314qiy0qjCOT0xc5m&amp;fref=mentions&amp;__xts__%5B0%5D=68.ARBhPwZEVFzAK_6YVWwqJVYgC2hxrsduVgFkHHm7mGDN_VihcCCpoTFaR-5eIYhITKICYkEJtruYRKXmkBU-vJR5jeq7ntCGy5qJ742qlBxndrz8XMDiXFt9hemaIHy28genT06Ihj48fxmBltAP5H9xkZof8I8qS7Et5jk4Adcti_kXLzCEV0GvhWqu1zOnx05wYq-yahuD3KBHU-AM69fw4FiPI3xreFNcypD4N7jYiWC-XkTutY3eEnUlZtYpldowjfyEOdSK84PSXDZuFeeN0cN4orKhS-IGn0MQWhtTR15EP3SYFlAkBtBfsQWFNbRv5GkEQiJzXpodgQmGeRAixA\" data-hovercard=\"\/ajax\/hovercard\/page.php?id=484581108288641&amp;extragetparams=%7B%22__tn__%22%3A%22%2CdK-R-R%22%2C%22eid%22%3A%22ARAz4XK75qscLaSND5Lf8r0gueqUzPcXWsSz3kfxx6-1JX2iiLOfhc6YF4MseAo314qiy0qjCOT0xc5m%22%2C%22fref%22%3A%22mentions%22%7D\" data-hovercard-prefer-more-content-show=\"1\">Marco Vinholi<\/a>, e lideran\u00e7as do segmento.<\/p>\n<p><img loading=\"lazy\" decoding=\"async\" class=\"alignnone size-full wp-image-4120\" src=\"https:\/\/jorgezanoni.com.br\/2019\/wp-content\/uploads\/2019\/08\/frente4.jpg\" alt=\"\" width=\"960\" height=\"640\" srcset=\"https:\/\/jorgezanoni.com.br\/2019\/wp-content\/uploads\/2019\/08\/frente4.jpg 960w, https:\/\/jorgezanoni.com.br\/2019\/wp-content\/uploads\/2019\/08\/frente4-300x200.jpg 300w, https:\/\/jorgezanoni.com.br\/2019\/wp-content\/uploads\/2019\/08\/frente4-768x512.jpg 768w, https:\/\/jorgezanoni.com.br\/2019\/wp-content\/uploads\/2019\/08\/frente4-696x464.jpg 696w, https:\/\/jorgezanoni.com.br\/2019\/wp-content\/uploads\/2019\/08\/frente4-630x420.jpg 630w\" sizes=\"auto, (max-width: 960px) 100vw, 960px\" \/><\/p>\n<p style=\"text-align: justify;\">Tamb\u00e9m houve a realiza\u00e7\u00e3o do Semin\u00e1rio Estadual de Cons\u00f3rcios Intermunicipais e Coopera\u00e7\u00e3o Regional e o lan\u00e7amento do livro \u201cCons\u00f3rcios Intermunicipais e Pol\u00edticas P\u00fablicas Regionais\u201d.<\/p>\n<p><img loading=\"lazy\" decoding=\"async\" class=\"alignnone size-full wp-image-4121\" src=\"https:\/\/jorgezanoni.com.br\/2019\/wp-content\/uploads\/2019\/08\/frente5.jpg\" alt=\"\" width=\"960\" height=\"640\" srcset=\"https:\/\/jorgezanoni.com.br\/2019\/wp-content\/uploads\/2019\/08\/frente5.jpg 960w, https:\/\/jorgezanoni.com.br\/2019\/wp-content\/uploads\/2019\/08\/frente5-300x200.jpg 300w, https:\/\/jorgezanoni.com.br\/2019\/wp-content\/uploads\/2019\/08\/frente5-768x512.jpg 768w, https:\/\/jorgezanoni.com.br\/2019\/wp-content\/uploads\/2019\/08\/frente5-696x464.jpg 696w, https:\/\/jorgezanoni.com.br\/2019\/wp-content\/uploads\/2019\/08\/frente5-630x420.jpg 630w\" sizes=\"auto, (max-width: 960px) 100vw, 960px\" \/><\/p>\n<p style=\"text-align: justify;\">As atividades, que foram realizadas em parceira com a @AssociaAPM (Associa\u00e7\u00e3o Paulista de Munic\u00edpios), com as Redes Nacional e Estadual de Cons\u00f3rcios P\u00fablicos, a\u00a0<a class=\"profileLink\" href=\"https:\/\/www.facebook.com\/oficinamunicipal\/?__tn__=K-R&amp;eid=ARBxKd4HxlCS9EyAj78HT7YmTcR9qEqpri9IqoZcvgFcU4zkLf4Id_bpTCpFoH87Xyfxdq0493fswXou&amp;fref=mentions&amp;__xts__%5B0%5D=68.ARBhPwZEVFzAK_6YVWwqJVYgC2hxrsduVgFkHHm7mGDN_VihcCCpoTFaR-5eIYhITKICYkEJtruYRKXmkBU-vJR5jeq7ntCGy5qJ742qlBxndrz8XMDiXFt9hemaIHy28genT06Ihj48fxmBltAP5H9xkZof8I8qS7Et5jk4Adcti_kXLzCEV0GvhWqu1zOnx05wYq-yahuD3KBHU-AM69fw4FiPI3xreFNcypD4N7jYiWC-XkTutY3eEnUlZtYpldowjfyEOdSK84PSXDZuFeeN0cN4orKhS-IGn0MQWhtTR15EP3SYFlAkBtBfsQWFNbRv5GkEQiJzXpodgQmGeRAixA\" data-hovercard=\"\/ajax\/hovercard\/page.php?id=201030166604963&amp;extragetparams=%7B%22__tn__%22%3A%22%2CdK-R-R%22%2C%22eid%22%3A%22ARBxKd4HxlCS9EyAj78HT7YmTcR9qEqpri9IqoZcvgFcU4zkLf4Id_bpTCpFoH87Xyfxdq0493fswXou%22%2C%22fref%22%3A%22mentions%22%7D\" data-hovercard-prefer-more-content-show=\"1\">Oficina Municipal<\/a>\u00a0e a\u00a0<a class=\"profileLink\" href=\"https:\/\/www.facebook.com\/KAS.Brasil\/?__tn__=K-R&amp;eid=ARBwa3Y7tFwp_Lw0y3NkkrxhiH94ApVfTuiooHeKzvO88P47n1t0jGfIK4yAidfv1tIYzUOcly-8qN1j&amp;fref=mentions&amp;__xts__%5B0%5D=68.ARBhPwZEVFzAK_6YVWwqJVYgC2hxrsduVgFkHHm7mGDN_VihcCCpoTFaR-5eIYhITKICYkEJtruYRKXmkBU-vJR5jeq7ntCGy5qJ742qlBxndrz8XMDiXFt9hemaIHy28genT06Ihj48fxmBltAP5H9xkZof8I8qS7Et5jk4Adcti_kXLzCEV0GvhWqu1zOnx05wYq-yahuD3KBHU-AM69fw4FiPI3xreFNcypD4N7jYiWC-XkTutY3eEnUlZtYpldowjfyEOdSK84PSXDZuFeeN0cN4orKhS-IGn0MQWhtTR15EP3SYFlAkBtBfsQWFNbRv5GkEQiJzXpodgQmGeRAixA\" data-hovercard=\"\/ajax\/hovercard\/page.php?id=235390123165666&amp;extragetparams=%7B%22__tn__%22%3A%22%2CdK-R-R%22%2C%22eid%22%3A%22ARBwa3Y7tFwp_Lw0y3NkkrxhiH94ApVfTuiooHeKzvO88P47n1t0jGfIK4yAidfv1tIYzUOcly-8qN1j%22%2C%22fref%22%3A%22mentions%22%7D\" data-hovercard-prefer-more-content-show=\"1\">Funda\u00e7\u00e3o Konrad Adenauer Brasil<\/a>\u00a0com o prop\u00f3sito de capacitar os gestores para melhorar a articula\u00e7\u00e3o pol\u00edtica e gest\u00e3o p\u00fablica entre os munic\u00edpios.<\/p>\n<p><img loading=\"lazy\" decoding=\"async\" class=\"alignnone size-full wp-image-4122\" src=\"https:\/\/jorgezanoni.com.br\/2019\/wp-content\/uploads\/2019\/08\/frente11.jpg\" alt=\"\" width=\"960\" height=\"640\" srcset=\"https:\/\/jorgezanoni.com.br\/2019\/wp-content\/uploads\/2019\/08\/frente11.jpg 960w, https:\/\/jorgezanoni.com.br\/2019\/wp-content\/uploads\/2019\/08\/frente11-300x200.jpg 300w, https:\/\/jorgezanoni.com.br\/2019\/wp-content\/uploads\/2019\/08\/frente11-768x512.jpg 768w, https:\/\/jorgezanoni.com.br\/2019\/wp-content\/uploads\/2019\/08\/frente11-696x464.jpg 696w, https:\/\/jorgezanoni.com.br\/2019\/wp-content\/uploads\/2019\/08\/frente11-630x420.jpg 630w\" sizes=\"auto, (max-width: 960px) 100vw, 960px\" \/><\/p>\n<p><img loading=\"lazy\" decoding=\"async\" class=\"alignnone size-full wp-image-4123\" src=\"https:\/\/jorgezanoni.com.br\/2019\/wp-content\/uploads\/2019\/08\/frente2.jpg\" alt=\"\" width=\"960\" height=\"640\" srcset=\"https:\/\/jorgezanoni.com.br\/2019\/wp-content\/uploads\/2019\/08\/frente2.jpg 960w, https:\/\/jorgezanoni.com.br\/2019\/wp-content\/uploads\/2019\/08\/frente2-300x200.jpg 300w, https:\/\/jorgezanoni.com.br\/2019\/wp-content\/uploads\/2019\/08\/frente2-768x512.jpg 768w, https:\/\/jorgezanoni.com.br\/2019\/wp-content\/uploads\/2019\/08\/frente2-696x464.jpg 696w, https:\/\/jorgezanoni.com.br\/2019\/wp-content\/uploads\/2019\/08\/frente2-630x420.jpg 630w\" sizes=\"auto, (max-width: 960px) 100vw, 960px\" \/> <img loading=\"lazy\" decoding=\"async\" class=\"alignnone size-full wp-image-4124\" src=\"https:\/\/jorgezanoni.com.br\/2019\/wp-content\/uploads\/2019\/08\/frente3.jpg\" alt=\"\" width=\"960\" height=\"640\" srcset=\"https:\/\/jorgezanoni.com.br\/2019\/wp-content\/uploads\/2019\/08\/frente3.jpg 960w, https:\/\/jorgezanoni.com.br\/2019\/wp-content\/uploads\/2019\/08\/frente3-300x200.jpg 300w, https:\/\/jorgezanoni.com.br\/2019\/wp-content\/uploads\/2019\/08\/frente3-768x512.jpg 768w, https:\/\/jorgezanoni.com.br\/2019\/wp-content\/uploads\/2019\/08\/frente3-696x464.jpg 696w, https:\/\/jorgezanoni.com.br\/2019\/wp-content\/uploads\/2019\/08\/frente3-630x420.jpg 630w\" sizes=\"auto, (max-width: 960px) 100vw, 960px\" \/><\/p>\n<p><img loading=\"lazy\" decoding=\"async\" class=\"alignnone size-full wp-image-4125\" src=\"https:\/\/jorgezanoni.com.br\/2019\/wp-content\/uploads\/2019\/08\/frente6.jpg\" alt=\"\" width=\"960\" height=\"640\" srcset=\"https:\/\/jorgezanoni.com.br\/2019\/wp-content\/uploads\/2019\/08\/frente6.jpg 960w, https:\/\/jorgezanoni.com.br\/2019\/wp-content\/uploads\/2019\/08\/frente6-300x200.jpg 300w, https:\/\/jorgezanoni.com.br\/2019\/wp-content\/uploads\/2019\/08\/frente6-768x512.jpg 768w, https:\/\/jorgezanoni.com.br\/2019\/wp-content\/uploads\/2019\/08\/frente6-696x464.jpg 696w, https:\/\/jorgezanoni.com.br\/2019\/wp-content\/uploads\/2019\/08\/frente6-630x420.jpg 630w\" sizes=\"auto, (max-width: 960px) 100vw, 960px\" \/> <img loading=\"lazy\" decoding=\"async\" class=\"alignnone size-full wp-image-4126\" src=\"https:\/\/jorgezanoni.com.br\/2019\/wp-content\/uploads\/2019\/08\/frente7.jpg\" alt=\"\" width=\"960\" height=\"640\" srcset=\"https:\/\/jorgezanoni.com.br\/2019\/wp-content\/uploads\/2019\/08\/frente7.jpg 960w, https:\/\/jorgezanoni.com.br\/2019\/wp-content\/uploads\/2019\/08\/frente7-300x200.jpg 300w, https:\/\/jorgezanoni.com.br\/2019\/wp-content\/uploads\/2019\/08\/frente7-768x512.jpg 768w, https:\/\/jorgezanoni.com.br\/2019\/wp-content\/uploads\/2019\/08\/frente7-696x464.jpg 696w, https:\/\/jorgezanoni.com.br\/2019\/wp-content\/uploads\/2019\/08\/frente7-630x420.jpg 630w\" sizes=\"auto, (max-width: 960px) 100vw, 960px\" \/> <img loading=\"lazy\" decoding=\"async\" class=\"alignnone size-full wp-image-4127\" src=\"https:\/\/jorgezanoni.com.br\/2019\/wp-content\/uploads\/2019\/08\/frente8.jpg\" alt=\"\" width=\"960\" height=\"640\" srcset=\"https:\/\/jorgezanoni.com.br\/2019\/wp-content\/uploads\/2019\/08\/frente8.jpg 960w, https:\/\/jorgezanoni.com.br\/2019\/wp-content\/uploads\/2019\/08\/frente8-300x200.jpg 300w, https:\/\/jorgezanoni.com.br\/2019\/wp-content\/uploads\/2019\/08\/frente8-768x512.jpg 768w, https:\/\/jorgezanoni.com.br\/2019\/wp-content\/uploads\/2019\/08\/frente8-696x464.jpg 696w, https:\/\/jorgezanoni.com.br\/2019\/wp-content\/uploads\/2019\/08\/frente8-630x420.jpg 630w\" sizes=\"auto, (max-width: 960px) 100vw, 960px\" \/> <img loading=\"lazy\" decoding=\"async\" class=\"alignnone size-full wp-image-4128\" src=\"https:\/\/jorgezanoni.com.br\/2019\/wp-content\/uploads\/2019\/08\/frente9.jpg\" alt=\"\" width=\"960\" height=\"640\" srcset=\"https:\/\/jorgezanoni.com.br\/2019\/wp-content\/uploads\/2019\/08\/frente9.jpg 960w, https:\/\/jorgezanoni.com.br\/2019\/wp-content\/uploads\/2019\/08\/frente9-300x200.jpg 300w, https:\/\/jorgezanoni.com.br\/2019\/wp-content\/uploads\/2019\/08\/frente9-768x512.jpg 768w, https:\/\/jorgezanoni.com.br\/2019\/wp-content\/uploads\/2019\/08\/frente9-696x464.jpg 696w, https:\/\/jorgezanoni.com.br\/2019\/wp-content\/uploads\/2019\/08\/frente9-630x420.jpg 630w\" sizes=\"auto, (max-width: 960px) 100vw, 960px\" \/><\/p>\n<p><img loading=\"lazy\" decoding=\"async\" class=\"alignnone size-full wp-image-4129\" src=\"https:\/\/jorgezanoni.com.br\/2019\/wp-content\/uploads\/2019\/08\/frente10.jpg\" alt=\"\" width=\"960\" height=\"640\" srcset=\"https:\/\/jorgezanoni.com.br\/2019\/wp-content\/uploads\/2019\/08\/frente10.jpg 960w, https:\/\/jorgezanoni.com.br\/2019\/wp-content\/uploads\/2019\/08\/frente10-300x200.jpg 300w, https:\/\/jorgezanoni.com.br\/2019\/wp-content\/uploads\/2019\/08\/frente10-768x512.jpg 768w, https:\/\/jorgezanoni.com.br\/2019\/wp-content\/uploads\/2019\/08\/frente10-696x464.jpg 696w, https:\/\/jorgezanoni.com.br\/2019\/wp-content\/uploads\/2019\/08\/frente10-630x420.jpg 630w\" sizes=\"auto, (max-width: 960px) 100vw, 960px\" \/> <img loading=\"lazy\" decoding=\"async\" class=\"alignnone size-full wp-image-4131\" src=\"https:\/\/jorgezanoni.com.br\/2019\/wp-content\/uploads\/2019\/08\/frente12.jpg\" alt=\"\" width=\"960\" height=\"640\" srcset=\"https:\/\/jorgezanoni.com.br\/2019\/wp-content\/uploads\/2019\/08\/frente12.jpg 960w, https:\/\/jorgezanoni.com.br\/2019\/wp-content\/uploads\/2019\/08\/frente12-300x200.jpg 300w, https:\/\/jorgezanoni.com.br\/2019\/wp-content\/uploads\/2019\/08\/frente12-768x512.jpg 768w, https:\/\/jorgezanoni.com.br\/2019\/wp-content\/uploads\/2019\/08\/frente12-696x464.jpg 696w, https:\/\/jorgezanoni.com.br\/2019\/wp-content\/uploads\/2019\/08\/frente12-630x420.jpg 630w\" sizes=\"auto, (max-width: 960px) 100vw, 960px\" \/><\/p>\n<p>Fonte: Assessoria do Dep.Mauro Bragato<\/p>\n","protected":false},"excerpt":{"rendered":"<p>Cerca de 200 pessoas participaram do lan\u00e7amento da Frente Parlamentar dos Cons\u00f3rcios e Associa\u00e7\u00f5es Intermunicipais na\u00a0Assembleia Legislativa de S\u00e3o Paulo. A composi\u00e7\u00e3o, que ser\u00e1 coordenada pelo deputado estadual Mauro Bragato, tem o objetivo de incentivar os gestores municipais a se organizarem em cons\u00f3rcios p\u00fablicos para atender as necessidades locais e regionais. O evento contou com [&hellip;]<\/p>\n","protected":false},"author":1,"featured_media":4132,"comment_status":"closed","ping_status":"open","sticky":false,"template":"","format":"standard","meta":{"footnotes":""},"categories":[116],"tags":[],"class_list":["post-4118","post","type-post","status-publish","format-standard","has-post-thumbnail","hentry","category-politicaeeconomia"],"_links":{"self":[{"href":"https:\/\/jorgezanoni.com.br\/2019\/wp-json\/wp\/v2\/posts\/4118","targetHints":{"allow":["GET"]}}],"collection":[{"href":"https:\/\/jorgezanoni.com.br\/2019\/wp-json\/wp\/v2\/posts"}],"about":[{"href":"https:\/\/jorgezanoni.com.br\/2019\/wp-json\/wp\/v2\/types\/post"}],"author":[{"embeddable":true,"href":"https:\/\/jorgezanoni.com.br\/2019\/wp-json\/wp\/v2\/users\/1"}],"replies":[{"embeddable":true,"href":"https:\/\/jorgezanoni.com.br\/2019\/wp-json\/wp\/v2\/comments?post=4118"}],"version-history":[{"count":0,"href":"https:\/\/jorgezanoni.com.br\/2019\/wp-json\/wp\/v2\/posts\/4118\/revisions"}],"wp:featuredmedia":[{"embeddable":true,"href":"https:\/\/jorgezanoni.com.br\/2019\/wp-json\/wp\/v2\/media\/4132"}],"wp:attachment":[{"href":"https:\/\/jorgezanoni.com.br\/2019\/wp-json\/wp\/v2\/media?parent=4118"}],"wp:term":[{"taxonomy":"category","embeddable":true,"href":"https:\/\/jorgezanoni.com.br\/2019\/wp-json\/wp\/v2\/categories?post=4118"},{"taxonomy":"post_tag","embeddable":true,"href":"https:\/\/jorgezanoni.com.br\/2019\/wp-json\/wp\/v2\/tags?post=4118"}],"curies":[{"name":"wp","href":"https:\/\/api.w.org\/{rel}","templated":true}]}}