{"id":4115,"date":"2019-08-19T21:12:46","date_gmt":"2019-08-19T21:12:46","guid":{"rendered":"https:\/\/jorgezanoni.com.br\/2019\/?p=4115"},"modified":"2019-08-19T21:12:46","modified_gmt":"2019-08-19T21:12:46","slug":"acidente-de-transito-foi-registrado-na-manha-desta-segunda-feira","status":"publish","type":"post","link":"https:\/\/jorgezanoni.com.br\/2019\/acidente-de-transito-foi-registrado-na-manha-desta-segunda-feira\/","title":{"rendered":"Acidente de tr\u00e2nsito foi registrado na manh\u00e3 desta segunda-feira"},"content":{"rendered":"<p style=\"text-align: justify;\">Por volta de 08:50 Horas desta segunda-feira (19), a Pol\u00edcia Militar registrou um acidente na avenida Jos\u00e9 Bonif\u00e1cio esquina com Medardo Belintani.<\/p>\n<p style=\"text-align: justify;\">Segundo informa\u00e7\u00f5es uma Parati placas de Dracena fazia o sentido centro-bairro pela avenida e uma Motocicleta tamb\u00e9m com placa de Dracena fazia o sentido inverso.<\/p>\n<p style=\"text-align: justify;\">Quando a Parati foi adentrar o estacionamento de um Supermercado acabou interceptando a moto e houve a batida. O motociclista foi ao solo e sofreu ferimentos de natureza leve.<\/p>\n<p style=\"text-align: justify;\">Jorge Zanoni<\/p>\n<p style=\"text-align: justify;\">Foto de Internauta<\/p>\n","protected":false},"excerpt":{"rendered":"<p>Por volta de 08:50 Horas desta segunda-feira (19), a Pol\u00edcia Militar registrou um acidente na avenida Jos\u00e9 Bonif\u00e1cio esquina com Medardo Belintani. Segundo informa\u00e7\u00f5es uma Parati placas de Dracena fazia o sentido centro-bairro pela avenida e uma Motocicleta tamb\u00e9m com placa de Dracena fazia o sentido inverso. Quando a Parati foi adentrar o estacionamento de [&hellip;]<\/p>\n","protected":false},"author":1,"featured_media":4116,"comment_status":"closed","ping_status":"open","sticky":false,"template":"","format":"standard","meta":{"footnotes":""},"categories":[170],"tags":[],"class_list":["post-4115","post","type-post","status-publish","format-standard","has-post-thumbnail","hentry","category-acidentes"],"_links":{"self":[{"href":"https:\/\/jorgezanoni.com.br\/2019\/wp-json\/wp\/v2\/posts\/4115","targetHints":{"allow":["GET"]}}],"collection":[{"href":"https:\/\/jorgezanoni.com.br\/2019\/wp-json\/wp\/v2\/posts"}],"about":[{"href":"https:\/\/jorgezanoni.com.br\/2019\/wp-json\/wp\/v2\/types\/post"}],"author":[{"embeddable":true,"href":"https:\/\/jorgezanoni.com.br\/2019\/wp-json\/wp\/v2\/users\/1"}],"replies":[{"embeddable":true,"href":"https:\/\/jorgezanoni.com.br\/2019\/wp-json\/wp\/v2\/comments?post=4115"}],"version-history":[{"count":0,"href":"https:\/\/jorgezanoni.com.br\/2019\/wp-json\/wp\/v2\/posts\/4115\/revisions"}],"wp:featuredmedia":[{"embeddable":true,"href":"https:\/\/jorgezanoni.com.br\/2019\/wp-json\/wp\/v2\/media\/4116"}],"wp:attachment":[{"href":"https:\/\/jorgezanoni.com.br\/2019\/wp-json\/wp\/v2\/media?parent=4115"}],"wp:term":[{"taxonomy":"category","embeddable":true,"href":"https:\/\/jorgezanoni.com.br\/2019\/wp-json\/wp\/v2\/categories?post=4115"},{"taxonomy":"post_tag","embeddable":true,"href":"https:\/\/jorgezanoni.com.br\/2019\/wp-json\/wp\/v2\/tags?post=4115"}],"curies":[{"name":"wp","href":"https:\/\/api.w.org\/{rel}","templated":true}]}}