{"id":41137,"date":"2021-01-05T00:25:55","date_gmt":"2021-01-05T00:25:55","guid":{"rendered":"https:\/\/jorgezanoni.com.br\/2019\/?p=41137"},"modified":"2021-01-05T00:25:55","modified_gmt":"2021-01-05T00:25:55","slug":"apos-manifestacao-de-bragato-secretario-estadual-de-saude-autoriza-retorno-da-estrutura-hospitalar-de-prudente","status":"publish","type":"post","link":"https:\/\/jorgezanoni.com.br\/2019\/apos-manifestacao-de-bragato-secretario-estadual-de-saude-autoriza-retorno-da-estrutura-hospitalar-de-prudente\/","title":{"rendered":"Ap\u00f3s manifesta\u00e7\u00e3o de Bragato, Secret\u00e1rio Estadual de Sa\u00fade autoriza retorno da estrutura hospitalar de Prudente"},"content":{"rendered":"<p style=\"text-align: justify;\">Desde a reclassifica\u00e7\u00e3o da regi\u00e3o da DRS de Prudente para a fase vermelha do Plano S\u00e3o Paulo, o deputado Mauro Bragato, declarou publicamente sua insatisfa\u00e7\u00e3o com a medida, julgando injusto o rebaixamento de fase.<\/p>\n<p style=\"text-align: justify;\">\nDiante da realidade, Bragato enviou of\u00edcio ao governador Jo\u00e3o Doria e ao secret\u00e1rio de sa\u00fade do Estado, Jean Gorenstein, solicitando o retorno da estrutura montada nos hospitais de Presidente Prudente.<\/p>\n<p style=\"text-align: justify;\">\nNa semana passada Bragato j\u00e1 havia anunciado o retorno de 10 leitos de UTI para o Hospital Regional e na tarde desta segunda-feira, 04\/01, o secret\u00e1rio estadual comunicou ao deputado Bragato que seu pedido foi autorizado pelo governador Jo\u00e3o Doria para o retorno do conv\u00eanio com a Santa Casa de Prudente, no valor mensal de R$ 480 mil (SES-EXP-2020\/62697), para custeio dos 10 leitos de UTI por tr\u00eas meses, prorrog\u00e1veis por mais tr\u00eas.<\/p>\n<p style=\"text-align: justify;\">\nAl\u00e9m disso, Bragato solicitou a renova\u00e7\u00e3o do conv\u00eanio com o Hospital do C\u00e2ncer que custeava 80 leitos cl\u00ednicos e 10 leitos de UTI para receber pacientes advindos do HR e tamb\u00e9m foi atendido pelo governador.<\/p>\n<p style=\"text-align: justify;\">\nO conv\u00eanio com o HRCPP tamb\u00e9m foi liberado nesta segunda-feira, no valor de R$ 1,8 milh\u00f5es mensais (SES-EXP-2020\/60266), tamb\u00e9m por tr\u00eas meses e prorrog\u00e1veis.<\/p>\n<p style=\"text-align: justify;\">\nDessa forma a estrutura conquistada pela regi\u00e3o volta ao sua m\u00e1xima capacidade o que deve fazer com que a regi\u00e3o avance de fase no Plano S\u00e3o Paulo e acompanhe o restante do Estado nas classifica\u00e7\u00f5es.<\/p>\n<p style=\"text-align: justify;\">\nBragato ressaltou que o que precisa ser feito no momento at\u00e9 termos uma vacina segura \u00e9 trabalhar sem parar para mantermos nossa estrutura completa e se poss\u00edvel aumenta-la, declarou o parlamentar.<\/p>\n<p style=\"text-align: justify;\">Fonte: Assessoria de comunica\u00e7\u00e3o \u2013 Deputado Mauro Bragato.<\/p>\n","protected":false},"excerpt":{"rendered":"<p>Desde a reclassifica\u00e7\u00e3o da regi\u00e3o da DRS de Prudente para a fase vermelha do Plano S\u00e3o Paulo, o deputado Mauro Bragato, declarou publicamente sua insatisfa\u00e7\u00e3o com a medida, julgando injusto o rebaixamento de fase. Diante da realidade, Bragato enviou of\u00edcio ao governador Jo\u00e3o Doria e ao secret\u00e1rio de sa\u00fade do Estado, Jean Gorenstein, solicitando o [&hellip;]<\/p>\n","protected":false},"author":1,"featured_media":41138,"comment_status":"closed","ping_status":"open","sticky":false,"template":"","format":"standard","meta":{"footnotes":""},"categories":[116],"tags":[],"class_list":["post-41137","post","type-post","status-publish","format-standard","has-post-thumbnail","hentry","category-politicaeeconomia"],"_links":{"self":[{"href":"https:\/\/jorgezanoni.com.br\/2019\/wp-json\/wp\/v2\/posts\/41137","targetHints":{"allow":["GET"]}}],"collection":[{"href":"https:\/\/jorgezanoni.com.br\/2019\/wp-json\/wp\/v2\/posts"}],"about":[{"href":"https:\/\/jorgezanoni.com.br\/2019\/wp-json\/wp\/v2\/types\/post"}],"author":[{"embeddable":true,"href":"https:\/\/jorgezanoni.com.br\/2019\/wp-json\/wp\/v2\/users\/1"}],"replies":[{"embeddable":true,"href":"https:\/\/jorgezanoni.com.br\/2019\/wp-json\/wp\/v2\/comments?post=41137"}],"version-history":[{"count":0,"href":"https:\/\/jorgezanoni.com.br\/2019\/wp-json\/wp\/v2\/posts\/41137\/revisions"}],"wp:featuredmedia":[{"embeddable":true,"href":"https:\/\/jorgezanoni.com.br\/2019\/wp-json\/wp\/v2\/media\/41138"}],"wp:attachment":[{"href":"https:\/\/jorgezanoni.com.br\/2019\/wp-json\/wp\/v2\/media?parent=41137"}],"wp:term":[{"taxonomy":"category","embeddable":true,"href":"https:\/\/jorgezanoni.com.br\/2019\/wp-json\/wp\/v2\/categories?post=41137"},{"taxonomy":"post_tag","embeddable":true,"href":"https:\/\/jorgezanoni.com.br\/2019\/wp-json\/wp\/v2\/tags?post=41137"}],"curies":[{"name":"wp","href":"https:\/\/api.w.org\/{rel}","templated":true}]}}