{"id":41130,"date":"2021-01-04T23:44:36","date_gmt":"2021-01-04T23:44:36","guid":{"rendered":"https:\/\/jorgezanoni.com.br\/2019\/?p=41130"},"modified":"2021-01-04T23:44:36","modified_gmt":"2021-01-04T23:44:36","slug":"carros-sao-atingidos-por-arvore-durante-forte-chuva-em-aracatuba","status":"publish","type":"post","link":"https:\/\/jorgezanoni.com.br\/2019\/carros-sao-atingidos-por-arvore-durante-forte-chuva-em-aracatuba\/","title":{"rendered":"Carros s\u00e3o atingidos por \u00e1rvore durante forte chuva em Ara\u00e7atuba"},"content":{"rendered":"<h2 class=\"content-head__subtitle\" style=\"text-align: justify;\"><strong>Nenhum morador ou motorista ficou ferido. Bombeiros trabalham para cortar e retirar \u00e1rvore da Pra\u00e7a S\u00e3o Joaquim. Rede el\u00e9trica tamb\u00e9m foi afetada.<\/strong><\/h2>\n<div class=\"mc-column content-text active-extra-styles \" data-block-type=\"unstyled\" data-block-weight=\"27\" data-block-id=\"2\">\n<p class=\"content-text__container \" style=\"text-align: justify;\" data-track-category=\"Link no Texto\" data-track-links=\"\">Uma forte chuva derrubou uma \u00e1rvore de grande porte em cima de cinco carros na Pra\u00e7a S\u00e3o Joaquim, em Ara\u00e7atuba (SP), na tarde desta segunda-feira (4).<\/p>\n<\/div>\n<div class=\"wall protected-content\">\n<div class=\"mc-column content-text active-extra-styles \" style=\"text-align: justify;\" data-block-type=\"unstyled\" data-block-weight=\"25\" data-block-id=\"3\">\n<p class=\"content-text__container \" data-track-category=\"Link no Texto\" data-track-links=\"\">De acordo com o Corpo de Bombeiros, um poste de energia el\u00e9trica caiu e atingiu um sexto ve\u00edculo que estava estacionado no mesmo local.<\/p>\n<\/div>\n<div class=\"mc-column content-text active-extra-styles \" data-block-type=\"unstyled\" data-block-weight=\"37\" data-block-id=\"4\">\n<p class=\"content-text__container \" style=\"text-align: justify;\" data-track-category=\"Link no Texto\" data-track-links=\"\">\u201cFoi uma coisa que nunca vi acontecer aqui. O vento foi muito forte. Deu pico de energia. Foi um neg\u00f3cio assustador\u201d, diz Ant\u00f4nio Carlos Pereira Sobrinho, presidente do Sindicato dos Trabalhadores na Constru\u00e7\u00e3o Civil de Ara\u00e7atuba.<\/p>\n<div class=\"mc-column content-text active-extra-styles \" style=\"text-align: justify;\" data-block-type=\"unstyled\" data-block-weight=\"21\" data-block-id=\"6\">\n<p class=\"content-text__container \" data-track-category=\"Link no Texto\" data-track-links=\"\">N\u00e3o houve registro de motoristas ou moradores feridos. No entanto, equipes dos bombeiros foram acionadas para cortar e retirar a \u00e1rvore.<\/p>\n<\/div>\n<div class=\"content-ads content-ads--reveal\" style=\"text-align: justify;\" data-block-type=\"ads\" data-block-id=\"7\">\n<div id=\"banner_materia2\" class=\"tag-manager-publicidade-container mc-has-reveal mc-has-ad-lazyload\" data-id=\"banner_materia2\"><\/div>\n<\/div>\n<div class=\"mc-column content-text active-extra-styles \" style=\"text-align: justify;\" data-block-type=\"unstyled\" data-block-weight=\"28\" data-block-id=\"8\">\n<p class=\"content-text__container \" data-track-category=\"Link no Texto\" data-track-links=\"\">O fornecimento de energia el\u00e9trica precisou ser desligado em duas lojas. A previs\u00e3o \u00e9 de que o fornecimento seja retomado assim que os bombeiros finalizarem o trabalho.<\/p>\n<\/div>\n<div class=\"row medium-uncollapsed content-media content-photo\" style=\"text-align: justify;\" data-block-type=\"backstage-photo\" data-block-id=\"9\">\n<div class=\"mc-column content-media__container\">\n<figure><img decoding=\"async\" class=\"i-amphtml-fill-content i-amphtml-replaced-content\" src=\"https:\/\/s2.glbimg.com\/g8H2QvjnEGR7CBFQlSQT9RX0tJo=\/0x0:1152x560\/984x0\/smart\/filters:strip_icc()\/i.s3.glbimg.com\/v1\/AUTH_59edd422c0c84a879bd37670ae4f538a\/internal_photos\/bs\/2021\/0\/N\/lvnAAWTkCgXOK847tc9Q\/whatsapp-image-2021-01-04-at-16.45.50-1-.jpeg\" sizes=\"(max-width: 1366px) 648px, 100vw\" srcset=\"https:\/\/s2.glbimg.com\/EhwZaXQznMapr7ti0hev6QPZVSI=\/0x0:1152x560\/1000x0\/smart\/filters:strip_icc()\/i.s3.glbimg.com\/v1\/AUTH_59edd422c0c84a879bd37670ae4f538a\/internal_photos\/bs\/2021\/0\/N\/lvnAAWTkCgXOK847tc9Q\/whatsapp-image-2021-01-04-at-16.45.50-1-.jpeg 1000w, https:\/\/s2.glbimg.com\/g8H2QvjnEGR7CBFQlSQT9RX0tJo=\/0x0:1152x560\/984x0\/smart\/filters:strip_icc()\/i.s3.glbimg.com\/v1\/AUTH_59edd422c0c84a879bd37670ae4f538a\/internal_photos\/bs\/2021\/0\/N\/lvnAAWTkCgXOK847tc9Q\/whatsapp-image-2021-01-04-at-16.45.50-1-.jpeg 984w, https:\/\/s2.glbimg.com\/2M0MWVcf6-AGlLnOi5fuzFULd3w=\/0x0:1152x560\/640x0\/smart\/filters:strip_icc()\/i.s3.glbimg.com\/v1\/AUTH_59edd422c0c84a879bd37670ae4f538a\/internal_photos\/bs\/2021\/0\/N\/lvnAAWTkCgXOK847tc9Q\/whatsapp-image-2021-01-04-at-16.45.50-1-.jpeg 640w, https:\/\/s2.glbimg.com\/R6TD74I0iRrAXufeR8JEykFMKgk=\/0x0:1152x560\/600x0\/smart\/filters:strip_icc()\/i.s3.glbimg.com\/v1\/AUTH_59edd422c0c84a879bd37670ae4f538a\/internal_photos\/bs\/2021\/0\/N\/lvnAAWTkCgXOK847tc9Q\/whatsapp-image-2021-01-04-at-16.45.50-1-.jpeg 600w\" alt=\"\u00c1rvore estava plantada na Pra\u00e7a S\u00e3o Joaquim em Ara\u00e7atuba  \u2014 Foto: Thiago Vasconcelos\/TV TEM \" \/><\/figure>\n<p class=\"content-media__description \">\u00c1rvore estava plantada na Pra\u00e7a S\u00e3o Joaquim em Ara\u00e7atuba \u2014 Foto: Thiago Vasconcelos\/TV TEM<\/p>\n<\/div>\n<\/div>\n<div class=\"row medium-uncollapsed content-media content-photo\" data-block-type=\"backstage-photo\" data-block-id=\"10\">\n<div class=\"mc-column content-media__container\">\n<figure style=\"text-align: justify;\"><img decoding=\"async\" class=\"i-amphtml-fill-content i-amphtml-replaced-content\" src=\"https:\/\/s2.glbimg.com\/SxrNXED-QQ2U9kH_kaOmInCSKF4=\/0x0:1356x745\/984x0\/smart\/filters:strip_icc()\/i.s3.glbimg.com\/v1\/AUTH_59edd422c0c84a879bd37670ae4f538a\/internal_photos\/bs\/2021\/z\/F\/EjqlBBSbaBKbyQV6aOlA\/bombeiros.jpg\" sizes=\"(max-width: 1366px) 648px, 100vw\" srcset=\"https:\/\/s2.glbimg.com\/we5O15rLI7GyfNTcd_Fwjd9uKpQ=\/0x0:1356x745\/1000x0\/smart\/filters:strip_icc()\/i.s3.glbimg.com\/v1\/AUTH_59edd422c0c84a879bd37670ae4f538a\/internal_photos\/bs\/2021\/z\/F\/EjqlBBSbaBKbyQV6aOlA\/bombeiros.jpg 1000w, https:\/\/s2.glbimg.com\/SxrNXED-QQ2U9kH_kaOmInCSKF4=\/0x0:1356x745\/984x0\/smart\/filters:strip_icc()\/i.s3.glbimg.com\/v1\/AUTH_59edd422c0c84a879bd37670ae4f538a\/internal_photos\/bs\/2021\/z\/F\/EjqlBBSbaBKbyQV6aOlA\/bombeiros.jpg 984w, https:\/\/s2.glbimg.com\/Ns6nnpVUJjmqb8Hs4Ww9PkRbi-s=\/0x0:1356x745\/640x0\/smart\/filters:strip_icc()\/i.s3.glbimg.com\/v1\/AUTH_59edd422c0c84a879bd37670ae4f538a\/internal_photos\/bs\/2021\/z\/F\/EjqlBBSbaBKbyQV6aOlA\/bombeiros.jpg 640w, https:\/\/s2.glbimg.com\/PeKw6GZk0WycJDKAWILTz56-oAw=\/0x0:1356x745\/600x0\/smart\/filters:strip_icc()\/i.s3.glbimg.com\/v1\/AUTH_59edd422c0c84a879bd37670ae4f538a\/internal_photos\/bs\/2021\/z\/F\/EjqlBBSbaBKbyQV6aOlA\/bombeiros.jpg 600w\" alt=\"Corpo de Bombeiros trabalha para cortar e retirar \u00e1rvore em Ara\u00e7atuba  \u2014 Foto: Rafael Honorato\/TV TEM \" \/><\/figure>\n<p class=\"content-media__description \" style=\"text-align: justify;\">Corpo de Bombeiros trabalha para cortar e retirar \u00e1rvore em Ara\u00e7atuba \u2014 Foto: Rafael Honorato\/TV TEM<\/p>\n<p style=\"text-align: justify;\">Fonte: https:\/\/g1.globo.com\/sp\/sao-jose-do-rio-preto-aracatuba\/noticia\/2021\/01\/04\/carros-sao-atingidos-por-arvore-durante-forte-chuva-em-aracatuba.ghtml<\/p>\n<p>VEJA V\u00cdDEOS DE INTERNAUTAS:<\/p>\n<div style=\"width: 480px;\" class=\"wp-video\"><video class=\"wp-video-shortcode\" id=\"video-41130-1\" width=\"480\" height=\"848\" preload=\"metadata\" controls=\"controls\"><source type=\"video\/mp4\" src=\"https:\/\/jorgezanoni.com.br\/2019\/wp-content\/uploads\/2021\/01\/WhatsApp-Video-2021-01-04-at-19.55.59.mp4?_=1\" \/><a href=\"https:\/\/jorgezanoni.com.br\/2019\/wp-content\/uploads\/2021\/01\/WhatsApp-Video-2021-01-04-at-19.55.59.mp4\">https:\/\/jorgezanoni.com.br\/2019\/wp-content\/uploads\/2021\/01\/WhatsApp-Video-2021-01-04-at-19.55.59.mp4<\/a><\/video><\/div>\n<div style=\"width: 368px;\" class=\"wp-video\"><video class=\"wp-video-shortcode\" id=\"video-41130-2\" width=\"368\" height=\"640\" preload=\"metadata\" controls=\"controls\"><source type=\"video\/mp4\" src=\"https:\/\/jorgezanoni.com.br\/2019\/wp-content\/uploads\/2021\/01\/WhatsApp-Video-2021-01-04-at-19.55.58.mp4?_=2\" \/><a href=\"https:\/\/jorgezanoni.com.br\/2019\/wp-content\/uploads\/2021\/01\/WhatsApp-Video-2021-01-04-at-19.55.58.mp4\">https:\/\/jorgezanoni.com.br\/2019\/wp-content\/uploads\/2021\/01\/WhatsApp-Video-2021-01-04-at-19.55.58.mp4<\/a><\/video><\/div>\n<div style=\"width: 640px;\" class=\"wp-video\"><video class=\"wp-video-shortcode\" id=\"video-41130-3\" width=\"640\" height=\"352\" preload=\"metadata\" controls=\"controls\"><source type=\"video\/mp4\" src=\"https:\/\/jorgezanoni.com.br\/2019\/wp-content\/uploads\/2021\/01\/WhatsApp-Video-2021-01-04-at-19.55.57-1.mp4?_=3\" \/><a href=\"https:\/\/jorgezanoni.com.br\/2019\/wp-content\/uploads\/2021\/01\/WhatsApp-Video-2021-01-04-at-19.55.57-1.mp4\">https:\/\/jorgezanoni.com.br\/2019\/wp-content\/uploads\/2021\/01\/WhatsApp-Video-2021-01-04-at-19.55.57-1.mp4<\/a><\/video><\/div>\n<div style=\"width: 368px;\" class=\"wp-video\"><video class=\"wp-video-shortcode\" id=\"video-41130-4\" width=\"368\" height=\"640\" preload=\"metadata\" controls=\"controls\"><source type=\"video\/mp4\" src=\"https:\/\/jorgezanoni.com.br\/2019\/wp-content\/uploads\/2021\/01\/WhatsApp-Video-2021-01-04-at-19.55.57.mp4?_=4\" \/><a href=\"https:\/\/jorgezanoni.com.br\/2019\/wp-content\/uploads\/2021\/01\/WhatsApp-Video-2021-01-04-at-19.55.57.mp4\">https:\/\/jorgezanoni.com.br\/2019\/wp-content\/uploads\/2021\/01\/WhatsApp-Video-2021-01-04-at-19.55.57.mp4<\/a><\/video><\/div>\n<\/div>\n<\/div>\n<\/div>\n<\/div>\n","protected":false},"excerpt":{"rendered":"<p>Nenhum morador ou motorista ficou ferido. Bombeiros trabalham para cortar e retirar \u00e1rvore da Pra\u00e7a S\u00e3o Joaquim. Rede el\u00e9trica tamb\u00e9m foi afetada. Uma forte chuva derrubou uma \u00e1rvore de grande porte em cima de cinco carros na Pra\u00e7a S\u00e3o Joaquim, em Ara\u00e7atuba (SP), na tarde desta segunda-feira (4). De acordo com o Corpo de Bombeiros, [&hellip;]<\/p>\n","protected":false},"author":1,"featured_media":41135,"comment_status":"closed","ping_status":"open","sticky":false,"template":"","format":"video","meta":{"footnotes":""},"categories":[110,169],"tags":[],"class_list":["post-41130","post","type-post","status-publish","format-video","has-post-thumbnail","hentry","category-noticiasdestaque","category-videos","post_format-post-format-video"],"_links":{"self":[{"href":"https:\/\/jorgezanoni.com.br\/2019\/wp-json\/wp\/v2\/posts\/41130","targetHints":{"allow":["GET"]}}],"collection":[{"href":"https:\/\/jorgezanoni.com.br\/2019\/wp-json\/wp\/v2\/posts"}],"about":[{"href":"https:\/\/jorgezanoni.com.br\/2019\/wp-json\/wp\/v2\/types\/post"}],"author":[{"embeddable":true,"href":"https:\/\/jorgezanoni.com.br\/2019\/wp-json\/wp\/v2\/users\/1"}],"replies":[{"embeddable":true,"href":"https:\/\/jorgezanoni.com.br\/2019\/wp-json\/wp\/v2\/comments?post=41130"}],"version-history":[{"count":0,"href":"https:\/\/jorgezanoni.com.br\/2019\/wp-json\/wp\/v2\/posts\/41130\/revisions"}],"wp:featuredmedia":[{"embeddable":true,"href":"https:\/\/jorgezanoni.com.br\/2019\/wp-json\/wp\/v2\/media\/41135"}],"wp:attachment":[{"href":"https:\/\/jorgezanoni.com.br\/2019\/wp-json\/wp\/v2\/media?parent=41130"}],"wp:term":[{"taxonomy":"category","embeddable":true,"href":"https:\/\/jorgezanoni.com.br\/2019\/wp-json\/wp\/v2\/categories?post=41130"},{"taxonomy":"post_tag","embeddable":true,"href":"https:\/\/jorgezanoni.com.br\/2019\/wp-json\/wp\/v2\/tags?post=41130"}],"curies":[{"name":"wp","href":"https:\/\/api.w.org\/{rel}","templated":true}]}}