{"id":41119,"date":"2021-01-04T22:31:41","date_gmt":"2021-01-04T22:31:41","guid":{"rendered":"https:\/\/jorgezanoni.com.br\/2019\/?p=41119"},"modified":"2021-01-04T22:34:34","modified_gmt":"2021-01-04T22:34:34","slug":"chuva-forte-causa-estragos-em-diversos-locais-de-pacaembu","status":"publish","type":"post","link":"https:\/\/jorgezanoni.com.br\/2019\/chuva-forte-causa-estragos-em-diversos-locais-de-pacaembu\/","title":{"rendered":"Chuva forte causa estragos em diversos locais de Pacaembu"},"content":{"rendered":"<p style=\"text-align: justify;\">As fortes chuvas que ca\u00edram sobre Pacaembu na tarde desta segunda-feira (4), vieram acompanhadas de rajadas de ventos e ocasionaram enxurradas e alagamentos que causaram diversos estragos em v\u00e1rios locais da Cidade Para\u00edso.<\/p>\n<p style=\"text-align: justify;\">Come\u00e7ando pela entrada de Pacaembu, na Rua Deputado Pl\u00ednio Cavalcante, principal acesso \u00e0 pela Rodovia Comandante Jo\u00e3o Ribeiro de Barros (SP-294), carros ficaram ilhados pela \u00e1gua e tiveram que esperar que a \u00e1gua pluvial baixasse para que pudessem acessar e sair da cidade.<\/p>\n<p style=\"text-align: justify;\">N\u00e3o muito distante dali, no Bairro Monte L\u00edbano, casas foram mais uma vez invadidas pela \u00e1gua da chuva que levou lama e sujeira para dentro das resid\u00eancias ali existentes.<\/p>\n<p style=\"text-align: justify;\"><a href=\"https:\/\/i0.wp.com\/folharegionalpacaembu.com.br\/wp-content\/uploads\/2021\/01\/549e10a8-8545-47a7-9039-0332ea5cb45d.jpg?ssl=1\"><img loading=\"lazy\" decoding=\"async\" class=\"aligncenter wp-image-13919 lazy loaded\" src=\"https:\/\/i0.wp.com\/folharegionalpacaembu.com.br\/wp-content\/uploads\/2021\/01\/549e10a8-8545-47a7-9039-0332ea5cb45d.jpg?resize=702%2C395&amp;ssl=1\" sizes=\"auto, (max-width: 702px) 100vw, 702px\" srcset=\"https:\/\/i0.wp.com\/folharegionalpacaembu.com.br\/wp-content\/uploads\/2021\/01\/549e10a8-8545-47a7-9039-0332ea5cb45d.jpg?w=1040&amp;ssl=1 1040w, https:\/\/i0.wp.com\/folharegionalpacaembu.com.br\/wp-content\/uploads\/2021\/01\/549e10a8-8545-47a7-9039-0332ea5cb45d.jpg?resize=300%2C169&amp;ssl=1 300w, https:\/\/i0.wp.com\/folharegionalpacaembu.com.br\/wp-content\/uploads\/2021\/01\/549e10a8-8545-47a7-9039-0332ea5cb45d.jpg?resize=1024%2C576&amp;ssl=1 1024w, https:\/\/i0.wp.com\/folharegionalpacaembu.com.br\/wp-content\/uploads\/2021\/01\/549e10a8-8545-47a7-9039-0332ea5cb45d.jpg?resize=768%2C432&amp;ssl=1 768w\" alt=\"\" width=\"702\" height=\"395\" data-attachment-id=\"13919\" data-permalink=\"https:\/\/folharegionalpacaembu.com.br\/2021\/01\/04\/chuva-forte-causa-estragos-em-diversos-locais-de-pacaembu\/549e10a8-8545-47a7-9039-0332ea5cb45d\/\" data-orig-file=\"https:\/\/i0.wp.com\/folharegionalpacaembu.com.br\/wp-content\/uploads\/2021\/01\/549e10a8-8545-47a7-9039-0332ea5cb45d.jpg?fit=1040%2C585&amp;ssl=1\" data-orig-size=\"1040,585\" data-comments-opened=\"0\" data-image-meta=\"{&quot;aperture&quot;:&quot;0&quot;,&quot;credit&quot;:&quot;&quot;,&quot;camera&quot;:&quot;&quot;,&quot;caption&quot;:&quot;&quot;,&quot;created_timestamp&quot;:&quot;0&quot;,&quot;copyright&quot;:&quot;&quot;,&quot;focal_length&quot;:&quot;0&quot;,&quot;iso&quot;:&quot;0&quot;,&quot;shutter_speed&quot;:&quot;0&quot;,&quot;title&quot;:&quot;&quot;,&quot;orientation&quot;:&quot;0&quot;}\" data-image-title=\"549e10a8-8545-47a7-9039-0332ea5cb45d\" data-image-description=\"\" data-medium-file=\"https:\/\/i0.wp.com\/folharegionalpacaembu.com.br\/wp-content\/uploads\/2021\/01\/549e10a8-8545-47a7-9039-0332ea5cb45d.jpg?fit=300%2C169&amp;ssl=1\" data-large-file=\"https:\/\/i0.wp.com\/folharegionalpacaembu.com.br\/wp-content\/uploads\/2021\/01\/549e10a8-8545-47a7-9039-0332ea5cb45d.jpg?fit=740%2C416&amp;ssl=1\" data-src=\"https:\/\/i0.wp.com\/folharegionalpacaembu.com.br\/wp-content\/uploads\/2021\/01\/549e10a8-8545-47a7-9039-0332ea5cb45d.jpg?resize=702%2C395&amp;ssl=1\" data-srcset=\"https:\/\/i0.wp.com\/folharegionalpacaembu.com.br\/wp-content\/uploads\/2021\/01\/549e10a8-8545-47a7-9039-0332ea5cb45d.jpg?w=1040&amp;ssl=1 1040w, https:\/\/i0.wp.com\/folharegionalpacaembu.com.br\/wp-content\/uploads\/2021\/01\/549e10a8-8545-47a7-9039-0332ea5cb45d.jpg?resize=300%2C169&amp;ssl=1 300w, https:\/\/i0.wp.com\/folharegionalpacaembu.com.br\/wp-content\/uploads\/2021\/01\/549e10a8-8545-47a7-9039-0332ea5cb45d.jpg?resize=1024%2C576&amp;ssl=1 1024w, https:\/\/i0.wp.com\/folharegionalpacaembu.com.br\/wp-content\/uploads\/2021\/01\/549e10a8-8545-47a7-9039-0332ea5cb45d.jpg?resize=768%2C432&amp;ssl=1 768w\" data-sizes=\"(max-width: 702px) 100vw, 702px\" data-was-processed=\"true\" \/><\/a><\/p>\n<p style=\"text-align: justify;\">A Pra\u00e7a Brasil Jap\u00e3o, aos fundos do Monte L\u00edbano, foi tomada por \u00e1gua e tamb\u00e9m inundou. Ruas e avenidas daquelas imedia\u00e7\u00f5es tamb\u00e9m foram tomadas pela \u00e1gua, carros ficaram encobertos at\u00e9 a altura dos vidros.<\/p>\n<p style=\"text-align: justify;\"><a href=\"https:\/\/i1.wp.com\/folharegionalpacaembu.com.br\/wp-content\/uploads\/2021\/01\/48816c18-7548-46fe-8f40-d2c9bd40bcbb.jpg?ssl=1\"><img loading=\"lazy\" decoding=\"async\" class=\"aligncenter wp-image-13920 lazy loaded\" src=\"https:\/\/i1.wp.com\/folharegionalpacaembu.com.br\/wp-content\/uploads\/2021\/01\/48816c18-7548-46fe-8f40-d2c9bd40bcbb.jpg?resize=704%2C396&amp;ssl=1\" sizes=\"auto, (max-width: 704px) 100vw, 704px\" srcset=\"https:\/\/i1.wp.com\/folharegionalpacaembu.com.br\/wp-content\/uploads\/2021\/01\/48816c18-7548-46fe-8f40-d2c9bd40bcbb.jpg?w=1040&amp;ssl=1 1040w, https:\/\/i1.wp.com\/folharegionalpacaembu.com.br\/wp-content\/uploads\/2021\/01\/48816c18-7548-46fe-8f40-d2c9bd40bcbb.jpg?resize=300%2C169&amp;ssl=1 300w, https:\/\/i1.wp.com\/folharegionalpacaembu.com.br\/wp-content\/uploads\/2021\/01\/48816c18-7548-46fe-8f40-d2c9bd40bcbb.jpg?resize=1024%2C576&amp;ssl=1 1024w, https:\/\/i1.wp.com\/folharegionalpacaembu.com.br\/wp-content\/uploads\/2021\/01\/48816c18-7548-46fe-8f40-d2c9bd40bcbb.jpg?resize=768%2C432&amp;ssl=1 768w\" alt=\"\" width=\"704\" height=\"396\" data-attachment-id=\"13920\" data-permalink=\"https:\/\/folharegionalpacaembu.com.br\/2021\/01\/04\/chuva-forte-causa-estragos-em-diversos-locais-de-pacaembu\/48816c18-7548-46fe-8f40-d2c9bd40bcbb\/\" data-orig-file=\"https:\/\/i1.wp.com\/folharegionalpacaembu.com.br\/wp-content\/uploads\/2021\/01\/48816c18-7548-46fe-8f40-d2c9bd40bcbb.jpg?fit=1040%2C585&amp;ssl=1\" data-orig-size=\"1040,585\" data-comments-opened=\"0\" data-image-meta=\"{&quot;aperture&quot;:&quot;0&quot;,&quot;credit&quot;:&quot;&quot;,&quot;camera&quot;:&quot;&quot;,&quot;caption&quot;:&quot;&quot;,&quot;created_timestamp&quot;:&quot;0&quot;,&quot;copyright&quot;:&quot;&quot;,&quot;focal_length&quot;:&quot;0&quot;,&quot;iso&quot;:&quot;0&quot;,&quot;shutter_speed&quot;:&quot;0&quot;,&quot;title&quot;:&quot;&quot;,&quot;orientation&quot;:&quot;0&quot;}\" data-image-title=\"48816c18-7548-46fe-8f40-d2c9bd40bcbb\" data-image-description=\"\" data-medium-file=\"https:\/\/i1.wp.com\/folharegionalpacaembu.com.br\/wp-content\/uploads\/2021\/01\/48816c18-7548-46fe-8f40-d2c9bd40bcbb.jpg?fit=300%2C169&amp;ssl=1\" data-large-file=\"https:\/\/i1.wp.com\/folharegionalpacaembu.com.br\/wp-content\/uploads\/2021\/01\/48816c18-7548-46fe-8f40-d2c9bd40bcbb.jpg?fit=740%2C416&amp;ssl=1\" data-src=\"https:\/\/i1.wp.com\/folharegionalpacaembu.com.br\/wp-content\/uploads\/2021\/01\/48816c18-7548-46fe-8f40-d2c9bd40bcbb.jpg?resize=704%2C396&amp;ssl=1\" data-srcset=\"https:\/\/i1.wp.com\/folharegionalpacaembu.com.br\/wp-content\/uploads\/2021\/01\/48816c18-7548-46fe-8f40-d2c9bd40bcbb.jpg?w=1040&amp;ssl=1 1040w, https:\/\/i1.wp.com\/folharegionalpacaembu.com.br\/wp-content\/uploads\/2021\/01\/48816c18-7548-46fe-8f40-d2c9bd40bcbb.jpg?resize=300%2C169&amp;ssl=1 300w, https:\/\/i1.wp.com\/folharegionalpacaembu.com.br\/wp-content\/uploads\/2021\/01\/48816c18-7548-46fe-8f40-d2c9bd40bcbb.jpg?resize=1024%2C576&amp;ssl=1 1024w, https:\/\/i1.wp.com\/folharegionalpacaembu.com.br\/wp-content\/uploads\/2021\/01\/48816c18-7548-46fe-8f40-d2c9bd40bcbb.jpg?resize=768%2C432&amp;ssl=1 768w\" data-sizes=\"(max-width: 704px) 100vw, 704px\" data-was-processed=\"true\" \/><\/a><br \/>\nA Casa da Crian\u00e7a foi um dos pontos mais afetados pela destrui\u00e7\u00e3o. O muro de fechamento do local cedeu, derrubando ainda postes e deixando parte daquela regi\u00e3o da cidade sem energia el\u00e9trica.<\/p>\n<p style=\"text-align: justify;\">No momento da postagem desta reportagem a concession\u00e1ria de energia trabalhava no local para resolver o problema e reestabelecer o fornecimento.<\/p>\n<p style=\"text-align: justify;\"><a href=\"https:\/\/i0.wp.com\/folharegionalpacaembu.com.br\/wp-content\/uploads\/2021\/01\/cae2ba1c-597b-4745-a166-8aa8b594266d.jpg?ssl=1\"><img loading=\"lazy\" decoding=\"async\" class=\"aligncenter wp-image-13921 lazy loaded\" src=\"https:\/\/i0.wp.com\/folharegionalpacaembu.com.br\/wp-content\/uploads\/2021\/01\/cae2ba1c-597b-4745-a166-8aa8b594266d.jpg?resize=700%2C394&amp;ssl=1\" sizes=\"auto, (max-width: 700px) 100vw, 700px\" srcset=\"https:\/\/i0.wp.com\/folharegionalpacaembu.com.br\/wp-content\/uploads\/2021\/01\/cae2ba1c-597b-4745-a166-8aa8b594266d.jpg?w=1040&amp;ssl=1 1040w, https:\/\/i0.wp.com\/folharegionalpacaembu.com.br\/wp-content\/uploads\/2021\/01\/cae2ba1c-597b-4745-a166-8aa8b594266d.jpg?resize=300%2C169&amp;ssl=1 300w, https:\/\/i0.wp.com\/folharegionalpacaembu.com.br\/wp-content\/uploads\/2021\/01\/cae2ba1c-597b-4745-a166-8aa8b594266d.jpg?resize=1024%2C576&amp;ssl=1 1024w, https:\/\/i0.wp.com\/folharegionalpacaembu.com.br\/wp-content\/uploads\/2021\/01\/cae2ba1c-597b-4745-a166-8aa8b594266d.jpg?resize=768%2C432&amp;ssl=1 768w\" alt=\"\" width=\"700\" height=\"394\" data-attachment-id=\"13921\" data-permalink=\"https:\/\/folharegionalpacaembu.com.br\/2021\/01\/04\/chuva-forte-causa-estragos-em-diversos-locais-de-pacaembu\/cae2ba1c-597b-4745-a166-8aa8b594266d\/\" data-orig-file=\"https:\/\/i0.wp.com\/folharegionalpacaembu.com.br\/wp-content\/uploads\/2021\/01\/cae2ba1c-597b-4745-a166-8aa8b594266d.jpg?fit=1040%2C585&amp;ssl=1\" data-orig-size=\"1040,585\" data-comments-opened=\"0\" data-image-meta=\"{&quot;aperture&quot;:&quot;0&quot;,&quot;credit&quot;:&quot;&quot;,&quot;camera&quot;:&quot;&quot;,&quot;caption&quot;:&quot;&quot;,&quot;created_timestamp&quot;:&quot;0&quot;,&quot;copyright&quot;:&quot;&quot;,&quot;focal_length&quot;:&quot;0&quot;,&quot;iso&quot;:&quot;0&quot;,&quot;shutter_speed&quot;:&quot;0&quot;,&quot;title&quot;:&quot;&quot;,&quot;orientation&quot;:&quot;0&quot;}\" data-image-title=\"cae2ba1c-597b-4745-a166-8aa8b594266d\" data-image-description=\"\" data-medium-file=\"https:\/\/i0.wp.com\/folharegionalpacaembu.com.br\/wp-content\/uploads\/2021\/01\/cae2ba1c-597b-4745-a166-8aa8b594266d.jpg?fit=300%2C169&amp;ssl=1\" data-large-file=\"https:\/\/i0.wp.com\/folharegionalpacaembu.com.br\/wp-content\/uploads\/2021\/01\/cae2ba1c-597b-4745-a166-8aa8b594266d.jpg?fit=740%2C416&amp;ssl=1\" data-src=\"https:\/\/i0.wp.com\/folharegionalpacaembu.com.br\/wp-content\/uploads\/2021\/01\/cae2ba1c-597b-4745-a166-8aa8b594266d.jpg?resize=700%2C394&amp;ssl=1\" data-srcset=\"https:\/\/i0.wp.com\/folharegionalpacaembu.com.br\/wp-content\/uploads\/2021\/01\/cae2ba1c-597b-4745-a166-8aa8b594266d.jpg?w=1040&amp;ssl=1 1040w, https:\/\/i0.wp.com\/folharegionalpacaembu.com.br\/wp-content\/uploads\/2021\/01\/cae2ba1c-597b-4745-a166-8aa8b594266d.jpg?resize=300%2C169&amp;ssl=1 300w, https:\/\/i0.wp.com\/folharegionalpacaembu.com.br\/wp-content\/uploads\/2021\/01\/cae2ba1c-597b-4745-a166-8aa8b594266d.jpg?resize=1024%2C576&amp;ssl=1 1024w, https:\/\/i0.wp.com\/folharegionalpacaembu.com.br\/wp-content\/uploads\/2021\/01\/cae2ba1c-597b-4745-a166-8aa8b594266d.jpg?resize=768%2C432&amp;ssl=1 768w\" data-sizes=\"(max-width: 700px) 100vw, 700px\" data-was-processed=\"true\" \/><\/a><br \/>\nNa principal avenida de Pacaembu, a Gomes Duda, uma forte enxurrada invadiu estabelecimentos comerciais, resid\u00eancias e outros locais. Uma barraca de frutas instalada pr\u00f3ximo ao cruzamento com a Amador Rodrigues teve seus produtos e caixas levados pela for\u00e7a da \u00e1gua.<\/p>\n<p style=\"text-align: justify;\">Ainda na Avenida Amador Rodrigues, ao lado da Escola Joel Aguiar, os antigos paralelep\u00edpedos que formam o pavimento da via foram arrancados em um trecho que precisou ser interditado.<\/p>\n<p style=\"text-align: justify;\"><a href=\"https:\/\/i1.wp.com\/folharegionalpacaembu.com.br\/wp-content\/uploads\/2021\/01\/37af8608-7883-4d00-831d-931fb9247436.jpg?ssl=1\"><img loading=\"lazy\" decoding=\"async\" class=\"aligncenter wp-image-13922 lazy loaded\" src=\"https:\/\/i1.wp.com\/folharegionalpacaembu.com.br\/wp-content\/uploads\/2021\/01\/37af8608-7883-4d00-831d-931fb9247436.jpg?resize=700%2C394&amp;ssl=1\" sizes=\"auto, (max-width: 700px) 100vw, 700px\" srcset=\"https:\/\/i1.wp.com\/folharegionalpacaembu.com.br\/wp-content\/uploads\/2021\/01\/37af8608-7883-4d00-831d-931fb9247436.jpg?w=1040&amp;ssl=1 1040w, https:\/\/i1.wp.com\/folharegionalpacaembu.com.br\/wp-content\/uploads\/2021\/01\/37af8608-7883-4d00-831d-931fb9247436.jpg?resize=300%2C169&amp;ssl=1 300w, https:\/\/i1.wp.com\/folharegionalpacaembu.com.br\/wp-content\/uploads\/2021\/01\/37af8608-7883-4d00-831d-931fb9247436.jpg?resize=1024%2C576&amp;ssl=1 1024w, https:\/\/i1.wp.com\/folharegionalpacaembu.com.br\/wp-content\/uploads\/2021\/01\/37af8608-7883-4d00-831d-931fb9247436.jpg?resize=768%2C432&amp;ssl=1 768w\" alt=\"\" width=\"700\" height=\"394\" data-attachment-id=\"13922\" data-permalink=\"https:\/\/folharegionalpacaembu.com.br\/2021\/01\/04\/chuva-forte-causa-estragos-em-diversos-locais-de-pacaembu\/37af8608-7883-4d00-831d-931fb9247436\/\" data-orig-file=\"https:\/\/i1.wp.com\/folharegionalpacaembu.com.br\/wp-content\/uploads\/2021\/01\/37af8608-7883-4d00-831d-931fb9247436.jpg?fit=1040%2C585&amp;ssl=1\" data-orig-size=\"1040,585\" data-comments-opened=\"0\" data-image-meta=\"{&quot;aperture&quot;:&quot;0&quot;,&quot;credit&quot;:&quot;&quot;,&quot;camera&quot;:&quot;&quot;,&quot;caption&quot;:&quot;&quot;,&quot;created_timestamp&quot;:&quot;0&quot;,&quot;copyright&quot;:&quot;&quot;,&quot;focal_length&quot;:&quot;0&quot;,&quot;iso&quot;:&quot;0&quot;,&quot;shutter_speed&quot;:&quot;0&quot;,&quot;title&quot;:&quot;&quot;,&quot;orientation&quot;:&quot;0&quot;}\" data-image-title=\"37af8608-7883-4d00-831d-931fb9247436\" data-image-description=\"\" data-medium-file=\"https:\/\/i1.wp.com\/folharegionalpacaembu.com.br\/wp-content\/uploads\/2021\/01\/37af8608-7883-4d00-831d-931fb9247436.jpg?fit=300%2C169&amp;ssl=1\" data-large-file=\"https:\/\/i1.wp.com\/folharegionalpacaembu.com.br\/wp-content\/uploads\/2021\/01\/37af8608-7883-4d00-831d-931fb9247436.jpg?fit=740%2C416&amp;ssl=1\" data-src=\"https:\/\/i1.wp.com\/folharegionalpacaembu.com.br\/wp-content\/uploads\/2021\/01\/37af8608-7883-4d00-831d-931fb9247436.jpg?resize=700%2C394&amp;ssl=1\" data-srcset=\"https:\/\/i1.wp.com\/folharegionalpacaembu.com.br\/wp-content\/uploads\/2021\/01\/37af8608-7883-4d00-831d-931fb9247436.jpg?w=1040&amp;ssl=1 1040w, https:\/\/i1.wp.com\/folharegionalpacaembu.com.br\/wp-content\/uploads\/2021\/01\/37af8608-7883-4d00-831d-931fb9247436.jpg?resize=300%2C169&amp;ssl=1 300w, https:\/\/i1.wp.com\/folharegionalpacaembu.com.br\/wp-content\/uploads\/2021\/01\/37af8608-7883-4d00-831d-931fb9247436.jpg?resize=1024%2C576&amp;ssl=1 1024w, https:\/\/i1.wp.com\/folharegionalpacaembu.com.br\/wp-content\/uploads\/2021\/01\/37af8608-7883-4d00-831d-931fb9247436.jpg?resize=768%2C432&amp;ssl=1 768w\" data-sizes=\"(max-width: 700px) 100vw, 700px\" data-was-processed=\"true\" \/><\/a><br \/>\nSegundo informa\u00e7\u00f5es do diretor de infraestrutura, servi\u00e7os municipais, agricultura e meio ambiente, Ant\u00f4nio Geraldo Sica, a chuva causou transtornos em v\u00e1rios locais da cidade e os estragos ainda est\u00e3o sendo avaliados.<\/p>\n<p style=\"text-align: justify;\"><a href=\"https:\/\/i1.wp.com\/folharegionalpacaembu.com.br\/wp-content\/uploads\/2021\/01\/807f81b9-9beb-48bc-8c2e-786abf5ea4b1.jpg?ssl=1\"><img loading=\"lazy\" decoding=\"async\" class=\"aligncenter wp-image-13923 lazy loaded\" src=\"https:\/\/i1.wp.com\/folharegionalpacaembu.com.br\/wp-content\/uploads\/2021\/01\/807f81b9-9beb-48bc-8c2e-786abf5ea4b1.jpg?resize=702%2C395&amp;ssl=1\" sizes=\"auto, (max-width: 702px) 100vw, 702px\" srcset=\"https:\/\/i1.wp.com\/folharegionalpacaembu.com.br\/wp-content\/uploads\/2021\/01\/807f81b9-9beb-48bc-8c2e-786abf5ea4b1.jpg?w=1040&amp;ssl=1 1040w, https:\/\/i1.wp.com\/folharegionalpacaembu.com.br\/wp-content\/uploads\/2021\/01\/807f81b9-9beb-48bc-8c2e-786abf5ea4b1.jpg?resize=300%2C169&amp;ssl=1 300w, https:\/\/i1.wp.com\/folharegionalpacaembu.com.br\/wp-content\/uploads\/2021\/01\/807f81b9-9beb-48bc-8c2e-786abf5ea4b1.jpg?resize=1024%2C576&amp;ssl=1 1024w, https:\/\/i1.wp.com\/folharegionalpacaembu.com.br\/wp-content\/uploads\/2021\/01\/807f81b9-9beb-48bc-8c2e-786abf5ea4b1.jpg?resize=768%2C432&amp;ssl=1 768w\" alt=\"\" width=\"702\" height=\"395\" data-attachment-id=\"13923\" data-permalink=\"https:\/\/folharegionalpacaembu.com.br\/2021\/01\/04\/chuva-forte-causa-estragos-em-diversos-locais-de-pacaembu\/807f81b9-9beb-48bc-8c2e-786abf5ea4b1\/\" data-orig-file=\"https:\/\/i1.wp.com\/folharegionalpacaembu.com.br\/wp-content\/uploads\/2021\/01\/807f81b9-9beb-48bc-8c2e-786abf5ea4b1.jpg?fit=1040%2C585&amp;ssl=1\" data-orig-size=\"1040,585\" data-comments-opened=\"0\" data-image-meta=\"{&quot;aperture&quot;:&quot;0&quot;,&quot;credit&quot;:&quot;&quot;,&quot;camera&quot;:&quot;&quot;,&quot;caption&quot;:&quot;&quot;,&quot;created_timestamp&quot;:&quot;0&quot;,&quot;copyright&quot;:&quot;&quot;,&quot;focal_length&quot;:&quot;0&quot;,&quot;iso&quot;:&quot;0&quot;,&quot;shutter_speed&quot;:&quot;0&quot;,&quot;title&quot;:&quot;&quot;,&quot;orientation&quot;:&quot;0&quot;}\" data-image-title=\"807f81b9-9beb-48bc-8c2e-786abf5ea4b1\" data-image-description=\"\" data-medium-file=\"https:\/\/i1.wp.com\/folharegionalpacaembu.com.br\/wp-content\/uploads\/2021\/01\/807f81b9-9beb-48bc-8c2e-786abf5ea4b1.jpg?fit=300%2C169&amp;ssl=1\" data-large-file=\"https:\/\/i1.wp.com\/folharegionalpacaembu.com.br\/wp-content\/uploads\/2021\/01\/807f81b9-9beb-48bc-8c2e-786abf5ea4b1.jpg?fit=740%2C416&amp;ssl=1\" data-src=\"https:\/\/i1.wp.com\/folharegionalpacaembu.com.br\/wp-content\/uploads\/2021\/01\/807f81b9-9beb-48bc-8c2e-786abf5ea4b1.jpg?resize=702%2C395&amp;ssl=1\" data-srcset=\"https:\/\/i1.wp.com\/folharegionalpacaembu.com.br\/wp-content\/uploads\/2021\/01\/807f81b9-9beb-48bc-8c2e-786abf5ea4b1.jpg?w=1040&amp;ssl=1 1040w, https:\/\/i1.wp.com\/folharegionalpacaembu.com.br\/wp-content\/uploads\/2021\/01\/807f81b9-9beb-48bc-8c2e-786abf5ea4b1.jpg?resize=300%2C169&amp;ssl=1 300w, https:\/\/i1.wp.com\/folharegionalpacaembu.com.br\/wp-content\/uploads\/2021\/01\/807f81b9-9beb-48bc-8c2e-786abf5ea4b1.jpg?resize=1024%2C576&amp;ssl=1 1024w, https:\/\/i1.wp.com\/folharegionalpacaembu.com.br\/wp-content\/uploads\/2021\/01\/807f81b9-9beb-48bc-8c2e-786abf5ea4b1.jpg?resize=768%2C432&amp;ssl=1 768w\" data-sizes=\"(max-width: 702px) 100vw, 702px\" data-was-processed=\"true\" \/><\/a><br \/>\nNossa reportagem entrou em contato com a Pol\u00edcia Militar e o Corpo de Bombeiros de Adamantina que informaram que at\u00e9 o momento, n\u00e3o houve nenhuma solicita\u00e7\u00e3o para atendimento em Pacaembu.<\/p>\n<p style=\"text-align: justify;\">o N\u00facleo de Jornalismo do Grupo Folha Regional \u2013 (Jornal TV e Site) segue acompanhando a contabiliza\u00e7\u00e3o dos danos na cidade e a atualiza\u00e7\u00e3o desta reportagem deve acontecer a qualquer momento.<\/p>\n<p><a href=\"https:\/\/i1.wp.com\/folharegionalpacaembu.com.br\/wp-content\/uploads\/2021\/01\/db4007a8-a182-4f8b-a591-dbbd39577b60.jpg?ssl=1\"><img loading=\"lazy\" decoding=\"async\" class=\"aligncenter wp-image-13924 lazy loaded\" src=\"https:\/\/i1.wp.com\/folharegionalpacaembu.com.br\/wp-content\/uploads\/2021\/01\/db4007a8-a182-4f8b-a591-dbbd39577b60.jpg?resize=528%2C704&amp;ssl=1\" sizes=\"auto, (max-width: 528px) 100vw, 528px\" srcset=\"https:\/\/i1.wp.com\/folharegionalpacaembu.com.br\/wp-content\/uploads\/2021\/01\/db4007a8-a182-4f8b-a591-dbbd39577b60.jpg?w=768&amp;ssl=1 768w, https:\/\/i1.wp.com\/folharegionalpacaembu.com.br\/wp-content\/uploads\/2021\/01\/db4007a8-a182-4f8b-a591-dbbd39577b60.jpg?resize=225%2C300&amp;ssl=1 225w\" alt=\"\" width=\"528\" height=\"704\" data-attachment-id=\"13924\" data-permalink=\"https:\/\/folharegionalpacaembu.com.br\/2021\/01\/04\/chuva-forte-causa-estragos-em-diversos-locais-de-pacaembu\/db4007a8-a182-4f8b-a591-dbbd39577b60\/\" data-orig-file=\"https:\/\/i1.wp.com\/folharegionalpacaembu.com.br\/wp-content\/uploads\/2021\/01\/db4007a8-a182-4f8b-a591-dbbd39577b60.jpg?fit=768%2C1024&amp;ssl=1\" data-orig-size=\"768,1024\" data-comments-opened=\"0\" data-image-meta=\"{&quot;aperture&quot;:&quot;0&quot;,&quot;credit&quot;:&quot;&quot;,&quot;camera&quot;:&quot;&quot;,&quot;caption&quot;:&quot;&quot;,&quot;created_timestamp&quot;:&quot;0&quot;,&quot;copyright&quot;:&quot;&quot;,&quot;focal_length&quot;:&quot;0&quot;,&quot;iso&quot;:&quot;0&quot;,&quot;shutter_speed&quot;:&quot;0&quot;,&quot;title&quot;:&quot;&quot;,&quot;orientation&quot;:&quot;0&quot;}\" data-image-title=\"db4007a8-a182-4f8b-a591-dbbd39577b60\" data-image-description=\"\" data-medium-file=\"https:\/\/i1.wp.com\/folharegionalpacaembu.com.br\/wp-content\/uploads\/2021\/01\/db4007a8-a182-4f8b-a591-dbbd39577b60.jpg?fit=225%2C300&amp;ssl=1\" data-large-file=\"https:\/\/i1.wp.com\/folharegionalpacaembu.com.br\/wp-content\/uploads\/2021\/01\/db4007a8-a182-4f8b-a591-dbbd39577b60.jpg?fit=740%2C987&amp;ssl=1\" data-src=\"https:\/\/i1.wp.com\/folharegionalpacaembu.com.br\/wp-content\/uploads\/2021\/01\/db4007a8-a182-4f8b-a591-dbbd39577b60.jpg?resize=528%2C704&amp;ssl=1\" data-srcset=\"https:\/\/i1.wp.com\/folharegionalpacaembu.com.br\/wp-content\/uploads\/2021\/01\/db4007a8-a182-4f8b-a591-dbbd39577b60.jpg?w=768&amp;ssl=1 768w, https:\/\/i1.wp.com\/folharegionalpacaembu.com.br\/wp-content\/uploads\/2021\/01\/db4007a8-a182-4f8b-a591-dbbd39577b60.jpg?resize=225%2C300&amp;ssl=1 225w\" data-sizes=\"(max-width: 528px) 100vw, 528px\" data-was-processed=\"true\" \/><\/a><\/p>\n<p style=\"text-align: justify;\">Fonte: Folha Regional Pacaembu &#8211; Fotos: Urter Massarotte J\u00fanior &#8211; folharegionalpacaembu.com.br<\/p>\n<p>VEJA VIDEOS DE INTERNAUTAS:<\/p>\n<div style=\"width: 640px;\" class=\"wp-video\"><video class=\"wp-video-shortcode\" id=\"video-41119-1\" width=\"640\" height=\"352\" preload=\"metadata\" controls=\"controls\"><source type=\"video\/mp4\" src=\"https:\/\/jorgezanoni.com.br\/2019\/wp-content\/uploads\/2021\/01\/WhatsApp-Video-2021-01-04-at-18.47.27-1.mp4?_=1\" \/><a href=\"https:\/\/jorgezanoni.com.br\/2019\/wp-content\/uploads\/2021\/01\/WhatsApp-Video-2021-01-04-at-18.47.27-1.mp4\">https:\/\/jorgezanoni.com.br\/2019\/wp-content\/uploads\/2021\/01\/WhatsApp-Video-2021-01-04-at-18.47.27-1.mp4<\/a><\/video><\/div>\n<div style=\"width: 352px;\" class=\"wp-video\"><video class=\"wp-video-shortcode\" id=\"video-41119-2\" width=\"352\" height=\"640\" preload=\"metadata\" controls=\"controls\"><source type=\"video\/mp4\" src=\"https:\/\/jorgezanoni.com.br\/2019\/wp-content\/uploads\/2021\/01\/WhatsApp-Video-2021-01-04-at-18.47.27.mp4?_=2\" \/><a href=\"https:\/\/jorgezanoni.com.br\/2019\/wp-content\/uploads\/2021\/01\/WhatsApp-Video-2021-01-04-at-18.47.27.mp4\">https:\/\/jorgezanoni.com.br\/2019\/wp-content\/uploads\/2021\/01\/WhatsApp-Video-2021-01-04-at-18.47.27.mp4<\/a><\/video><\/div>\n<div style=\"width: 352px;\" class=\"wp-video\"><video class=\"wp-video-shortcode\" id=\"video-41119-3\" width=\"352\" height=\"640\" preload=\"metadata\" controls=\"controls\"><source type=\"video\/mp4\" src=\"https:\/\/jorgezanoni.com.br\/2019\/wp-content\/uploads\/2021\/01\/WhatsApp-Video-2021-01-04-at-18.47.26-1.mp4?_=3\" \/><a href=\"https:\/\/jorgezanoni.com.br\/2019\/wp-content\/uploads\/2021\/01\/WhatsApp-Video-2021-01-04-at-18.47.26-1.mp4\">https:\/\/jorgezanoni.com.br\/2019\/wp-content\/uploads\/2021\/01\/WhatsApp-Video-2021-01-04-at-18.47.26-1.mp4<\/a><\/video><\/div>\n<div style=\"width: 480px;\" class=\"wp-video\"><video class=\"wp-video-shortcode\" id=\"video-41119-4\" width=\"480\" height=\"848\" preload=\"metadata\" controls=\"controls\"><source type=\"video\/mp4\" src=\"https:\/\/jorgezanoni.com.br\/2019\/wp-content\/uploads\/2021\/01\/WhatsApp-Video-2021-01-04-at-18.47.26.mp4?_=4\" \/><a href=\"https:\/\/jorgezanoni.com.br\/2019\/wp-content\/uploads\/2021\/01\/WhatsApp-Video-2021-01-04-at-18.47.26.mp4\">https:\/\/jorgezanoni.com.br\/2019\/wp-content\/uploads\/2021\/01\/WhatsApp-Video-2021-01-04-at-18.47.26.mp4<\/a><\/video><\/div>\n<div style=\"width: 480px;\" class=\"wp-video\"><video class=\"wp-video-shortcode\" id=\"video-41119-5\" width=\"480\" height=\"848\" preload=\"metadata\" controls=\"controls\"><source type=\"video\/mp4\" src=\"https:\/\/jorgezanoni.com.br\/2019\/wp-content\/uploads\/2021\/01\/WhatsApp-Video-2021-01-04-at-18.47.25-3.mp4?_=5\" \/><a href=\"https:\/\/jorgezanoni.com.br\/2019\/wp-content\/uploads\/2021\/01\/WhatsApp-Video-2021-01-04-at-18.47.25-3.mp4\">https:\/\/jorgezanoni.com.br\/2019\/wp-content\/uploads\/2021\/01\/WhatsApp-Video-2021-01-04-at-18.47.25-3.mp4<\/a><\/video><\/div>\n<div style=\"width: 640px;\" class=\"wp-video\"><video class=\"wp-video-shortcode\" id=\"video-41119-6\" width=\"640\" height=\"352\" preload=\"metadata\" controls=\"controls\"><source type=\"video\/mp4\" src=\"https:\/\/jorgezanoni.com.br\/2019\/wp-content\/uploads\/2021\/01\/WhatsApp-Video-2021-01-04-at-18.47.25-2.mp4?_=6\" \/><a href=\"https:\/\/jorgezanoni.com.br\/2019\/wp-content\/uploads\/2021\/01\/WhatsApp-Video-2021-01-04-at-18.47.25-2.mp4\">https:\/\/jorgezanoni.com.br\/2019\/wp-content\/uploads\/2021\/01\/WhatsApp-Video-2021-01-04-at-18.47.25-2.mp4<\/a><\/video><\/div>\n<div style=\"width: 480px;\" class=\"wp-video\"><video class=\"wp-video-shortcode\" id=\"video-41119-7\" width=\"480\" height=\"848\" preload=\"metadata\" controls=\"controls\"><source type=\"video\/mp4\" src=\"https:\/\/jorgezanoni.com.br\/2019\/wp-content\/uploads\/2021\/01\/WhatsApp-Video-2021-01-04-at-18.47.25-1.mp4?_=7\" \/><a href=\"https:\/\/jorgezanoni.com.br\/2019\/wp-content\/uploads\/2021\/01\/WhatsApp-Video-2021-01-04-at-18.47.25-1.mp4\">https:\/\/jorgezanoni.com.br\/2019\/wp-content\/uploads\/2021\/01\/WhatsApp-Video-2021-01-04-at-18.47.25-1.mp4<\/a><\/video><\/div>\n","protected":false},"excerpt":{"rendered":"<p>As fortes chuvas que ca\u00edram sobre Pacaembu na tarde desta segunda-feira (4), vieram acompanhadas de rajadas de ventos e ocasionaram enxurradas e alagamentos que causaram diversos estragos em v\u00e1rios locais da Cidade Para\u00edso. Come\u00e7ando pela entrada de Pacaembu, na Rua Deputado Pl\u00ednio Cavalcante, principal acesso \u00e0 pela Rodovia Comandante Jo\u00e3o Ribeiro de Barros (SP-294), carros [&hellip;]<\/p>\n","protected":false},"author":1,"featured_media":41128,"comment_status":"closed","ping_status":"open","sticky":false,"template":"","format":"video","meta":{"footnotes":""},"categories":[179,110,191,169],"tags":[],"class_list":["post-41119","post","type-post","status-publish","format-video","has-post-thumbnail","hentry","category-cidadeseregiao","category-noticiasdestaque","category-pacaembu","category-videos","post_format-post-format-video"],"_links":{"self":[{"href":"https:\/\/jorgezanoni.com.br\/2019\/wp-json\/wp\/v2\/posts\/41119","targetHints":{"allow":["GET"]}}],"collection":[{"href":"https:\/\/jorgezanoni.com.br\/2019\/wp-json\/wp\/v2\/posts"}],"about":[{"href":"https:\/\/jorgezanoni.com.br\/2019\/wp-json\/wp\/v2\/types\/post"}],"author":[{"embeddable":true,"href":"https:\/\/jorgezanoni.com.br\/2019\/wp-json\/wp\/v2\/users\/1"}],"replies":[{"embeddable":true,"href":"https:\/\/jorgezanoni.com.br\/2019\/wp-json\/wp\/v2\/comments?post=41119"}],"version-history":[{"count":0,"href":"https:\/\/jorgezanoni.com.br\/2019\/wp-json\/wp\/v2\/posts\/41119\/revisions"}],"wp:featuredmedia":[{"embeddable":true,"href":"https:\/\/jorgezanoni.com.br\/2019\/wp-json\/wp\/v2\/media\/41128"}],"wp:attachment":[{"href":"https:\/\/jorgezanoni.com.br\/2019\/wp-json\/wp\/v2\/media?parent=41119"}],"wp:term":[{"taxonomy":"category","embeddable":true,"href":"https:\/\/jorgezanoni.com.br\/2019\/wp-json\/wp\/v2\/categories?post=41119"},{"taxonomy":"post_tag","embeddable":true,"href":"https:\/\/jorgezanoni.com.br\/2019\/wp-json\/wp\/v2\/tags?post=41119"}],"curies":[{"name":"wp","href":"https:\/\/api.w.org\/{rel}","templated":true}]}}