{"id":41098,"date":"2021-01-03T16:08:16","date_gmt":"2021-01-03T16:08:16","guid":{"rendered":"https:\/\/jorgezanoni.com.br\/2019\/?p=41098"},"modified":"2021-01-03T16:08:16","modified_gmt":"2021-01-03T16:08:16","slug":"posse-do-prefeito-vice-e-vereadores-de-santa-mercedes","status":"publish","type":"post","link":"https:\/\/jorgezanoni.com.br\/2019\/posse-do-prefeito-vice-e-vereadores-de-santa-mercedes\/","title":{"rendered":"Posse do Prefeito, Vice e Vereadores de Santa Mercedes"},"content":{"rendered":"<h2 style=\"text-align: justify;\">Valdir Verona (PSDB) tomou posse nesta sexta-feira (1\u00ba) como prefeito de Santa Mercedes, o vice-prefeito \u00e9 Edivaldo Donato Soares (Vados). Ap\u00f3s a posse do prefeito, vice-prefeito e dos nove vereadores foi eleita a mesa diretora da C\u00e2mara. Rosangela Vieira da Cunha foi eleita presidente, vice-presidente Carlos Raimundo de Souza, 1\u00b0 secret\u00e1rio Jonas Silva dos Santos e 2\u00ba secret\u00e1rio Lucimarco Donato Soares (Bilico). A sess\u00e3o solene contou com a presen\u00e7a do ex-prefeito Manoel Donizete de Oliveira (Chegado) e da vice irm\u00e3 Neide.<\/h2>\n<p style=\"text-align: justify;\">Fonte: Let\u00edcia Pinheiro<\/p>\n<p style=\"text-align: justify;\">Na foto, da esq para a direita: o vice-prefeito Vado e a esposa Marina, o \u00a0prefeito Valdir Verona e a primeira-dama Regina C\u00e9lia; em p\u00e9: vereadores<\/p>\n","protected":false},"excerpt":{"rendered":"<p>Valdir Verona (PSDB) tomou posse nesta sexta-feira (1\u00ba) como prefeito de Santa Mercedes, o vice-prefeito \u00e9 Edivaldo Donato Soares (Vados). Ap\u00f3s a posse do prefeito, vice-prefeito e dos nove vereadores foi eleita a mesa diretora da C\u00e2mara. Rosangela Vieira da Cunha foi eleita presidente, vice-presidente Carlos Raimundo de Souza, 1\u00b0 secret\u00e1rio Jonas Silva dos Santos [&hellip;]<\/p>\n","protected":false},"author":1,"featured_media":41099,"comment_status":"closed","ping_status":"open","sticky":false,"template":"","format":"standard","meta":{"footnotes":""},"categories":[179,116,196],"tags":[],"class_list":["post-41098","post","type-post","status-publish","format-standard","has-post-thumbnail","hentry","category-cidadeseregiao","category-politicaeeconomia","category-santamercedes"],"_links":{"self":[{"href":"https:\/\/jorgezanoni.com.br\/2019\/wp-json\/wp\/v2\/posts\/41098","targetHints":{"allow":["GET"]}}],"collection":[{"href":"https:\/\/jorgezanoni.com.br\/2019\/wp-json\/wp\/v2\/posts"}],"about":[{"href":"https:\/\/jorgezanoni.com.br\/2019\/wp-json\/wp\/v2\/types\/post"}],"author":[{"embeddable":true,"href":"https:\/\/jorgezanoni.com.br\/2019\/wp-json\/wp\/v2\/users\/1"}],"replies":[{"embeddable":true,"href":"https:\/\/jorgezanoni.com.br\/2019\/wp-json\/wp\/v2\/comments?post=41098"}],"version-history":[{"count":0,"href":"https:\/\/jorgezanoni.com.br\/2019\/wp-json\/wp\/v2\/posts\/41098\/revisions"}],"wp:featuredmedia":[{"embeddable":true,"href":"https:\/\/jorgezanoni.com.br\/2019\/wp-json\/wp\/v2\/media\/41099"}],"wp:attachment":[{"href":"https:\/\/jorgezanoni.com.br\/2019\/wp-json\/wp\/v2\/media?parent=41098"}],"wp:term":[{"taxonomy":"category","embeddable":true,"href":"https:\/\/jorgezanoni.com.br\/2019\/wp-json\/wp\/v2\/categories?post=41098"},{"taxonomy":"post_tag","embeddable":true,"href":"https:\/\/jorgezanoni.com.br\/2019\/wp-json\/wp\/v2\/tags?post=41098"}],"curies":[{"name":"wp","href":"https:\/\/api.w.org\/{rel}","templated":true}]}}