{"id":41093,"date":"2021-01-03T15:47:10","date_gmt":"2021-01-03T15:47:10","guid":{"rendered":"https:\/\/jorgezanoni.com.br\/2019\/?p=41093"},"modified":"2021-01-03T15:47:10","modified_gmt":"2021-01-03T15:47:10","slug":"camara-municipal-da-posse-aos-novos-vereadores-prefeito-e-vice-prefeito-de-tupi-paulista","status":"publish","type":"post","link":"https:\/\/jorgezanoni.com.br\/2019\/camara-municipal-da-posse-aos-novos-vereadores-prefeito-e-vice-prefeito-de-tupi-paulista\/","title":{"rendered":"C\u00e2mara Municipal d\u00e1 posse aos novos vereadores, prefeito e vice-prefeito de Tupi Paulista.\u00a0"},"content":{"rendered":"<p style=\"text-align: justify;\">\u00a0\u00a0\u00a0\u00a0\u00a0\u00a0\u00a0\u00a0\u00a0\u00a0A cerim\u00f4nia que aconteceu na sede da C\u00e2mara Municipal de Tupi Paulista na manh\u00e3 do dia 1\u00ba de janeiro de 2021, conforme o Regimento Interno da Casa de Leis, n\u00e3o contou com a presen\u00e7a de p\u00fablico, sendo transmitida pela internet e pela Radio Tropical FM, e seguiu os protocolos da pandemia do COVID-19, foi presidida pelo vereador mais votado, Clovis Ant\u00f4nio Lopes \u2013 MDB (Clovis Pintor).<\/p>\n<p style=\"text-align: justify;\">\u00a0\u00a0\u00a0\u00a0\u00a0\u00a0\u00a0\u00a0\u00a0\u00a0Os nove vereadores eleitos em 15 de novembro, tomaram posse para o mandato 2021-2024, em uma cerim\u00f4nia restrita na C\u00e2mara Municipal. A Vereadora Joana Aparecida Ramos Garcia Grava &#8211; MDB (Zinha) por motivos de sa\u00fade n\u00e3o pode estar presente, mas participou da sess\u00e3o de forma on line.<\/p>\n<p style=\"text-align: justify;\">\u00a0\u00a0\u00a0\u00a0\u00a0\u00a0\u00a0\u00a0\u00a0\u00a0Al\u00e9m do prefeito Dr. Alexandre Tassoni Ant\u00f4nio e do vice-prefeito Dr. Ned\u00e9cio de L\u00e1zari, foram empossados os seguintes vereadores:<\/p>\n<p style=\"text-align: justify;\">Adenilson Gon\u00e7alves Bueno,<\/p>\n<p style=\"text-align: justify;\">Cl\u00f3vis Ant\u00f4nio Lopes,<\/p>\n<p style=\"text-align: justify;\">Gisele Moraes,<\/p>\n<p style=\"text-align: justify;\">Joana\u00a0Aparecida Ramos Garcia Grava<\/p>\n<p style=\"text-align: justify;\">Joisiany Ceber Anselmi,<\/p>\n<p style=\"text-align: justify;\">Jos\u00e9 Silveira,<\/p>\n<p style=\"text-align: justify;\">La\u00e9rcio Leandro da Silva,<\/p>\n<p style=\"text-align: justify;\">Nelson Ant\u00f4nio de Freitas Junior<\/p>\n<p style=\"text-align: justify;\">Terezinha Aparecida de Matos Vasconcelos<\/p>\n<p style=\"text-align: justify;\">\u00a0\u00a0\u00a0\u00a0\u00a0\u00a0\u00a0\u00a0\u00a0\u00a0Usou da tribuna o vereador Nelson Ant\u00f4nio de Freitas Junior \u2013 MDB, que falou em nome dos colegas vereadores eleitos, o vice-prefeito Dr. Ned\u00e9cio de L\u00e1zari \u2013 PSDB e o Prefeito Dr. Alexandre Tassoni Ant\u00f4nio \u2013 DEM tamb\u00e9m discursaram na tribuna da c\u00e2mara.<\/p>\n<p style=\"text-align: justify;\">\u00a0\u00a0\u00a0\u00a0\u00a0\u00a0\u00a0\u00a0\u00a0\u00a0Ap\u00f3s a Sess\u00e3o Solene de Posse, aconteceu a Sess\u00e3o para Elei\u00e7\u00e3o da Mesa Diretora da C\u00e2mara Municipal de Tupi Paulista para o bi\u00eanio 2021-2022, que ficou assim constitu\u00edda:<\/p>\n<p style=\"text-align: justify;\">Presidente &#8211; Cl\u00f3vis Ant\u00f4nio Lopes &#8211; MDB<\/p>\n<p style=\"text-align: justify;\">\u00a0\u00a0\u00a0\u00a0\u00a0\u00a0\u00a0\u00a0\u00a0\u00a0Vice-presidente &#8211; Joana Aparecida Ramos Garcia Grava &#8211; MDB<\/p>\n<p style=\"text-align: justify;\">\u00a0\u00a0\u00a0\u00a0\u00a0\u00a0\u00a0\u00a0\u00a0\u00a0Primeira Secretaria &#8211; Terezinha Aparecida de Matos Vasconcelos &#8211; PT<\/p>\n<p style=\"text-align: justify;\">\u00a0\u00a0\u00a0\u00a0\u00a0\u00a0\u00a0\u00a0\u00a0\u00a0Segunda Secretaria &#8211; Gisele Morais &#8211; DEM<\/p>\n<p><img loading=\"lazy\" decoding=\"async\" class=\"alignnone size-full wp-image-41094\" src=\"https:\/\/jorgezanoni.com.br\/2019\/wp-content\/uploads\/2021\/01\/zun-tupi-2.jpg\" alt=\"\" width=\"800\" height=\"532\" srcset=\"https:\/\/jorgezanoni.com.br\/2019\/wp-content\/uploads\/2021\/01\/zun-tupi-2.jpg 800w, https:\/\/jorgezanoni.com.br\/2019\/wp-content\/uploads\/2021\/01\/zun-tupi-2-300x200.jpg 300w, https:\/\/jorgezanoni.com.br\/2019\/wp-content\/uploads\/2021\/01\/zun-tupi-2-768x511.jpg 768w, https:\/\/jorgezanoni.com.br\/2019\/wp-content\/uploads\/2021\/01\/zun-tupi-2-696x463.jpg 696w, https:\/\/jorgezanoni.com.br\/2019\/wp-content\/uploads\/2021\/01\/zun-tupi-2-632x420.jpg 632w\" sizes=\"auto, (max-width: 800px) 100vw, 800px\" \/> <img loading=\"lazy\" decoding=\"async\" class=\"alignnone size-full wp-image-41096\" src=\"https:\/\/jorgezanoni.com.br\/2019\/wp-content\/uploads\/2021\/01\/zun-tupi1.jpg\" alt=\"\" width=\"800\" height=\"532\" srcset=\"https:\/\/jorgezanoni.com.br\/2019\/wp-content\/uploads\/2021\/01\/zun-tupi1.jpg 800w, https:\/\/jorgezanoni.com.br\/2019\/wp-content\/uploads\/2021\/01\/zun-tupi1-300x200.jpg 300w, https:\/\/jorgezanoni.com.br\/2019\/wp-content\/uploads\/2021\/01\/zun-tupi1-768x511.jpg 768w, https:\/\/jorgezanoni.com.br\/2019\/wp-content\/uploads\/2021\/01\/zun-tupi1-696x463.jpg 696w, https:\/\/jorgezanoni.com.br\/2019\/wp-content\/uploads\/2021\/01\/zun-tupi1-632x420.jpg 632w\" sizes=\"auto, (max-width: 800px) 100vw, 800px\" \/><\/p>\n<p style=\"text-align: justify;\">Fonte: ANTONIO LUCIANO TEIXEIRA<\/p>\n","protected":false},"excerpt":{"rendered":"<p>\u00a0\u00a0\u00a0\u00a0\u00a0\u00a0\u00a0\u00a0\u00a0\u00a0A cerim\u00f4nia que aconteceu na sede da C\u00e2mara Municipal de Tupi Paulista na manh\u00e3 do dia 1\u00ba de janeiro de 2021, conforme o Regimento Interno da Casa de Leis, n\u00e3o contou com a presen\u00e7a de p\u00fablico, sendo transmitida pela internet e pela Radio Tropical FM, e seguiu os protocolos da pandemia do COVID-19, foi presidida [&hellip;]<\/p>\n","protected":false},"author":1,"featured_media":41095,"comment_status":"closed","ping_status":"open","sticky":false,"template":"","format":"standard","meta":{"footnotes":""},"categories":[179,116,185],"tags":[],"class_list":["post-41093","post","type-post","status-publish","format-standard","has-post-thumbnail","hentry","category-cidadeseregiao","category-politicaeeconomia","category-tupipaulista"],"_links":{"self":[{"href":"https:\/\/jorgezanoni.com.br\/2019\/wp-json\/wp\/v2\/posts\/41093","targetHints":{"allow":["GET"]}}],"collection":[{"href":"https:\/\/jorgezanoni.com.br\/2019\/wp-json\/wp\/v2\/posts"}],"about":[{"href":"https:\/\/jorgezanoni.com.br\/2019\/wp-json\/wp\/v2\/types\/post"}],"author":[{"embeddable":true,"href":"https:\/\/jorgezanoni.com.br\/2019\/wp-json\/wp\/v2\/users\/1"}],"replies":[{"embeddable":true,"href":"https:\/\/jorgezanoni.com.br\/2019\/wp-json\/wp\/v2\/comments?post=41093"}],"version-history":[{"count":0,"href":"https:\/\/jorgezanoni.com.br\/2019\/wp-json\/wp\/v2\/posts\/41093\/revisions"}],"wp:featuredmedia":[{"embeddable":true,"href":"https:\/\/jorgezanoni.com.br\/2019\/wp-json\/wp\/v2\/media\/41095"}],"wp:attachment":[{"href":"https:\/\/jorgezanoni.com.br\/2019\/wp-json\/wp\/v2\/media?parent=41093"}],"wp:term":[{"taxonomy":"category","embeddable":true,"href":"https:\/\/jorgezanoni.com.br\/2019\/wp-json\/wp\/v2\/categories?post=41093"},{"taxonomy":"post_tag","embeddable":true,"href":"https:\/\/jorgezanoni.com.br\/2019\/wp-json\/wp\/v2\/tags?post=41093"}],"curies":[{"name":"wp","href":"https:\/\/api.w.org\/{rel}","templated":true}]}}