{"id":4104,"date":"2019-08-19T16:18:49","date_gmt":"2019-08-19T16:18:49","guid":{"rendered":"https:\/\/jorgezanoni.com.br\/2019\/?p=4104"},"modified":"2019-08-19T16:18:49","modified_gmt":"2019-08-19T16:18:49","slug":"identificada-crianca-de-9-anos-que-se-afogou-no-inicio-da-tarde-deste-sabado","status":"publish","type":"post","link":"https:\/\/jorgezanoni.com.br\/2019\/identificada-crianca-de-9-anos-que-se-afogou-no-inicio-da-tarde-deste-sabado\/","title":{"rendered":"Identificada crian\u00e7a de 9 anos que se afogou no in\u00edcio da tarde deste s\u00e1bado."},"content":{"rendered":"<p style=\"text-align: justify;\">Kau\u00ea Aparecido de Souza Oliveira, de 09 anos, infelizmente n\u00e3o resistiu ap\u00f3s <a href=\"https:\/\/portal.maistupa.com\/2019\/08\/17\/crianca-de-9-anos-morre-afogada-em-acude-na-zona-rural-de-tupa-na-tarde-deste-sabado\/\" target=\"_blank\" rel=\"noopener noreferrer\">se afogar em um a\u00e7ude na zona rural de Tup\u00e3, no in\u00edcio da tarde deste s\u00e1bado<\/a>.\u00a0 De acordo com informa\u00e7\u00f5es da Pol\u00edcia Militar, a crian\u00e7a teria ido ao local da fatalidade com alguns amigos, na mesma faixa et\u00e1ria, quando ocorreu o afogamento.<\/p>\n<p style=\"text-align: justify;\">Ainda segundo informes da PM, os amigos de Kau\u00ea demoraram para pedir socorro ap\u00f3s a crian\u00e7a afundar e n\u00e3o reaparecer. A \u00e1gua no local do afogamento \u00e9 muito turva, o que dificultou a a\u00e7\u00e3o de resgate.<\/p>\n<p style=\"text-align: justify;\">A crian\u00e7a chegou a ser socorrida, mas j\u00e1 em parada cardio-respirat\u00f3ria, e mesmo com esfor\u00e7os do Corpo de Bombeiros e da equipe da Santa Casa a crian\u00e7a acabou n\u00e3o resistindo.<\/p>\n<p style=\"text-align: justify;\">Fonte: maistupa.com<\/p>\n","protected":false},"excerpt":{"rendered":"<p>Kau\u00ea Aparecido de Souza Oliveira, de 09 anos, infelizmente n\u00e3o resistiu ap\u00f3s se afogar em um a\u00e7ude na zona rural de Tup\u00e3, no in\u00edcio da tarde deste s\u00e1bado.\u00a0 De acordo com informa\u00e7\u00f5es da Pol\u00edcia Militar, a crian\u00e7a teria ido ao local da fatalidade com alguns amigos, na mesma faixa et\u00e1ria, quando ocorreu o afogamento. Ainda [&hellip;]<\/p>\n","protected":false},"author":1,"featured_media":4105,"comment_status":"closed","ping_status":"open","sticky":false,"template":"","format":"standard","meta":{"footnotes":""},"categories":[110,2],"tags":[],"class_list":["post-4104","post","type-post","status-publish","format-standard","has-post-thumbnail","hentry","category-noticiasdestaque","category-policial"],"_links":{"self":[{"href":"https:\/\/jorgezanoni.com.br\/2019\/wp-json\/wp\/v2\/posts\/4104","targetHints":{"allow":["GET"]}}],"collection":[{"href":"https:\/\/jorgezanoni.com.br\/2019\/wp-json\/wp\/v2\/posts"}],"about":[{"href":"https:\/\/jorgezanoni.com.br\/2019\/wp-json\/wp\/v2\/types\/post"}],"author":[{"embeddable":true,"href":"https:\/\/jorgezanoni.com.br\/2019\/wp-json\/wp\/v2\/users\/1"}],"replies":[{"embeddable":true,"href":"https:\/\/jorgezanoni.com.br\/2019\/wp-json\/wp\/v2\/comments?post=4104"}],"version-history":[{"count":0,"href":"https:\/\/jorgezanoni.com.br\/2019\/wp-json\/wp\/v2\/posts\/4104\/revisions"}],"wp:featuredmedia":[{"embeddable":true,"href":"https:\/\/jorgezanoni.com.br\/2019\/wp-json\/wp\/v2\/media\/4105"}],"wp:attachment":[{"href":"https:\/\/jorgezanoni.com.br\/2019\/wp-json\/wp\/v2\/media?parent=4104"}],"wp:term":[{"taxonomy":"category","embeddable":true,"href":"https:\/\/jorgezanoni.com.br\/2019\/wp-json\/wp\/v2\/categories?post=4104"},{"taxonomy":"post_tag","embeddable":true,"href":"https:\/\/jorgezanoni.com.br\/2019\/wp-json\/wp\/v2\/tags?post=4104"}],"curies":[{"name":"wp","href":"https:\/\/api.w.org\/{rel}","templated":true}]}}