{"id":41029,"date":"2021-01-02T01:41:41","date_gmt":"2021-01-02T01:41:41","guid":{"rendered":"https:\/\/jorgezanoni.com.br\/2019\/?p=41029"},"modified":"2021-01-02T01:41:41","modified_gmt":"2021-01-02T01:41:41","slug":"avenida-washington-luiz-em-dracena-e-o-retrato-da-sujeira-e-despreocupacao-com-a-pandemia","status":"publish","type":"post","link":"https:\/\/jorgezanoni.com.br\/2019\/avenida-washington-luiz-em-dracena-e-o-retrato-da-sujeira-e-despreocupacao-com-a-pandemia\/","title":{"rendered":"Avenida Washington Luiz em Dracena \u00e9 o retrato da sujeira e despreocupa\u00e7\u00e3o com a Pandemia"},"content":{"rendered":"<p style=\"text-align: justify;\"><strong>Internautas indignados, enviam fotos e v\u00eddeos do desrespeito principalmente da grande maioria de jovens na Avenida Washington Luiz em Dracena.<\/strong><\/p>\n<div style=\"width: 480px;\" class=\"wp-video\"><video class=\"wp-video-shortcode\" id=\"video-41029-1\" width=\"480\" height=\"848\" preload=\"metadata\" controls=\"controls\"><source type=\"video\/mp4\" src=\"https:\/\/jorgezanoni.com.br\/2019\/wp-content\/uploads\/2021\/01\/WhatsApp-Video-2021-01-01-at-14.32.42.mp4?_=1\" \/><a href=\"https:\/\/jorgezanoni.com.br\/2019\/wp-content\/uploads\/2021\/01\/WhatsApp-Video-2021-01-01-at-14.32.42.mp4\">https:\/\/jorgezanoni.com.br\/2019\/wp-content\/uploads\/2021\/01\/WhatsApp-Video-2021-01-01-at-14.32.42.mp4<\/a><\/video><\/div>\n<div style=\"width: 480px;\" class=\"wp-video\"><video class=\"wp-video-shortcode\" id=\"video-41029-2\" width=\"480\" height=\"848\" preload=\"metadata\" controls=\"controls\"><source type=\"video\/mp4\" src=\"https:\/\/jorgezanoni.com.br\/2019\/wp-content\/uploads\/2021\/01\/WhatsApp-Video-2021-01-01-at-14.32.41.mp4?_=2\" \/><a href=\"https:\/\/jorgezanoni.com.br\/2019\/wp-content\/uploads\/2021\/01\/WhatsApp-Video-2021-01-01-at-14.32.41.mp4\">https:\/\/jorgezanoni.com.br\/2019\/wp-content\/uploads\/2021\/01\/WhatsApp-Video-2021-01-01-at-14.32.41.mp4<\/a><\/video><\/div>\n<div style=\"width: 640px;\" class=\"wp-video\"><video class=\"wp-video-shortcode\" id=\"video-41029-3\" width=\"640\" height=\"352\" preload=\"metadata\" controls=\"controls\"><source type=\"video\/mp4\" src=\"https:\/\/jorgezanoni.com.br\/2019\/wp-content\/uploads\/2021\/01\/WhatsApp-Video-2021-01-01-at-14.18.02.mp4?_=3\" \/><a href=\"https:\/\/jorgezanoni.com.br\/2019\/wp-content\/uploads\/2021\/01\/WhatsApp-Video-2021-01-01-at-14.18.02.mp4\">https:\/\/jorgezanoni.com.br\/2019\/wp-content\/uploads\/2021\/01\/WhatsApp-Video-2021-01-01-at-14.18.02.mp4<\/a><\/video><\/div>\n<p style=\"text-align: justify;\">Al\u00e9m de n\u00e3o se ver praticamente ningu\u00e9m de m\u00e1scara, as bebidas rolando solto com muitos menores, e som nas alturas, ficou a sujeira que deixaram na extens\u00e3o daquela via.<\/p>\n<p style=\"text-align: justify;\">Ainda tem muita gente achando que esse v\u00edrus \u00e9 brincadeira, enquanto muitas fam\u00edlias se contentaram em apenas dar abra\u00e7os virtuais atrav\u00e9s de redes sociais, a juventude irrespons\u00e1vel acha que pode tudo.<\/p>\n<p style=\"text-align: justify;\">Ser\u00e1 que nenhum deles tem pessoas de risco em casa, pais, tios, av\u00f3s? Depois que a coisa acontecer n\u00e3o adianta chorar o leite derramado. Janeiro promete!!!<\/p>\n<p style=\"text-align: justify;\">Seria interessante que tivessem bom censo e vergonha na cara e n\u00e3o deixassem tanto lixo na rua. Ali tem com\u00e9rcio e funcion\u00e1rios que n\u00e3o s\u00e3o obrigados a limpar a sujeira. Tamb\u00e9m necessidades f\u00edsicas em frente de resid\u00eancias tem deixado mau cheiro pelas imedia\u00e7\u00f5es.<\/p>\n<p style=\"text-align: justify;\">Festejar \u00e9 bom, comemorar \u00e9 melhor ainda, mas quando n\u00e3o se prejudica terceiros e n\u00e3o compromete a sa\u00fade de ningu\u00e9m.<\/p>\n<p style=\"text-align: justify;\">Pais, vamos conversar com seus filhos. Filhos pensem um pouco no que voc\u00eas podem fazer de bom para a humanidade, seja na sa\u00fade ou no meio ambiente.<\/p>\n<p style=\"text-align: justify;\">O Planeta agradece!!!<\/p>\n<p><img loading=\"lazy\" decoding=\"async\" class=\"alignnone size-full wp-image-41033\" src=\"https:\/\/jorgezanoni.com.br\/2019\/wp-content\/uploads\/2021\/01\/rua.jpg\" alt=\"\" width=\"1280\" height=\"960\" srcset=\"https:\/\/jorgezanoni.com.br\/2019\/wp-content\/uploads\/2021\/01\/rua.jpg 1280w, https:\/\/jorgezanoni.com.br\/2019\/wp-content\/uploads\/2021\/01\/rua-300x225.jpg 300w, https:\/\/jorgezanoni.com.br\/2019\/wp-content\/uploads\/2021\/01\/rua-1024x768.jpg 1024w, https:\/\/jorgezanoni.com.br\/2019\/wp-content\/uploads\/2021\/01\/rua-768x576.jpg 768w, https:\/\/jorgezanoni.com.br\/2019\/wp-content\/uploads\/2021\/01\/rua-80x60.jpg 80w, https:\/\/jorgezanoni.com.br\/2019\/wp-content\/uploads\/2021\/01\/rua-265x198.jpg 265w, https:\/\/jorgezanoni.com.br\/2019\/wp-content\/uploads\/2021\/01\/rua-696x522.jpg 696w, https:\/\/jorgezanoni.com.br\/2019\/wp-content\/uploads\/2021\/01\/rua-1068x801.jpg 1068w, https:\/\/jorgezanoni.com.br\/2019\/wp-content\/uploads\/2021\/01\/rua-560x420.jpg 560w\" sizes=\"auto, (max-width: 1280px) 100vw, 1280px\" \/><\/p>\n<p style=\"text-align: justify;\">Jorge Zanoni<\/p>\n<p style=\"text-align: justify;\">\n","protected":false},"excerpt":{"rendered":"<p>Internautas indignados, enviam fotos e v\u00eddeos do desrespeito principalmente da grande maioria de jovens na Avenida Washington Luiz em Dracena. Al\u00e9m de n\u00e3o se ver praticamente ningu\u00e9m de m\u00e1scara, as bebidas rolando solto com muitos menores, e som nas alturas, ficou a sujeira que deixaram na extens\u00e3o daquela via. Ainda tem muita gente achando que [&hellip;]<\/p>\n","protected":false},"author":1,"featured_media":41034,"comment_status":"closed","ping_status":"open","sticky":false,"template":"","format":"video","meta":{"footnotes":""},"categories":[179,184,110,169],"tags":[],"class_list":["post-41029","post","type-post","status-publish","format-video","has-post-thumbnail","hentry","category-cidadeseregiao","category-dracena","category-noticiasdestaque","category-videos","post_format-post-format-video"],"_links":{"self":[{"href":"https:\/\/jorgezanoni.com.br\/2019\/wp-json\/wp\/v2\/posts\/41029","targetHints":{"allow":["GET"]}}],"collection":[{"href":"https:\/\/jorgezanoni.com.br\/2019\/wp-json\/wp\/v2\/posts"}],"about":[{"href":"https:\/\/jorgezanoni.com.br\/2019\/wp-json\/wp\/v2\/types\/post"}],"author":[{"embeddable":true,"href":"https:\/\/jorgezanoni.com.br\/2019\/wp-json\/wp\/v2\/users\/1"}],"replies":[{"embeddable":true,"href":"https:\/\/jorgezanoni.com.br\/2019\/wp-json\/wp\/v2\/comments?post=41029"}],"version-history":[{"count":0,"href":"https:\/\/jorgezanoni.com.br\/2019\/wp-json\/wp\/v2\/posts\/41029\/revisions"}],"wp:featuredmedia":[{"embeddable":true,"href":"https:\/\/jorgezanoni.com.br\/2019\/wp-json\/wp\/v2\/media\/41034"}],"wp:attachment":[{"href":"https:\/\/jorgezanoni.com.br\/2019\/wp-json\/wp\/v2\/media?parent=41029"}],"wp:term":[{"taxonomy":"category","embeddable":true,"href":"https:\/\/jorgezanoni.com.br\/2019\/wp-json\/wp\/v2\/categories?post=41029"},{"taxonomy":"post_tag","embeddable":true,"href":"https:\/\/jorgezanoni.com.br\/2019\/wp-json\/wp\/v2\/tags?post=41029"}],"curies":[{"name":"wp","href":"https:\/\/api.w.org\/{rel}","templated":true}]}}