{"id":41023,"date":"2021-01-01T19:33:44","date_gmt":"2021-01-01T19:33:44","guid":{"rendered":"https:\/\/jorgezanoni.com.br\/2019\/?p=41023"},"modified":"2021-01-01T19:33:44","modified_gmt":"2021-01-01T19:33:44","slug":"ed-thomas-libera-funcionamento-do-comercio-apesar-de-presidente-prudente-ainda-continuar-na-fase-vermelha-veja-decreto","status":"publish","type":"post","link":"https:\/\/jorgezanoni.com.br\/2019\/ed-thomas-libera-funcionamento-do-comercio-apesar-de-presidente-prudente-ainda-continuar-na-fase-vermelha-veja-decreto\/","title":{"rendered":"Ed Thomas libera funcionamento do com\u00e9rcio, apesar de Presidente Prudente ainda continuar na fase vermelha; veja decreto"},"content":{"rendered":"<div class=\"mc-column content-text active-extra-styles \" data-block-type=\"unstyled\" data-block-weight=\"60\" data-block-id=\"2\">\n<p class=\"content-text__container \" style=\"text-align: justify;\" data-track-category=\"Link no Texto\" data-track-links=\"\">O novo prefeito de\u00a0<a href=\"https:\/\/g1.globo.com\/sp\/presidente-prudente-regiao\/cidade\/presidente-prudente\/\">Presidente Prudente<\/a>, Ed Thomas (PSB), liberou o funcionamento do com\u00e9rcio na cidade a partir da pr\u00f3xima segunda-feira (4), apesar de o munic\u00edpio ainda permanecer na fase vermelha do Plano S\u00e3o Paulo, o programa do governo do Estado que disciplina as atividades econ\u00f4micas no territ\u00f3rio paulista (<strong><em>veja nas imagens ao fim desta reportagem a \u00edntegra do decreto<\/em><\/strong>).<\/p>\n<\/div>\n<div class=\"wall protected-content\">\n<div class=\"mc-column content-text active-extra-styles \" style=\"text-align: justify;\" data-block-type=\"unstyled\" data-block-weight=\"74\" data-block-id=\"3\">\n<p class=\"content-text__container \" data-track-category=\"Link no Texto\" data-track-links=\"\">Ap\u00f3s ser empossado no cargo em cerim\u00f4nia realizada na C\u00e2mara Municipal no per\u00edodo da manh\u00e3, Ed Thomas seguiu para o Pa\u00e7o Municipal, onde fica a sede do Poder Executivo, e anunciou no in\u00edcio da tarde desta sexta-feira (1\u00ba) a anula\u00e7\u00e3o do decreto municipal assinado pelo seu antecessor, Nelson Roberto Bugalho (PSDB), que seguia o decreto estadual do governador Jo\u00e3o Doria Junior (PSDB) e impunha medidas restritivas para o funcionamento das atividades econ\u00f4micas na cidade.<\/p>\n<\/div>\n<div class=\"mc-column content-text active-extra-styles \" style=\"text-align: justify;\" data-block-type=\"unstyled\" data-block-weight=\"41\" data-block-id=\"4\">\n<p class=\"content-text__container \" data-track-category=\"Link no Texto\" data-track-links=\"\">Ed Thomas salientou que a Prefeitura precisa continuar fiscalizando os cuidados e protocolos sanit\u00e1rios necess\u00e1rios para prevenir a prolifera\u00e7\u00e3o da pandemia da Covid-19 e criar mais responsabilidade de combate ao novo coronav\u00edrus, mas enfatizou que tem de deixar as pessoas trabalharem.<\/p>\n<\/div>\n<div class=\"mc-column content-text active-extra-styles \" style=\"text-align: justify;\" data-block-type=\"unstyled\" data-block-weight=\"24\" data-block-id=\"5\">\n<p class=\"content-text__container \" data-track-category=\"Link no Texto\" data-track-links=\"\">\u201cAs pessoas est\u00e3o descrentes dos pol\u00edticos, mas n\u00e3o podem descrer do v\u00edrus; ele existe e \u00e9 letal\u201d, afirmou o novo prefeito de Presidente Prudente.<\/p>\n<\/div>\n<div class=\"mc-column content-text active-extra-styles \" data-block-type=\"unstyled\" data-block-weight=\"29\" data-block-id=\"6\">\n<p class=\"content-text__container \" style=\"text-align: justify;\" data-track-category=\"Link no Texto\" data-track-links=\"\">Ed Thomas salientou que buscar\u00e1 apoio da Pol\u00edcia Militar para impedir aglomera\u00e7\u00f5es de pessoas e festas sem autoriza\u00e7\u00e3o e que os protocolos sanit\u00e1rios ser\u00e3o seguidos \u00e0 risca pela Prefeitura.<\/p>\n<div class=\"mc-column content-text active-extra-styles \" style=\"text-align: justify;\" data-block-type=\"unstyled\" data-block-weight=\"56\" data-block-id=\"9\">\n<p class=\"content-text__container \" data-track-category=\"Link no Texto\" data-track-links=\"\">No decreto assinado nesta sexta-feira (1\u00ba), Ed Thomas afirma que o munic\u00edpio de Presidente Prudente n\u00e3o teve acesso oficial aos levantamentos e dados t\u00e9cnicos, eventualmente promovidos por especialistas, que pudessem justificar a paralisa\u00e7\u00e3o da atividade econ\u00f4mica da regi\u00e3o, que foi reclassificada pelo governo do Estado para a fase vermelha, a mais restritiva, do Plano S\u00e3o Paulo.<\/p>\n<\/div>\n<div class=\"mc-column content-text active-extra-styles \" style=\"text-align: justify;\" data-block-type=\"unstyled\" data-block-weight=\"36\" data-block-id=\"10\">\n<p class=\"content-text__container \" data-track-category=\"Link no Texto\" data-track-links=\"\">\u201cO munic\u00edpio deve pautar suas decis\u00f5es em crit\u00e9rios transparentes, com an\u00e1lise de todas as fontes, sejam elas dos Governos Federal ou Estadual, mas, sobretudo, atrav\u00e9s da an\u00e1lise clara e precisa das condi\u00e7\u00f5es locais\u201d, salienta o prefeito.<\/p>\n<\/div>\n<div class=\"mc-column content-text active-extra-styles \" style=\"text-align: justify;\" data-block-type=\"unstyled\" data-block-weight=\"45\" data-block-id=\"11\">\n<p class=\"content-text__container \" data-track-category=\"Link no Texto\" data-track-links=\"\">Ainda nesta sexta-feira (1\u00ba), Ed Thomas instituiu o Grupo Executivo de Trabalho de Preven\u00e7\u00e3o e Enfrentamento \u00e0 Covid-19 e dos Impactos da Pandemia em Outras Doen\u00e7as, que ser\u00e1 presidido pelo secret\u00e1rio municipal de Sa\u00fade, , e contar\u00e1 com representantes, t\u00e9cnicos e especialistas dos seguintes setores:<\/p>\n<\/div>\n<div class=\"mc-column content-text active-extra-styles\" style=\"text-align: justify;\" data-block-type=\"raw\" data-block-weight=\"39\" data-block-id=\"12\">\n<ul class=\"content-unordered-list\">\n<li>Vigil\u00e2ncia Epidemiol\u00f3gica Municipal;<\/li>\n<li>Vigil\u00e2ncia Sanit\u00e1ria Municipal;<\/li>\n<li>Aten\u00e7\u00e3o B\u00e1sica em Sa\u00fade;<\/li>\n<li>Hospitais da rede p\u00fablica, filantr\u00f3picos e particulares;<\/li>\n<li>Secretaria Municipal de Educa\u00e7\u00e3o;<\/li>\n<li>Secretaria Municipal de Assist\u00eancia Social;<\/li>\n<li>Secretaria Municipal de Desenvolvimento Econ\u00f4mico; e<\/li>\n<li>Secretaria Municipal de Assuntos Jur\u00eddicos e Legislativos.<\/li>\n<\/ul>\n<\/div>\n<div class=\"mc-column content-text active-extra-styles \" style=\"text-align: justify;\" data-block-type=\"unstyled\" data-block-weight=\"24\" data-block-id=\"13\">\n<p class=\"content-text__container \" data-track-category=\"Link no Texto\" data-track-links=\"\">O grupo executivo ter\u00e1 atua\u00e7\u00e3o permanente, enquanto durar a pandemia, e ir\u00e1 se reunir ordinariamente a cada 14 dias ou, extraordinariamente, sempre que necess\u00e1rio.<\/p>\n<\/div>\n<div class=\"content-ads content-ads--reveal\" style=\"text-align: justify;\" data-block-type=\"ads\" data-block-id=\"14\">\n<div id=\"banner_materia__77a269e1-a02f-45b8-b651-b378cabe7930\" class=\"tag-manager-publicidade-container mc-has-reveal mc-has-ad-lazyload\" data-id=\"banner_materia__77a269e1-a02f-45b8-b651-b378cabe7930\"><\/div>\n<\/div>\n<div class=\"mc-column content-text active-extra-styles \" style=\"text-align: justify;\" data-block-type=\"unstyled\" data-block-weight=\"23\" data-block-id=\"15\">\n<p class=\"content-text__container \" data-track-category=\"Link no Texto\" data-track-links=\"\">O chefe do Poder Executivo dever\u00e1 ser cientificado das delibera\u00e7\u00f5es e orienta\u00e7\u00f5es do grupo executivo, de modo a amparar a tomada de decis\u00f5es.<\/p>\n<\/div>\n<div class=\"mc-column content-text active-extra-styles \" style=\"text-align: justify;\" data-block-type=\"unstyled\" data-block-weight=\"24\" data-block-id=\"16\">\n<p class=\"content-text__container \" data-track-category=\"Link no Texto\" data-track-links=\"\">No \u00faltimo dia 22 de dezembro, o governo do Estado rebaixou a regi\u00e3o de Presidente Prudente para a fase vermelha do Plano S\u00e3o Paulo.<\/p>\n<\/div>\n<div class=\"mc-column content-text active-extra-styles \" style=\"text-align: justify;\" data-block-type=\"unstyled\" data-block-weight=\"28\" data-block-id=\"17\">\n<p class=\"content-text__container \" data-track-category=\"Link no Texto\" data-track-links=\"\">O motivo apontado para o regresso foi o \u00edndice de 83,1% de ocupa\u00e7\u00e3o de leitos de Unidades de Terapia Intensiva (UTIs) para o tratamento de pacientes com Covid-19.<\/p>\n<\/div>\n<div class=\"mc-column content-text active-extra-styles \" style=\"text-align: justify;\" data-block-type=\"unstyled\" data-block-weight=\"36\" data-block-id=\"18\">\n<p class=\"content-text__container \" data-track-category=\"Link no Texto\" data-track-links=\"\">A regi\u00e3o de Presidente Prudente, que desde o m\u00eas de setembro estava na faixa amarela, foi a \u00fanica rebaixada para a etapa vermelha, que \u00e9 aquela que imp\u00f5e as maiores restri\u00e7\u00f5es ao funcionamento de atividades econ\u00f4micas.<\/p>\n<\/div>\n<div class=\"mc-column content-text active-extra-styles \" style=\"text-align: justify;\" data-block-type=\"unstyled\" data-block-weight=\"47\" data-block-id=\"19\">\n<p class=\"content-text__container \" data-track-category=\"Link no Texto\" data-track-links=\"\">Todas as outras 16 regi\u00f5es do Estado foram mantidas na fase amarela, que \u00e9 uma etapa intermedi\u00e1ria do chamado Plano S\u00e3o Paulo, o programa adotado pelo governo paulista desde o in\u00edcio da pandemia do novo coronav\u00edrus com regras para o distanciamento social e o enfrentamento da quarentena.<\/p>\n<\/div>\n<div class=\"mc-column content-text active-extra-styles \" style=\"text-align: justify;\" data-block-type=\"unstyled\" data-block-weight=\"20\" data-block-id=\"20\">\n<p class=\"content-text__container \" data-track-category=\"Link no Texto\" data-track-links=\"\">A pr\u00f3xima classifica\u00e7\u00e3o do Plano S\u00e3o Paulo ser\u00e1 realizada pelo Pal\u00e1cio dos Bandeirantes no dia 7 de janeiro de 2021.<\/p>\n<\/div>\n<div class=\"mc-column content-text active-extra-styles \" style=\"text-align: justify;\" data-block-type=\"unstyled\" data-block-weight=\"28\" data-block-id=\"21\">\n<p class=\"content-text__container \" data-track-category=\"Link no Texto\" data-track-links=\"\">O rebaixamento para a fase vermelha atingiu todos os 44 munic\u00edpios do Oeste Paulista que s\u00e3o vinculados ao Departamento Regional de Sa\u00fade (DRS) com sede em Presidente Prudente.<\/p>\n<\/div>\n<div class=\"mc-column content-text active-extra-styles \" style=\"text-align: justify;\" data-block-type=\"unstyled\" data-block-weight=\"21\" data-block-id=\"22\">\n<p class=\"content-text__container \" data-track-category=\"Link no Texto\" data-track-links=\"\">J\u00e1 os outros 12 munic\u00edpios tamb\u00e9m integrantes do Oeste Paulista que fazem parte do DRS de Mar\u00edlia seguem na fase amarela.<\/p>\n<\/div>\n<div class=\"mc-column content-text active-extra-styles \" style=\"text-align: justify;\" data-block-type=\"unstyled\" data-block-weight=\"21\" data-block-id=\"23\">\n<p class=\"content-text__container \" data-track-category=\"Link no Texto\" data-track-links=\"\">Os 56 munic\u00edpios do Oeste Paulista est\u00e3o divididos entre os departamentos regionais de Sa\u00fade (DRSs) de Mar\u00edlia e de Presidente Prudente.<\/p>\n<\/div>\n<div class=\"mc-column content-text active-extra-styles \" style=\"text-align: justify;\" data-block-type=\"unstyled\" data-block-weight=\"97\" data-block-id=\"24\">\n<p class=\"content-text__container \" data-track-category=\"Link no Texto\" data-track-links=\"\">Quando come\u00e7aram as atualiza\u00e7\u00f5es do Plano S\u00e3o Paulo, em 27 de maio, os 44 munic\u00edpios do Oeste Paulista vinculados ao DRS de Presidente Prudente estavam classificados na fase amarela. Depois, em 10 de junho, regrediram para a fase vermelha, na qual permaneceram at\u00e9 10 de julho, quando subiram para a etapa laranja. Esta regi\u00e3o continuou estagnada, sem evolu\u00e7\u00e3o ou decr\u00e9scimo, na fase laranja, at\u00e9 conseguir passar para a etapa amarela no dia 4 de setembro. No dia 22 de dezembro, o DRS de Presidente Prudente recuou para a fase vermelha, a mais restritiva do Plano S\u00e3o Paulo.<\/p>\n<\/div>\n<div class=\"content-ads content-ads--reveal\" style=\"text-align: justify;\" data-block-type=\"ads\" data-block-id=\"25\">\n<div id=\"banner_materia__e20510e7-37d3-49eb-8083-f5e970a2fbba\" class=\"tag-manager-publicidade-container mc-has-reveal mc-has-ad-lazyload\" data-id=\"banner_materia__e20510e7-37d3-49eb-8083-f5e970a2fbba\"><\/div>\n<\/div>\n<div class=\"mc-column content-text active-extra-styles \" style=\"text-align: justify;\" data-block-type=\"unstyled\" data-block-weight=\"108\" data-block-id=\"26\">\n<p class=\"content-text__container \" data-track-category=\"Link no Texto\" data-track-links=\"\">J\u00e1 os 12 munic\u00edpios do Oeste Paulista atrelados ao DRS de Mar\u00edlia come\u00e7aram, em 27 de maio, na fase laranja. Em 19 de junho, deca\u00edram para a fase vermelha. Em 10 de julho, subiram para a fase laranja, na qual ficaram at\u00e9 a atualiza\u00e7\u00e3o feita em 7 de agosto, quando evolu\u00edram pela primeira vez para a etapa amarela. No dia 21 de agosto, voltaram a regredir para a fase laranja, na qual permaneceram at\u00e9 o dia 4 de setembro, quando retornaram para a etapa amarela. Na atualiza\u00e7\u00e3o do Plano S\u00e3o Paulo feita em 22 de dezembro, o governo do Estado manteve o DRS de Mar\u00edlia na fase amarela.<\/p>\n<\/div>\n<div class=\"mc-column content-text active-extra-styles \" style=\"text-align: justify;\" data-block-type=\"unstyled\" data-block-weight=\"13\" data-block-id=\"27\">\n<p class=\"content-text__container \" data-track-category=\"Link no Texto\" data-track-links=\"\"><span class=\"highlight highlighted\">Veja nas imagens abaixo o decreto assinado nesta sexta-feira (1\u00ba) por Ed Thomas:<\/span><\/p>\n<\/div>\n<div class=\"row medium-uncollapsed content-media content-photo\" style=\"text-align: justify;\" data-block-type=\"backstage-photo\" data-block-id=\"28\">\n<div class=\"mc-column content-media__container\">\n<figure><img decoding=\"async\" class=\"i-amphtml-fill-content i-amphtml-replaced-content\" src=\"https:\/\/s2.glbimg.com\/Tnx_62dfRF2Xsmj_02_p-v42Omk=\/0x0:960x1280\/984x0\/smart\/filters:strip_icc()\/i.s3.glbimg.com\/v1\/AUTH_59edd422c0c84a879bd37670ae4f538a\/internal_photos\/bs\/2021\/S\/Y\/ZZeiQRSN6qcKeYi0iJeg\/decreto-1.jpg\" sizes=\"(max-width: 1366px) 648px, 100vw\" srcset=\"https:\/\/s2.glbimg.com\/myNEZshK7mJiztleGUd_aJvr0ko=\/0x0:960x1280\/1000x0\/smart\/filters:strip_icc()\/i.s3.glbimg.com\/v1\/AUTH_59edd422c0c84a879bd37670ae4f538a\/internal_photos\/bs\/2021\/S\/Y\/ZZeiQRSN6qcKeYi0iJeg\/decreto-1.jpg 1000w, https:\/\/s2.glbimg.com\/Tnx_62dfRF2Xsmj_02_p-v42Omk=\/0x0:960x1280\/984x0\/smart\/filters:strip_icc()\/i.s3.glbimg.com\/v1\/AUTH_59edd422c0c84a879bd37670ae4f538a\/internal_photos\/bs\/2021\/S\/Y\/ZZeiQRSN6qcKeYi0iJeg\/decreto-1.jpg 984w, https:\/\/s2.glbimg.com\/dS0RLopTvvDrVKUXfHWmf7oMY5Q=\/0x0:960x1280\/640x0\/smart\/filters:strip_icc()\/i.s3.glbimg.com\/v1\/AUTH_59edd422c0c84a879bd37670ae4f538a\/internal_photos\/bs\/2021\/S\/Y\/ZZeiQRSN6qcKeYi0iJeg\/decreto-1.jpg 640w, https:\/\/s2.glbimg.com\/Elbz_Cbk1H0uIXjc3hePWwIMrcE=\/0x0:960x1280\/600x0\/smart\/filters:strip_icc()\/i.s3.glbimg.com\/v1\/AUTH_59edd422c0c84a879bd37670ae4f538a\/internal_photos\/bs\/2021\/S\/Y\/ZZeiQRSN6qcKeYi0iJeg\/decreto-1.jpg 600w\" alt=\"O novo prefeito Ed Thomas (PSB) revogou nesta sexta-feira (1\u00ba) o decreto que restringia o funcionamento de atividades econ\u00f4micas em Presidente Prudente \u2014 Foto: Reprodu\u00e7\u00e3o\" \/><\/figure>\n<p class=\"content-media__description \">O novo prefeito Ed Thomas (PSB) revogou nesta sexta-feira (1\u00ba) o decreto que restringia o funcionamento de atividades econ\u00f4micas em Presidente Prudente \u2014 Foto: Reprodu\u00e7\u00e3o<\/p>\n<\/div>\n<\/div>\n<div class=\"row medium-uncollapsed content-media content-photo\" style=\"text-align: justify;\" data-block-type=\"backstage-photo\" data-block-id=\"29\">\n<div class=\"mc-column content-media__container\">\n<figure><img decoding=\"async\" class=\"i-amphtml-fill-content i-amphtml-replaced-content\" src=\"https:\/\/s2.glbimg.com\/mhV0BV9VKySlZQFiZt5BA8-huWs=\/0x0:960x1280\/984x0\/smart\/filters:strip_icc()\/i.s3.glbimg.com\/v1\/AUTH_59edd422c0c84a879bd37670ae4f538a\/internal_photos\/bs\/2021\/U\/C\/jOvGp9QgG99CJLiudJHA\/decreto-2.jpg\" sizes=\"(max-width: 1366px) 648px, 100vw\" srcset=\"https:\/\/s2.glbimg.com\/y3OC0UI8h9YlKSPrZyp2647UgSg=\/0x0:960x1280\/1000x0\/smart\/filters:strip_icc()\/i.s3.glbimg.com\/v1\/AUTH_59edd422c0c84a879bd37670ae4f538a\/internal_photos\/bs\/2021\/U\/C\/jOvGp9QgG99CJLiudJHA\/decreto-2.jpg 1000w, https:\/\/s2.glbimg.com\/mhV0BV9VKySlZQFiZt5BA8-huWs=\/0x0:960x1280\/984x0\/smart\/filters:strip_icc()\/i.s3.glbimg.com\/v1\/AUTH_59edd422c0c84a879bd37670ae4f538a\/internal_photos\/bs\/2021\/U\/C\/jOvGp9QgG99CJLiudJHA\/decreto-2.jpg 984w, https:\/\/s2.glbimg.com\/-H6xGb1KKJbyjy_uDeQ78PMqWa8=\/0x0:960x1280\/640x0\/smart\/filters:strip_icc()\/i.s3.glbimg.com\/v1\/AUTH_59edd422c0c84a879bd37670ae4f538a\/internal_photos\/bs\/2021\/U\/C\/jOvGp9QgG99CJLiudJHA\/decreto-2.jpg 640w, https:\/\/s2.glbimg.com\/m1Gl3jskfjMRPGhR7KfKOmte1y0=\/0x0:960x1280\/600x0\/smart\/filters:strip_icc()\/i.s3.glbimg.com\/v1\/AUTH_59edd422c0c84a879bd37670ae4f538a\/internal_photos\/bs\/2021\/U\/C\/jOvGp9QgG99CJLiudJHA\/decreto-2.jpg 600w\" alt=\"O novo prefeito Ed Thomas (PSB) revogou nesta sexta-feira (1\u00ba) o decreto que restringia o funcionamento de atividades econ\u00f4micas em Presidente Prudente \u2014 Foto: Reprodu\u00e7\u00e3o\" \/><\/figure>\n<p class=\"content-media__description \">O novo prefeito Ed Thomas (PSB) revogou nesta sexta-feira (1\u00ba) o decreto que restringia o funcionamento de atividades econ\u00f4micas em Presidente Prudente \u2014 Foto: Reprodu\u00e7\u00e3o<\/p>\n<\/div>\n<\/div>\n<div class=\"content-ads content-ads--reveal\" style=\"text-align: justify;\" data-block-type=\"ads\" data-block-id=\"30\">\n<div id=\"banner_materia__d16a70c2-8d7d-463e-a255-faeafabd90be\" class=\"tag-manager-publicidade-container mc-has-reveal mc-has-ad-lazyload\" data-id=\"banner_materia__d16a70c2-8d7d-463e-a255-faeafabd90be\"><\/div>\n<\/div>\n<div class=\"row medium-uncollapsed content-media content-photo\" data-block-type=\"backstage-photo\" data-block-id=\"31\">\n<div class=\"mc-column content-media__container\">\n<figure style=\"text-align: justify;\"><img decoding=\"async\" class=\"i-amphtml-fill-content i-amphtml-replaced-content\" src=\"https:\/\/s2.glbimg.com\/VUj6mbsLmHIL6Ym0WjfYZbR7wps=\/0x0:960x1280\/984x0\/smart\/filters:strip_icc()\/i.s3.glbimg.com\/v1\/AUTH_59edd422c0c84a879bd37670ae4f538a\/internal_photos\/bs\/2021\/m\/S\/vVhsKTTxurwIiu3TvLXQ\/decreto-3.jpg\" sizes=\"(max-width: 1366px) 648px, 100vw\" srcset=\"https:\/\/s2.glbimg.com\/pPQSEjy2nFa9yijrZqUcj4Zm1w4=\/0x0:960x1280\/1000x0\/smart\/filters:strip_icc()\/i.s3.glbimg.com\/v1\/AUTH_59edd422c0c84a879bd37670ae4f538a\/internal_photos\/bs\/2021\/m\/S\/vVhsKTTxurwIiu3TvLXQ\/decreto-3.jpg 1000w, https:\/\/s2.glbimg.com\/VUj6mbsLmHIL6Ym0WjfYZbR7wps=\/0x0:960x1280\/984x0\/smart\/filters:strip_icc()\/i.s3.glbimg.com\/v1\/AUTH_59edd422c0c84a879bd37670ae4f538a\/internal_photos\/bs\/2021\/m\/S\/vVhsKTTxurwIiu3TvLXQ\/decreto-3.jpg 984w, https:\/\/s2.glbimg.com\/h5lISZr5B-TcnpzbdnTLnKHVVVo=\/0x0:960x1280\/640x0\/smart\/filters:strip_icc()\/i.s3.glbimg.com\/v1\/AUTH_59edd422c0c84a879bd37670ae4f538a\/internal_photos\/bs\/2021\/m\/S\/vVhsKTTxurwIiu3TvLXQ\/decreto-3.jpg 640w, https:\/\/s2.glbimg.com\/f7D5dViwX4PmEs5FvjwBI9GGcbM=\/0x0:960x1280\/600x0\/smart\/filters:strip_icc()\/i.s3.glbimg.com\/v1\/AUTH_59edd422c0c84a879bd37670ae4f538a\/internal_photos\/bs\/2021\/m\/S\/vVhsKTTxurwIiu3TvLXQ\/decreto-3.jpg 600w\" alt=\"O novo prefeito Ed Thomas (PSB) revogou nesta sexta-feira (1\u00ba) o decreto que restringia o funcionamento de atividades econ\u00f4micas em Presidente Prudente \u2014 Foto: Reprodu\u00e7\u00e3o\" \/><\/figure>\n<p class=\"content-media__description \" style=\"text-align: justify;\">O novo prefeito Ed Thomas (PSB) revogou nesta sexta-feira (1\u00ba) o decreto que restringia o funcionamento de atividades econ\u00f4micas em Presidente Prudente \u2014 Foto: Reprodu\u00e7\u00e3o<\/p>\n<p style=\"text-align: justify;\">Fonte:https:\/\/g1.globo.com\/sp\/presidente-prudente-regiao\/noticia\/2021\/01\/01\/ed-thomas-libera-funcionamento-do-comercio-apesar-de-presidente-prudente-ainda-continuar-na-fase-vermelha.ghtml<\/p>\n<\/div>\n<\/div>\n<\/div>\n<\/div>\n","protected":false},"excerpt":{"rendered":"<p>O novo prefeito de\u00a0Presidente Prudente, Ed Thomas (PSB), liberou o funcionamento do com\u00e9rcio na cidade a partir da pr\u00f3xima segunda-feira (4), apesar de o munic\u00edpio ainda permanecer na fase vermelha do Plano S\u00e3o Paulo, o programa do governo do Estado que disciplina as atividades econ\u00f4micas no territ\u00f3rio paulista (veja nas imagens ao fim desta reportagem [&hellip;]<\/p>\n","protected":false},"author":1,"featured_media":41024,"comment_status":"closed","ping_status":"open","sticky":false,"template":"","format":"standard","meta":{"footnotes":""},"categories":[114,110],"tags":[],"class_list":["post-41023","post","type-post","status-publish","format-standard","has-post-thumbnail","hentry","category-geralecomercio","category-noticiasdestaque"],"_links":{"self":[{"href":"https:\/\/jorgezanoni.com.br\/2019\/wp-json\/wp\/v2\/posts\/41023","targetHints":{"allow":["GET"]}}],"collection":[{"href":"https:\/\/jorgezanoni.com.br\/2019\/wp-json\/wp\/v2\/posts"}],"about":[{"href":"https:\/\/jorgezanoni.com.br\/2019\/wp-json\/wp\/v2\/types\/post"}],"author":[{"embeddable":true,"href":"https:\/\/jorgezanoni.com.br\/2019\/wp-json\/wp\/v2\/users\/1"}],"replies":[{"embeddable":true,"href":"https:\/\/jorgezanoni.com.br\/2019\/wp-json\/wp\/v2\/comments?post=41023"}],"version-history":[{"count":0,"href":"https:\/\/jorgezanoni.com.br\/2019\/wp-json\/wp\/v2\/posts\/41023\/revisions"}],"wp:featuredmedia":[{"embeddable":true,"href":"https:\/\/jorgezanoni.com.br\/2019\/wp-json\/wp\/v2\/media\/41024"}],"wp:attachment":[{"href":"https:\/\/jorgezanoni.com.br\/2019\/wp-json\/wp\/v2\/media?parent=41023"}],"wp:term":[{"taxonomy":"category","embeddable":true,"href":"https:\/\/jorgezanoni.com.br\/2019\/wp-json\/wp\/v2\/categories?post=41023"},{"taxonomy":"post_tag","embeddable":true,"href":"https:\/\/jorgezanoni.com.br\/2019\/wp-json\/wp\/v2\/tags?post=41023"}],"curies":[{"name":"wp","href":"https:\/\/api.w.org\/{rel}","templated":true}]}}