{"id":40984,"date":"2021-01-01T01:34:19","date_gmt":"2021-01-01T01:34:19","guid":{"rendered":"https:\/\/jorgezanoni.com.br\/2019\/?p=40984"},"modified":"2021-01-01T01:54:52","modified_gmt":"2021-01-01T01:54:52","slug":"morre-clarice-capobianco-menani","status":"publish","type":"post","link":"https:\/\/jorgezanoni.com.br\/2019\/morre-clarice-capobianco-menani\/","title":{"rendered":"Morre Clarice Capobianco Menani"},"content":{"rendered":"<p style=\"text-align: justify;\">Comunicamos com pesar o falecimento \u00e0s 21:30 Horas, da senhora Clarice Capobianco Menani aos 74 anos, em Dracena.<\/p>\n<p style=\"text-align: justify;\">Era vi\u00fava de Felisberto Primo Menani e deixa os filhos Itamar, Ismar e Valmir, noras, netos e bisnetos.<\/p>\n<p style=\"text-align: justify;\">O Site Jorge Zanoni se solidariza com a fam\u00edlia Menani\/Capobianco, neste dif\u00edcil momento.<\/p>\n<p style=\"text-align: justify;\">Clarice era tia deste rep\u00f3rter, irm\u00e3 de minha saudosa m\u00e3e Lucia Capobianco Zanoni.<\/p>\n<p style=\"text-align: justify;\">O Vel\u00f3rio acontece no Memorial Vida Prev a partir das 07:00 Horas da manh\u00e3 do dia 1\u00ba e o Sepultamento ser\u00e1 \u00e0s 13:00 Horas no Cemit\u00e9rio Municipal de Dracena.<\/p>\n<p>Jorge Zanoni<\/p>\n<p style=\"text-align: justify;\">\n","protected":false},"excerpt":{"rendered":"<p>Comunicamos com pesar o falecimento \u00e0s 21:30 Horas, da senhora Clarice Capobianco Menani aos 74 anos, em Dracena. Era vi\u00fava de Felisberto Primo Menani e deixa os filhos Itamar, Ismar e Valmir, noras, netos e bisnetos. O Site Jorge Zanoni se solidariza com a fam\u00edlia Menani\/Capobianco, neste dif\u00edcil momento. Clarice era tia deste rep\u00f3rter, irm\u00e3 [&hellip;]<\/p>\n","protected":false},"author":1,"featured_media":40990,"comment_status":"closed","ping_status":"open","sticky":false,"template":"","format":"standard","meta":{"footnotes":""},"categories":[178,110],"tags":[],"class_list":["post-40984","post","type-post","status-publish","format-standard","has-post-thumbnail","hentry","category-notadefalecimento","category-noticiasdestaque"],"_links":{"self":[{"href":"https:\/\/jorgezanoni.com.br\/2019\/wp-json\/wp\/v2\/posts\/40984","targetHints":{"allow":["GET"]}}],"collection":[{"href":"https:\/\/jorgezanoni.com.br\/2019\/wp-json\/wp\/v2\/posts"}],"about":[{"href":"https:\/\/jorgezanoni.com.br\/2019\/wp-json\/wp\/v2\/types\/post"}],"author":[{"embeddable":true,"href":"https:\/\/jorgezanoni.com.br\/2019\/wp-json\/wp\/v2\/users\/1"}],"replies":[{"embeddable":true,"href":"https:\/\/jorgezanoni.com.br\/2019\/wp-json\/wp\/v2\/comments?post=40984"}],"version-history":[{"count":0,"href":"https:\/\/jorgezanoni.com.br\/2019\/wp-json\/wp\/v2\/posts\/40984\/revisions"}],"wp:featuredmedia":[{"embeddable":true,"href":"https:\/\/jorgezanoni.com.br\/2019\/wp-json\/wp\/v2\/media\/40990"}],"wp:attachment":[{"href":"https:\/\/jorgezanoni.com.br\/2019\/wp-json\/wp\/v2\/media?parent=40984"}],"wp:term":[{"taxonomy":"category","embeddable":true,"href":"https:\/\/jorgezanoni.com.br\/2019\/wp-json\/wp\/v2\/categories?post=40984"},{"taxonomy":"post_tag","embeddable":true,"href":"https:\/\/jorgezanoni.com.br\/2019\/wp-json\/wp\/v2\/tags?post=40984"}],"curies":[{"name":"wp","href":"https:\/\/api.w.org\/{rel}","templated":true}]}}