{"id":40977,"date":"2020-12-31T23:58:02","date_gmt":"2020-12-31T23:58:02","guid":{"rendered":"https:\/\/jorgezanoni.com.br\/2019\/?p=40977"},"modified":"2020-12-31T23:58:02","modified_gmt":"2020-12-31T23:58:02","slug":"pode-chorar-que-faz-bem-fraco-e-quem-nao-sente-nada","status":"publish","type":"post","link":"https:\/\/jorgezanoni.com.br\/2019\/pode-chorar-que-faz-bem-fraco-e-quem-nao-sente-nada\/","title":{"rendered":"Pode chorar que faz bem: fraco \u00e9 quem n\u00e3o sente nada"},"content":{"rendered":"<p style=\"text-align: justify;\"><strong>Pode chorar que faz bem: fraco \u00e9 quem n\u00e3o sente nada<\/strong><\/p>\n<p style=\"text-align: justify;\"><strong><em>Quem chora reconhece que \u00e9 humano, que sentir n\u00e3o \u00e9 feio, que colocar pra fora \u00e9 curativo. N\u00e3o h\u00e1 vergonha<\/em><em>\u00a0<\/em><\/strong><\/p>\n<p style=\"text-align: justify;\">Perdi a conta de vezes que vi pessoas chorando nos \u00faltimos meses. Ao vivo, no trabalho, \u00e0s vezes quando estou andando na rua, quando paro para conversar e saber o que aconteceu, e se posso ajudar, as pessoas esbo\u00e7am algumas frases, citam o pai ou os filhos, e come\u00e7am a chorar. Sempre pedem desculpas, como se fosse algo errado se emocionar. Parece vergonha ter tanto cora\u00e7\u00e3o. Parece que a gente treinou tanto pra ser m\u00e1quina, acordar cedo, bater ponto, pagar conta, tr\u00e2nsito, cobran\u00e7a. Ser duro \u00e9 ser forte. Ser sens\u00edvel \u00e9 ser fraco. Eu acho completamente o contr\u00e1rio.<\/p>\n<p style=\"text-align: justify;\">J\u00e1 aconteceu muitas vezes. Na sa\u00edda de um shopping, uma colega me abra\u00e7ou e come\u00e7ou a solu\u00e7ar. Me abra\u00e7ou e deixou meu ombro todo molhado. Outro dia, em um restaurante, um pai tentava falar, mas engasgava e n\u00e3o conseguia dizer nada. Apenas come\u00e7ava as frases normalmente, mas terminava desafinando, n\u00e3o conseguia completar a hist\u00f3ria que queria me contar; acabou me mandando por email. Uma menina que trabalhou comigo tamb\u00e9m tinha esse problema; m\u00e3e solo, n\u00e3o podia come\u00e7ar a falar do filho que caia em l\u00e1grimas ali mesmo durante a conversa. S\u00f3 conseguia dizer: \u201cdesculpa, desculpa\u201d. Desculpa por qu\u00ea?<\/p>\n<p style=\"text-align: justify;\">Faz bem chorar. Pra isso que serve aqueles lencinhos umidos. \u00c9 o ped\u00e1gio do corpo, quando a emo\u00e7\u00e3o quer sair. Por vezes, s\u00e3o coisas que a gente tem guardado, que n\u00e3o consegue falar e s\u00f3 sai com solu\u00e7o e l\u00e1grima e ranho. Por vezes, \u00e9 melhor assim. Quem chora reconhece que \u00e9 humano, que sentir n\u00e3o \u00e9 feio, que colocar pra fora \u00e9 curativo. N\u00e3o h\u00e1 vergonha. Ent\u00e3o, quando algu\u00e9m me fala: \u201cChoro muito assistindo filmes\u201d, eu digo: \u201cObrigado! Eu choro muito tamb\u00e9m\u201d. Pois virei um chor\u00e3o depois que meus filhos nasceram.<\/p>\n<p style=\"text-align: justify;\">Choro quando vejo fotos antigas. Choro quando minha filha dorme no meu colo. Choro com filmes sobre mulheres fortes. Minha filha est\u00e1 crescendo, ent\u00e3o eu vejo as not\u00edcias de mulher sendo agredida e me d\u00e1 um pavor terr\u00edvel. Fico com medo de como o mundo vai tratar essa princesinha fr\u00e1gil, a coisa que mais amo na minha vida. A\u00ed ent\u00e3o, se vejo um filme bonito, um discurso emocionante falando sobre direito das mulheres, sobre a luta delas, sobre dar oportunidade para meninas, respeitar garotas e deix\u00e1-las ser quem puderem, choro mesmo de emo\u00e7\u00e3o. Choro de n\u00e3o conseguir falar. Choro de esconder o rosto com as duas m\u00e3os. Choro de imaginar mesmo que essa menina chegue longe, apesar do mundo estar indo pra n\u00e3o sei onde.<\/p>\n<p style=\"text-align: justify;\">Pode chorar que faz bem. Fraco mesmo \u00e9 quem n\u00e3o sente nada. Quem sente p\u00f5e pra fora, e ter\u00e1 aqui sempre um ombro amigo.<\/p>\n<p style=\"text-align: justify;\">Paulo Bessert &#8211; Jornalista<\/p>\n","protected":false},"excerpt":{"rendered":"<p>Pode chorar que faz bem: fraco \u00e9 quem n\u00e3o sente nada Quem chora reconhece que \u00e9 humano, que sentir n\u00e3o \u00e9 feio, que colocar pra fora \u00e9 curativo. N\u00e3o h\u00e1 vergonha\u00a0 Perdi a conta de vezes que vi pessoas chorando nos \u00faltimos meses. Ao vivo, no trabalho, \u00e0s vezes quando estou andando na rua, quando [&hellip;]<\/p>\n","protected":false},"author":1,"featured_media":40978,"comment_status":"closed","ping_status":"open","sticky":false,"template":"","format":"standard","meta":{"footnotes":""},"categories":[175],"tags":[],"class_list":["post-40977","post","type-post","status-publish","format-standard","has-post-thumbnail","hentry","category-artigos"],"_links":{"self":[{"href":"https:\/\/jorgezanoni.com.br\/2019\/wp-json\/wp\/v2\/posts\/40977","targetHints":{"allow":["GET"]}}],"collection":[{"href":"https:\/\/jorgezanoni.com.br\/2019\/wp-json\/wp\/v2\/posts"}],"about":[{"href":"https:\/\/jorgezanoni.com.br\/2019\/wp-json\/wp\/v2\/types\/post"}],"author":[{"embeddable":true,"href":"https:\/\/jorgezanoni.com.br\/2019\/wp-json\/wp\/v2\/users\/1"}],"replies":[{"embeddable":true,"href":"https:\/\/jorgezanoni.com.br\/2019\/wp-json\/wp\/v2\/comments?post=40977"}],"version-history":[{"count":0,"href":"https:\/\/jorgezanoni.com.br\/2019\/wp-json\/wp\/v2\/posts\/40977\/revisions"}],"wp:featuredmedia":[{"embeddable":true,"href":"https:\/\/jorgezanoni.com.br\/2019\/wp-json\/wp\/v2\/media\/40978"}],"wp:attachment":[{"href":"https:\/\/jorgezanoni.com.br\/2019\/wp-json\/wp\/v2\/media?parent=40977"}],"wp:term":[{"taxonomy":"category","embeddable":true,"href":"https:\/\/jorgezanoni.com.br\/2019\/wp-json\/wp\/v2\/categories?post=40977"},{"taxonomy":"post_tag","embeddable":true,"href":"https:\/\/jorgezanoni.com.br\/2019\/wp-json\/wp\/v2\/tags?post=40977"}],"curies":[{"name":"wp","href":"https:\/\/api.w.org\/{rel}","templated":true}]}}