{"id":40968,"date":"2020-12-31T17:28:42","date_gmt":"2020-12-31T17:28:42","guid":{"rendered":"https:\/\/jorgezanoni.com.br\/2019\/?p=40968"},"modified":"2020-12-31T17:28:42","modified_gmt":"2020-12-31T17:28:42","slug":"acidente-com-caminhonete-placas-de-dracena-que-invadiu-pastelaria-e-causou-uma-morte-e-deixou-feridos-em-santa-barbara-doeste","status":"publish","type":"post","link":"https:\/\/jorgezanoni.com.br\/2019\/acidente-com-caminhonete-placas-de-dracena-que-invadiu-pastelaria-e-causou-uma-morte-e-deixou-feridos-em-santa-barbara-doeste\/","title":{"rendered":"Acidente com caminhonete placas de Dracena que invadiu pastelaria e causou uma morte e deixou feridos em Santa B\u00e1rbara D&#8217;Oeste"},"content":{"rendered":"<div class=\"title\">\n<h1 class=\"content-head__title\" style=\"text-align: justify;\"><strong>V\u00eddeo mostra momento em que ve\u00edculo invadiu pastelaria em acidente que causou uma morte e deixou feridos no interior de SP.<\/strong><\/h1>\n<\/div>\n<div class=\"medium-centered subtitle\">\n<h2 class=\"content-head__subtitle\" style=\"text-align: justify;\"><strong>Pelas imagens \u00e9 poss\u00edvel perceber que as pessoas que estavam na lanchonete tentaram se levantar para sair quando perceberam o ve\u00edculo se aproximando, mas n\u00e3o conseguiram. Pastor evang\u00e9lico de 28 anos n\u00e3o resistiu aos ferimentos. Entre os feridos h\u00e1 uma crian\u00e7a de 7<\/strong> <strong>anos.<\/strong><\/h2>\n<div class=\"mc-column content-text active-extra-styles \" style=\"text-align: justify;\" data-block-type=\"unstyled\" data-block-weight=\"40\" data-block-id=\"2\">\n<p class=\"content-text__container \" data-track-category=\"Link no Texto\" data-track-links=\"\">C\u00e2meras de seguran\u00e7a filmaram o momento que\u00a0<a href=\"https:\/\/g1.globo.com\/sp\/piracicaba-regiao\/noticia\/2020\/12\/30\/acidente-deixa-cinco-pessoas-em-estado-grave-em-santa-barbara-doeste.ghtml\">uma caminhonete atinge uma lanchonete em Santa B\u00e1rbara d&#8217;Oeste (SP)<\/a>. O acidente aconteceu na tarde desta quarta-feira (30) e deixou um morto e ao menos oito feridos, incluindo um garoto de 7 anos.<\/p>\n<\/div>\n<div class=\"wall protected-content\">\n<div class=\"mc-column content-text active-extra-styles \" style=\"text-align: justify;\" data-block-type=\"unstyled\" data-block-weight=\"26\" data-block-id=\"3\">\n<p class=\"content-text__container \" data-track-category=\"Link no Texto\" data-track-links=\"\">Antes de atingir a lanchonete o ve\u00edculo bateu em um carro e uma motocicleta. A condutora da moto sofreu fraturas na perna e no p\u00e9.<\/p>\n<\/div>\n<div class=\"mc-column content-text active-extra-styles \" style=\"text-align: justify;\" data-block-type=\"unstyled\" data-block-weight=\"26\" data-block-id=\"4\">\n<p class=\"content-text__container \" data-track-category=\"Link no Texto\" data-track-links=\"\">Jhonnathan Richer Guimar\u00e3es, de 28 anos, estava na lanchonete no momento do acidente, teve ferimentos na cabe\u00e7a e morreu. Ele era pastor de uma igreja evang\u00e9lica.<\/p>\n<\/div>\n<div class=\"mc-column content-text active-extra-styles \" style=\"text-align: justify;\" data-block-type=\"unstyled\" data-block-weight=\"28\" data-block-id=\"5\">\n<p class=\"content-text__container \" data-track-category=\"Link no Texto\" data-track-links=\"\">O vel\u00f3rio ocorre em uma igreja evang\u00e9lica de Americana (SP) e o enterro est\u00e1 marcado para o Cemit\u00e9rio da Saudade, tamb\u00e9m em Americana, \u00e0s 15h30 desta quinta-feira (31).<\/p>\n<\/div>\n<div class=\"row medium-uncollapsed content-media content-gifv\" style=\"text-align: justify;\" data-block-type=\"backstage-gif\" data-block-id=\"6\">\n<div class=\"mc-column content-media__container\">\n<p class=\"content-media__description \">Acidente deixou um morto e ao menos oito feridos em Santa B\u00e1rbara d&#8217;Oeste \u2014 Foto: Reprodu\u00e7\u00e3o<\/p>\n<\/div>\n<\/div>\n<div class=\"content-ads content-ads--reveal\" style=\"text-align: justify;\" data-block-type=\"ads\" data-block-id=\"7\">\n<div id=\"banner_materia2\" class=\"tag-manager-publicidade-container mc-has-reveal mc-has-ad-lazyload\" data-id=\"banner_materia2\"><\/div>\n<\/div>\n<div class=\"mc-column content-text active-extra-styles \" style=\"text-align: justify;\" data-block-type=\"unstyled\" data-block-weight=\"37\" data-block-id=\"8\">\n<p class=\"content-text__container \" data-track-category=\"Link no Texto\" data-track-links=\"\">Pelas imagens \u00e9 poss\u00edvel perceber que as pessoas que estavam na lanchonete tentaram se levantar para sair quando perceberam o ve\u00edculo se aproximando, mas n\u00e3o tiveram tempo suficiente para isso. A caminhonete atingiu ao menos duas mesas.<\/p>\n<\/div>\n<div class=\"mc-column content-text active-extra-styles\" style=\"text-align: justify;\" data-block-type=\"raw\" data-block-weight=\"41\" data-block-id=\"9\">\n<blockquote class=\"content-blockquote theme-border-color-primary-before\"><p>&#8220;J\u00e1 veio batendo l\u00e1 de cima. L\u00e1 ele fez duas v\u00edtimas e depois veio batendo e passou por cima da minha pastelaria e acabou batendo aqui no poste. Foi muito grande mesmo [o susto]&#8221;, relatou o propriet\u00e1rio do estabelecimento, Jadir Dur\u00e3es.<\/p><\/blockquote>\n<\/div>\n<div class=\"mc-column content-text active-extra-styles \" style=\"text-align: justify;\" data-block-type=\"unstyled\" data-block-weight=\"14\" data-block-id=\"10\">\n<p class=\"content-text__container \" data-track-category=\"Link no Texto\" data-track-links=\"\">Na lanchonete, houve destrui\u00e7\u00e3o de mesas, cadeiras e da estrutura que cobre o local.<\/p>\n<\/div>\n<div class=\"row medium-uncollapsed content-media content-photo\" style=\"text-align: justify;\" data-block-type=\"backstage-photo\" data-block-id=\"11\">\n<div class=\"column medium-22 large-20 medium-centered content-media__container\">\n<figure><img decoding=\"async\" class=\"i-amphtml-fill-content i-amphtml-replaced-content\" src=\"https:\/\/s2.glbimg.com\/VgEK4NbyJivGBEetYYTB83hQ_pg=\/0x0:1280x720\/1008x0\/smart\/filters:strip_icc()\/i.s3.glbimg.com\/v1\/AUTH_59edd422c0c84a879bd37670ae4f538a\/internal_photos\/bs\/2020\/R\/o\/b32fRRRPWNQA67zCBnqA\/acidente-sb-1.jpg\" srcset=\"\" alt=\"Caminhonete bateu em poste ap\u00f3s colis\u00f5es e invas\u00e3o a pastelaria, em Santa B\u00e1rbara d'Oeste \u2014 Foto: Jefferson Souza\/ EPTV\" \/><\/figure>\n<p class=\"content-media__description \">Caminhonete bateu em poste ap\u00f3s colis\u00f5es e invas\u00e3o a pastelaria, em Santa B\u00e1rbara d&#8217;Oeste \u2014 Foto: Jefferson Souza\/ EPTV<\/p>\n<\/div>\n<\/div>\n<div class=\"mc-column content-text active-extra-styles \" style=\"text-align: justify;\" data-block-type=\"unstyled\" data-block-weight=\"12\" data-block-id=\"12\">\n<p class=\"content-text__container \" data-track-category=\"Link no Texto\" data-track-links=\"\">O motorista foi socorrido no local por um funcion\u00e1rio da lanchonete.<\/p>\n<\/div>\n<div class=\"mc-column content-text active-extra-styles\" style=\"text-align: justify;\" data-block-type=\"raw\" data-block-weight=\"18\" data-block-id=\"13\">\n<blockquote class=\"content-blockquote theme-border-color-primary-before\"><p>&#8220;Ele parecia estar embriagado. Muito ainda&#8221;, contou Yago Vin\u00edcius Dur\u00e3es. &#8220;Acabou o Ano Novo. Como que festeja?&#8221;, completou.<\/p><\/blockquote>\n<\/div>\n<div class=\"mc-column content-text active-extra-styles \" style=\"text-align: justify;\" data-block-type=\"unstyled\" data-block-weight=\"33\" data-block-id=\"14\">\n<p class=\"content-text__container \" data-track-category=\"Link no Texto\" data-track-links=\"\">De acordo com a Guarda Municipal, durante o atendimento m\u00e9dico o motorista da caminhonete, Wilson Braga de Souza, de 47 anos, admitiu que ingeriu bebida alco\u00f3lica e disse que teve um mau s\u00fabito.<\/p>\n<\/div>\n<div class=\"mc-column content-text active-extra-styles \" style=\"text-align: justify;\" data-block-type=\"unstyled\" data-block-weight=\"40\" data-block-id=\"15\">\n<p class=\"content-text__container \" data-track-category=\"Link no Texto\" data-track-links=\"\">&#8220;Ele passou por atendimento m\u00e9dico e l\u00e1 ele informou que havia ingerido bebida alco\u00f3lica. Aqui pelo plant\u00e3o ele forneceu material que vai ser analisado e se for constatado ele vai responder por essa infra\u00e7\u00e3o&#8221;, informou a guarda municipal Juliana Rodrigues.<\/p>\n<\/div>\n<div class=\"mc-column content-text active-extra-styles \" style=\"text-align: justify;\" data-block-type=\"unstyled\" data-block-weight=\"31\" data-block-id=\"16\">\n<p class=\"content-text__container \" data-track-category=\"Link no Texto\" data-track-links=\"\">Foi coletada amostra de sangue, mas o laudo com o resultado n\u00e3o foi divulgado. Ele foi ouvido na delegacia e liberado. Na sa\u00edda, ele n\u00e3o quis dar entrevista para a imprensa.<\/p>\n<\/div>\n<div class=\"content-ads content-ads--reveal\" style=\"text-align: justify;\" data-block-type=\"ads\" data-block-id=\"17\">\n<div id=\"banner_materia__19f812f1-8117-4778-a2b1-635a99a4017b\" class=\"tag-manager-publicidade-container mc-has-reveal mc-has-ad-lazyload\" data-id=\"banner_materia__19f812f1-8117-4778-a2b1-635a99a4017b\"><\/div>\n<\/div>\n<div class=\"row medium-uncollapsed content-media content-photo\" style=\"text-align: justify;\" data-block-type=\"backstage-photo\" data-block-id=\"18\">\n<div class=\"column medium-22 large-20 medium-centered content-media__container\">\n<figure><img decoding=\"async\" class=\"i-amphtml-fill-content i-amphtml-replaced-content\" src=\"https:\/\/s2.glbimg.com\/oEd1xFEdp15xxx1VIYX3gnx9l5s=\/0x0:1280x720\/1008x0\/smart\/filters:strip_icc()\/i.s3.glbimg.com\/v1\/AUTH_59edd422c0c84a879bd37670ae4f538a\/internal_photos\/bs\/2020\/B\/P\/nKs7RuSZ6QwnJAWBGI8w\/acidente-sb-2.jpg\" srcset=\"\" alt=\"Destrui\u00e7\u00e3o em lanchonete ap\u00f3s invas\u00e3o de caminhonete, em Santa B\u00e1rbara d'Oeste \u2014 Foto: Jefferson Souza\/ EPTV\" \/><\/figure>\n<p class=\"content-media__description \">Destrui\u00e7\u00e3o em lanchonete ap\u00f3s invas\u00e3o de caminhonete, em Santa B\u00e1rbara d&#8217;Oeste \u2014 Foto: Jefferson Souza\/ EPTV<\/p>\n<\/div>\n<\/div>\n<div class=\"mc-column content-text active-extra-styles \" style=\"text-align: justify;\" data-block-type=\"unstyled\" data-block-weight=\"21\" data-block-id=\"19\">\n<p class=\"content-text__container \" data-track-category=\"Link no Texto\" data-track-links=\"\">A maioria das v\u00edtimas teve ferimentos leves e recebeu alta ap\u00f3s ficarem em observa\u00e7\u00e3o, inclusive a crian\u00e7a de 7 anos.<\/p>\n<\/div>\n<div class=\"mc-column content-text active-extra-styles \" data-block-type=\"unstyled\" data-block-weight=\"37\" data-block-id=\"20\">\n<p class=\"content-text__container \" style=\"text-align: justify;\" data-track-category=\"Link no Texto\" data-track-links=\"\">Mas uma mulher de 39 anos, que estava na motocicleta envolvida na batida que ocorreu antes do ve\u00edculo atingir a lanchonete, ficou internada com fratura na perna e no p\u00e9 e recebeu alta apenas nesta sexta-feira.<\/p>\n<p class=\"content-text__container \" style=\"text-align: justify;\" data-track-category=\"Link no Texto\" data-track-links=\"\"><span style=\"font-style: italic; text-align: center;\">&#8220;O que eu lembro \u00e9 que o carro veio desgovernado para cima de outro carro, depois bateu em mim, a\u00ed na hora que eu ca\u00ed no ch\u00e3o, eu j\u00e1 ca\u00ed com muita dor e a\u00ed eu comecei a gritar, gritar, gritar e os meus gritos at\u00e9 alertaram o pessoal do quiosque da pastelaria&#8221;, relata Julia Francieli de Oliveira.\u00a0<\/span><\/p>\n<p data-track-category=\"Link no Texto\" data-track-links=\"\"><img loading=\"lazy\" decoding=\"async\" class=\"alignnone size-full wp-image-40973\" src=\"https:\/\/jorgezanoni.com.br\/2019\/wp-content\/uploads\/2020\/12\/lanche-1.jpg\" alt=\"\" width=\"1008\" height=\"567\" srcset=\"https:\/\/jorgezanoni.com.br\/2019\/wp-content\/uploads\/2020\/12\/lanche-1.jpg 1008w, https:\/\/jorgezanoni.com.br\/2019\/wp-content\/uploads\/2020\/12\/lanche-1-300x169.jpg 300w, https:\/\/jorgezanoni.com.br\/2019\/wp-content\/uploads\/2020\/12\/lanche-1-768x432.jpg 768w, https:\/\/jorgezanoni.com.br\/2019\/wp-content\/uploads\/2020\/12\/lanche-1-696x392.jpg 696w, https:\/\/jorgezanoni.com.br\/2019\/wp-content\/uploads\/2020\/12\/lanche-1-747x420.jpg 747w\" sizes=\"auto, (max-width: 1008px) 100vw, 1008px\" \/><\/p>\n<p class=\"content-text__container \" style=\"text-align: justify;\" data-track-category=\"Link no Texto\" data-track-links=\"\"><span style=\"font-style: italic; text-align: center;\">Fonte: <\/span><span style=\"font-style: italic; text-align: center;\">https:\/\/g1.globo.com\/sp\/piracicaba-regiao\/noticia\/2020\/12\/31\/video-mostra-momento-em-que-veiculo-atinge-pastelaria-em-acidente-com-um-morto-e-ao-menos-8-feridos-em-santa-barbara.ghtml<\/span><\/p>\n<\/div>\n<\/div>\n<\/div>\n","protected":false},"excerpt":{"rendered":"<p>V\u00eddeo mostra momento em que ve\u00edculo invadiu pastelaria em acidente que causou uma morte e deixou feridos no interior de SP. Pelas imagens \u00e9 poss\u00edvel perceber que as pessoas que estavam na lanchonete tentaram se levantar para sair quando perceberam o ve\u00edculo se aproximando, mas n\u00e3o conseguiram. Pastor evang\u00e9lico de 28 anos n\u00e3o resistiu aos [&hellip;]<\/p>\n","protected":false},"author":1,"featured_media":40972,"comment_status":"closed","ping_status":"open","sticky":false,"template":"","format":"standard","meta":{"footnotes":""},"categories":[170,110],"tags":[],"class_list":["post-40968","post","type-post","status-publish","format-standard","has-post-thumbnail","hentry","category-acidentes","category-noticiasdestaque"],"_links":{"self":[{"href":"https:\/\/jorgezanoni.com.br\/2019\/wp-json\/wp\/v2\/posts\/40968","targetHints":{"allow":["GET"]}}],"collection":[{"href":"https:\/\/jorgezanoni.com.br\/2019\/wp-json\/wp\/v2\/posts"}],"about":[{"href":"https:\/\/jorgezanoni.com.br\/2019\/wp-json\/wp\/v2\/types\/post"}],"author":[{"embeddable":true,"href":"https:\/\/jorgezanoni.com.br\/2019\/wp-json\/wp\/v2\/users\/1"}],"replies":[{"embeddable":true,"href":"https:\/\/jorgezanoni.com.br\/2019\/wp-json\/wp\/v2\/comments?post=40968"}],"version-history":[{"count":0,"href":"https:\/\/jorgezanoni.com.br\/2019\/wp-json\/wp\/v2\/posts\/40968\/revisions"}],"wp:featuredmedia":[{"embeddable":true,"href":"https:\/\/jorgezanoni.com.br\/2019\/wp-json\/wp\/v2\/media\/40972"}],"wp:attachment":[{"href":"https:\/\/jorgezanoni.com.br\/2019\/wp-json\/wp\/v2\/media?parent=40968"}],"wp:term":[{"taxonomy":"category","embeddable":true,"href":"https:\/\/jorgezanoni.com.br\/2019\/wp-json\/wp\/v2\/categories?post=40968"},{"taxonomy":"post_tag","embeddable":true,"href":"https:\/\/jorgezanoni.com.br\/2019\/wp-json\/wp\/v2\/tags?post=40968"}],"curies":[{"name":"wp","href":"https:\/\/api.w.org\/{rel}","templated":true}]}}